{"id":2874,"date":"2022-05-28T21:10:50","date_gmt":"2022-05-29T02:10:50","guid":{"rendered":"https:\/\/bomberos.puyo.gob.ec\/rescate-vida-silvestre-nuestra-unidad-especializada-en-rescate-de-vida-silv\/"},"modified":"2022-12-31T09:11:27","modified_gmt":"2022-12-31T14:11:27","slug":"rescate-vida-silvestre-nuestra-unidad-especializada-en-rescate-de-vida-silv","status":"publish","type":"post","link":"https:\/\/bomberos.puyo.gob.ec\/2019\/rescate-vida-silvestre-nuestra-unidad-especializada-en-rescate-de-vida-silv\/","title":{"rendered":"|RESCATE VIDA SILVESTRE|\n Nuestra unidad especializada en rescate de vida silv&#8230;"},"content":{"rendered":"<p>|RESCATE VIDA SILVESTRE|<br \/>\n \ud83d\ude92\ud83d\udc68\u200d\ud83d\ude92Nuestra unidad especializada en rescate de vida silvestres ayud\u00f3 a un amiguito que se encontrabja fuera de su h\u00e1bitat de nombre GU\u00c1CHARO, conocido tambi\u00e9n como ave de las cavernas &#8211; TAYO.<br \/>\n Se realiza la entrega al centro de rescate de vida SILVESTRE YANACOCHA<br \/>\n Ayudemos a conservar la vida SILVESTRE.<\/p>\n<p><a href=\"https:\/\/facebook.com\/story.php?story_fbid=pfbid033btkr25tzDSo81ZaLd1PRN2HFYuK3LJnbrwTPGS9ugjsscvo1EVucp3fbZHTBuV9l&amp;id=465093860312824&amp;eav=AfZjovU0q1zeciFpkhI3jB_eneasS-8Ue1cAoC3U6T7lg0OiqjhaScIi2efiQzf1HgU&amp;viewer=465093860312824&amp;m_entstream_source=timeline&amp;__tn__=%2As%2As-R&amp;paipv=1\" aria-label=\"Abrir historia\" class=\"_5msj\"><\/a><\/p>\n<p><a href=\"https:\/\/bomberos.puyo.gob.ec\/2019\/wp-content\/uploads\/RESCATE-VIDA-SILVESTRE-Nuestra-unidad-especializada-en-rescate-de-vida.jpg\"><img decoding=\"async\" class=\"wp_automatic_fb_img\" title=\"\" src=\"https:\/\/bomberos.puyo.gob.ec\/2019\/wp-content\/uploads\/RESCATE-VIDA-SILVESTRE-Nuestra-unidad-especializada-en-rescate-de-vida.jpg\" \/><\/a><br \/><a href=\"https:\/\/bomberos.puyo.gob.ec\/2019\/wp-content\/uploads\/1672495886_697_RESCATE-VIDA-SILVESTRE-Nuestra-unidad-especializada-en-rescate-de-vida.jpg\"><img decoding=\"async\" class=\"wp_automatic_fb_img\" title=\"\" src=\"https:\/\/bomberos.puyo.gob.ec\/2019\/wp-content\/uploads\/1672495886_697_RESCATE-VIDA-SILVESTRE-Nuestra-unidad-especializada-en-rescate-de-vida.jpg\" \/><\/a><br \/>\n<br \/><a href=\"https:\/\/www.facebook.com\/465093860312824\/posts\/2214572342031625\">en facebook&#8230; <\/a>  <\/p>\n","protected":false},"excerpt":{"rendered":"<p>|RESCATE VIDA SILVESTRE|<br \/>\n \ud83d\ude92\ud83d\udc68\u200d\ud83d\ude92Nuestra unidad especializada en rescate de vida silvestres ayud\u00f3 a un amiguito que se encontrabja fuera de su h\u00e1bitat de nombre GU\u00c1CHARO, conocido tambi\u00e9n como ave de las cavernas &#8211; TAYO.<br \/>\n Se realiza la entrega al centro de rescate de vida SILVESTRE YANACOCHA<br \/>\n Ayudemos a conservar la vida SILVESTRE.<\/p>\n<p><a href=\"https:\/\/facebook.com\/story.php?story_fbid=pfbid033btkr25tzDSo81ZaLd1PRN2HFYuK3LJnbrwTPGS9ugjsscvo1EVucp3fbZHTBuV9l&amp;id=465093860312824&amp;eav=AfZjovU0q1zeciFpkhI3jB_eneasS-8Ue1cAoC3U6T7lg0OiqjhaScIi2efiQzf1HgU&amp;viewer=465093860312824&amp;m_entstream_source=timeline&amp;__tn__=%2As%2As-R&amp;paipv=1\" aria-label=\"Abrir historia\" class=\"_5msj\"><\/a><\/p>\n<p><a href=\"https:\/\/scontent.fuio15-1.fna.fbcdn.net\/v\/t39.30808-6\/284953047_2214572285364964_8569707930147547585_n.jpg?_nc_cat=104&#038;ccb=1-7&#038;_nc_sid=8bfeb9&#038;_nc_eui2=AeHvm0QviwfGl7w2VJgDTkaJBir0RsCTIWwGKvRGwJMhbAq6gpvQe_ffBayPvP6SPXRCO0PIlZ1PVB0Ksyz9xw9e&#038;_nc_ohc=iR7MYxu_NawAX_qwB24&#038;_nc_oc=AQl05fl-EuNSCGJ5HrOJk6fcrq4CRempo3cOClsFYrVZGkILR9TZt2gGa8BbAK72ReQ&#038;_nc_ht=scontent.fuio15-1.fna&#038;oh=00_AfCsXWKqfcsw_IYO6kkHyjlPs5U6flNmud6c3UWfHEIK-g&#038;oe=63B6216A\"><img decoding=\"async\" class=\"wp_automatic_fb_img\" title=\"\" src=\"https:\/\/scontent.fuio15-1.fna.fbcdn.net\/v\/t39.30808-6\/284953047_2214572285364964_8569707930147547585_n.jpg?_nc_cat=104&#038;ccb=1-7&#038;_nc_sid=8bfeb9&#038;_nc_eui2=AeHvm0QviwfGl7w2VJgDTkaJBir0RsCTIWwGKvRGwJMhbAq6gpvQe_ffBayPvP6SPXRCO0PIlZ1PVB0Ksyz9xw9e&#038;_nc_ohc=iR7MYxu_NawAX_qwB24&#038;_nc_oc=AQl05fl-EuNSCGJ5HrOJk6fcrq4CRempo3cOClsFYrVZGkILR9TZt2gGa8BbAK72ReQ&#038;_nc_ht=scontent.fuio15-1.fna&#038;oh=00_AfCsXWKqfcsw_IYO6kkHyjlPs5U6flNmud6c3UWfHEIK-g&#038;oe=63B6216A\" \/><\/a><br \/><a href=\"https:\/\/scontent.fuio15-1.fna.fbcdn.net\/v\/t39.30808-6\/284853157_2214572288698297_9035189415511221465_n.jpg?_nc_cat=109&#038;ccb=1-7&#038;_nc_sid=8bfeb9&#038;_nc_eui2=AeFIv6a-DbWuDXfsYkesrt8KZ-8EJVHyH5ln7wQlUfIfmUDKqdYIz_kFFK92OuRE1yuUh-FvPsr-HL5JHJdtDWBM&#038;_nc_ohc=WdszGwjlnYUAX9AM-cF&#038;_nc_ht=scontent.fuio15-1.fna&#038;oh=00_AfBvu_8bEp4z3zcyvhflRyBoyjxcMLhqE16tKO82MgIXgw&#038;oe=63B5EB6C\"><img decoding=\"async\" class=\"wp_automatic_fb_img\" title=\"\" src=\"https:\/\/scontent.fuio15-1.fna.fbcdn.net\/v\/t39.30808-6\/284853157_2214572288698297_9035189415511221465_n.jpg?_nc_cat=109&#038;ccb=1-7&#038;_nc_sid=8bfeb9&#038;_nc_eui2=AeFIv6a-DbWuDXfsYkesrt8KZ-8EJVHyH5ln7wQlUfIfmUDKqdYIz_kFFK92OuRE1yuUh-FvPsr-HL5JHJdtDWBM&#038;_nc_ohc=WdszGwjlnYUAX9AM-cF&#038;_nc_ht=scontent.fuio15-1.fna&#038;oh=00_AfBvu_8bEp4z3zcyvhflRyBoyjxcMLhqE16tKO82MgIXgw&#038;oe=63B5EB6C\" \/><\/a><\/p>\n","protected":false},"author":1,"featured_media":2875,"comment_status":"open","ping_status":"open","sticky":false,"template":"","format":"standard","meta":[],"categories":[1],"tags":[892,236,183,1001,630,41,503],"_links":{"self":[{"href":"https:\/\/bomberos.puyo.gob.ec\/2019\/wp-json\/wp\/v2\/posts\/2874"}],"collection":[{"href":"https:\/\/bomberos.puyo.gob.ec\/2019\/wp-json\/wp\/v2\/posts"}],"about":[{"href":"https:\/\/bomberos.puyo.gob.ec\/2019\/wp-json\/wp\/v2\/types\/post"}],"author":[{"embeddable":true,"href":"https:\/\/bomberos.puyo.gob.ec\/2019\/wp-json\/wp\/v2\/users\/1"}],"replies":[{"embeddable":true,"href":"https:\/\/bomberos.puyo.gob.ec\/2019\/wp-json\/wp\/v2\/comments?post=2874"}],"version-history":[{"count":1,"href":"https:\/\/bomberos.puyo.gob.ec\/2019\/wp-json\/wp\/v2\/posts\/2874\/revisions"}],"predecessor-version":[{"id":2876,"href":"https:\/\/bomberos.puyo.gob.ec\/2019\/wp-json\/wp\/v2\/posts\/2874\/revisions\/2876"}],"wp:featuredmedia":[{"embeddable":true,"href":"https:\/\/bomberos.puyo.gob.ec\/2019\/wp-json\/wp\/v2\/media\/2875"}],"wp:attachment":[{"href":"https:\/\/bomberos.puyo.gob.ec\/2019\/wp-json\/wp\/v2\/media?parent=2874"}],"wp:term":[{"taxonomy":"category","embeddable":true,"href":"https:\/\/bomberos.puyo.gob.ec\/2019\/wp-json\/wp\/v2\/categories?post=2874"},{"taxonomy":"post_tag","embeddable":true,"href":"https:\/\/bomberos.puyo.gob.ec\/2019\/wp-json\/wp\/v2\/tags?post=2874"}],"curies":[{"name":"wp","href":"https:\/\/api.w.org\/{rel}","templated":true}]}}