{"id":2859,"date":"2022-05-30T20:40:10","date_gmt":"2022-05-31T01:40:10","guid":{"rendered":"https:\/\/bomberos.puyo.gob.ec\/corte-de-arbol-en-la-tarde-de-hoy-el-personal-del-cuerpo-de-bomberos-de-pa\/"},"modified":"2022-12-31T01:52:15","modified_gmt":"2022-12-31T06:52:15","slug":"corte-de-arbol-en-la-tarde-de-hoy-el-personal-del-cuerpo-de-bomberos-de-pa","status":"publish","type":"post","link":"https:\/\/bomberos.puyo.gob.ec\/2019\/corte-de-arbol-en-la-tarde-de-hoy-el-personal-del-cuerpo-de-bomberos-de-pa\/","title":{"rendered":"|CORTE DE \u00c1RBOL| \n En la tarde de hoy el personal del Cuerpo de Bomberos de Pa&#8230;"},"content":{"rendered":"<div><span><\/p>\n<p>|CORTE DE \u00c1RBOL| <\/p>\n<p> En la tarde de hoy el personal del Cuerpo de Bomberos de Pastaza se moviliz\u00f3 en la unidad B3 para dar cumplimiento a una solicitud de corte de \u00e1rbol que pone en riesgo a dos domicilios por la posible ca\u00edda del mismo, con ubicaci\u00f3n en la Urbanizaci\u00f3n Privada Portal del Amazonas.<\/p>\n<p><\/span><\/div>\n<p><a href=\"https:\/\/facebook.com\/story.php?story_fbid=pfbid0M446BZ8N91QqcrcdzJHQTxpZtKLP7vuq5XA191arGpFqjh5uQqkPGxMZTbQavFGhl&amp;id=465093860312824&amp;eav=AfaTvK3F47t3mPIPHTwKo_oglJ8CByvv_qTSw8qK6gdNfdfEWAjKTTTsPZo0fegbt7s&amp;viewer=465093860312824&amp;m_entstream_source=timeline&amp;__tn__=%2As%2As-R&amp;paipv=1\" aria-label=\"Abrir historia\" class=\"_5msj\"><\/a><\/p>\n<p><a href=\"https:\/\/bomberos.puyo.gob.ec\/2019\/wp-content\/uploads\/CORTE-DE-ARBOL-En-la-tarde-de-hoy-el-personal.jpg\"><img decoding=\"async\" class=\"wp_automatic_fb_img\" title=\"\" src=\"https:\/\/bomberos.puyo.gob.ec\/2019\/wp-content\/uploads\/CORTE-DE-ARBOL-En-la-tarde-de-hoy-el-personal.jpg\" \/><\/a><br \/>\n<br \/><a href=\"https:\/\/www.facebook.com\/465093860312824\/posts\/2216170238538502\">en facebook&#8230; <\/a>  <\/p>\n","protected":false},"excerpt":{"rendered":"<div><span><\/p>\n<p>|CORTE DE \u00c1RBOL| <\/p>\n<p> En la tarde de hoy el personal del Cuerpo de Bomberos de Pastaza se moviliz\u00f3 en la unidad B3 para dar cumplimiento a una solicitud de corte de \u00e1rbol que pone en riesgo a dos domicilios por la posible ca\u00edda del mismo, con ubicaci\u00f3n en la Urbanizaci\u00f3n Privada Portal del Amazonas.<\/p>\n<p><\/span><\/div>\n<p><a href=\"https:\/\/facebook.com\/story.php?story_fbid=pfbid0M446BZ8N91QqcrcdzJHQTxpZtKLP7vuq5XA191arGpFqjh5uQqkPGxMZTbQavFGhl&amp;id=465093860312824&amp;eav=AfaTvK3F47t3mPIPHTwKo_oglJ8CByvv_qTSw8qK6gdNfdfEWAjKTTTsPZo0fegbt7s&amp;viewer=465093860312824&amp;m_entstream_source=timeline&amp;__tn__=%2As%2As-R&amp;paipv=1\" aria-label=\"Abrir historia\" class=\"_5msj\"><\/a><\/p>\n<p><a href=\"https:\/\/scontent.fuio15-1.fna.fbcdn.net\/v\/t39.30808-6\/285456019_2216170201871839_5723492809084087309_n.jpg?stp=dst-jpg_s640x640&#038;_nc_cat=108&#038;ccb=1-7&#038;_nc_sid=8bfeb9&#038;_nc_ohc=sJjiSoMYtMQAX-Uu0AO&#038;_nc_ht=scontent.fuio15-1.fna&#038;oh=00_AfByS_-WkXaJpYEq-R_lJ_x65oPiancb1A4dWh4zG91AnQ&#038;oe=63B4A18A\"><img decoding=\"async\" class=\"wp_automatic_fb_img\" title=\"\" src=\"https:\/\/scontent.fuio15-1.fna.fbcdn.net\/v\/t39.30808-6\/285456019_2216170201871839_5723492809084087309_n.jpg?stp=dst-jpg_s640x640&#038;_nc_cat=108&#038;ccb=1-7&#038;_nc_sid=8bfeb9&#038;_nc_ohc=sJjiSoMYtMQAX-Uu0AO&#038;_nc_ht=scontent.fuio15-1.fna&#038;oh=00_AfByS_-WkXaJpYEq-R_lJ_x65oPiancb1A4dWh4zG91AnQ&#038;oe=63B4A18A\" \/><\/a><\/p>\n","protected":false},"author":1,"featured_media":2860,"comment_status":"open","ping_status":"open","sticky":false,"template":"","format":"standard","meta":[],"categories":[1],"tags":[760,73,759,64,32,202,932,34,992],"_links":{"self":[{"href":"https:\/\/bomberos.puyo.gob.ec\/2019\/wp-json\/wp\/v2\/posts\/2859"}],"collection":[{"href":"https:\/\/bomberos.puyo.gob.ec\/2019\/wp-json\/wp\/v2\/posts"}],"about":[{"href":"https:\/\/bomberos.puyo.gob.ec\/2019\/wp-json\/wp\/v2\/types\/post"}],"author":[{"embeddable":true,"href":"https:\/\/bomberos.puyo.gob.ec\/2019\/wp-json\/wp\/v2\/users\/1"}],"replies":[{"embeddable":true,"href":"https:\/\/bomberos.puyo.gob.ec\/2019\/wp-json\/wp\/v2\/comments?post=2859"}],"version-history":[{"count":1,"href":"https:\/\/bomberos.puyo.gob.ec\/2019\/wp-json\/wp\/v2\/posts\/2859\/revisions"}],"predecessor-version":[{"id":2861,"href":"https:\/\/bomberos.puyo.gob.ec\/2019\/wp-json\/wp\/v2\/posts\/2859\/revisions\/2861"}],"wp:featuredmedia":[{"embeddable":true,"href":"https:\/\/bomberos.puyo.gob.ec\/2019\/wp-json\/wp\/v2\/media\/2860"}],"wp:attachment":[{"href":"https:\/\/bomberos.puyo.gob.ec\/2019\/wp-json\/wp\/v2\/media?parent=2859"}],"wp:term":[{"taxonomy":"category","embeddable":true,"href":"https:\/\/bomberos.puyo.gob.ec\/2019\/wp-json\/wp\/v2\/categories?post=2859"},{"taxonomy":"post_tag","embeddable":true,"href":"https:\/\/bomberos.puyo.gob.ec\/2019\/wp-json\/wp\/v2\/tags?post=2859"}],"curies":[{"name":"wp","href":"https:\/\/api.w.org\/{rel}","templated":true}]}}