{"id":2850,"date":"2022-06-04T12:11:55","date_gmt":"2022-06-04T17:11:55","guid":{"rendered":"https:\/\/bomberos.puyo.gob.ec\/rescate-canino-por-llamado-del-ecu-911-la-unidad-r2-se-dirigio-a-la-av-13\/"},"modified":"2022-12-30T22:43:39","modified_gmt":"2022-12-31T03:43:39","slug":"rescate-canino-por-llamado-del-ecu-911-la-unidad-r2-se-dirigio-a-la-av-13","status":"publish","type":"post","link":"https:\/\/bomberos.puyo.gob.ec\/2019\/rescate-canino-por-llamado-del-ecu-911-la-unidad-r2-se-dirigio-a-la-av-13\/","title":{"rendered":"|RESCATE CANINO|\n Por llamado del Ecu-911, la unidad R2 se dirigi\u00f3 a la Av. 13&#8230;"},"content":{"rendered":"<div><span><\/p>\n<p>|RESCATE CANINO|<\/p>\n<p> Por llamado del Ecu-911, la unidad R2 se dirigi\u00f3 a la Av. 13 de Abril y v\u00eda a Tarqui, en el lugar se realiz\u00f3 el rescate de un CAN que por el impacto de un vehiculo cayo a una alcantarilla.<\/p>\n<p> Se logra rescatarlo sin causarle ning\u00fan da\u00f1o para que posteriormente sea trasladado a la veterinaria La Guardia.<\/p>\n<p><\/span><\/div>\n<p><a href=\"https:\/\/facebook.com\/story.php?story_fbid=pfbid035DGSGq714Z9ooNE3vfcTeTDSxXo9B4StvCiMZZdqaobemABYpB85FUQrrvYpJTnql&amp;id=465093860312824&amp;eav=AfYaQHzLZZBmbqvpReiN5LCd0pePkp_tA2Kgh-6_Abs-gy7fC2eBTqbgSuhjsLcJlZs&amp;viewer=465093860312824&amp;m_entstream_source=timeline&amp;__tn__=%2As%2As-R&amp;paipv=1\" aria-label=\"Abrir historia\" class=\"_5msj\"><\/a><\/p>\n<p><a href=\"https:\/\/bomberos.puyo.gob.ec\/2019\/wp-content\/uploads\/RESCATE-CANINO-Por-llamado-del-Ecu-911-la-unidad-R2-se.jpg\"><img decoding=\"async\" class=\"wp_automatic_fb_img\" title=\"\" src=\"https:\/\/bomberos.puyo.gob.ec\/2019\/wp-content\/uploads\/RESCATE-CANINO-Por-llamado-del-Ecu-911-la-unidad-R2-se.jpg\" \/><\/a><br \/><a href=\"https:\/\/bomberos.puyo.gob.ec\/2019\/wp-content\/uploads\/1672458218_299_RESCATE-CANINO-Por-llamado-del-Ecu-911-la-unidad-R2-se.jpg\"><img decoding=\"async\" class=\"wp_automatic_fb_img\" title=\"\" src=\"https:\/\/bomberos.puyo.gob.ec\/2019\/wp-content\/uploads\/1672458218_299_RESCATE-CANINO-Por-llamado-del-Ecu-911-la-unidad-R2-se.jpg\" \/><\/a><br \/>\n<br \/><a href=\"https:\/\/www.facebook.com\/465093860312824\/posts\/2219945278160998\">en facebook&#8230; <\/a>  <\/p>\n","protected":false},"excerpt":{"rendered":"<div><span><\/p>\n<p>|RESCATE CANINO|<\/p>\n<p> Por llamado del Ecu-911, la unidad R2 se dirigi\u00f3 a la Av. 13 de Abril y v\u00eda a Tarqui, en el lugar se realiz\u00f3 el rescate de un CAN que por el impacto de un vehiculo cayo a una alcantarilla.<\/p>\n<p> Se logra rescatarlo sin causarle ning\u00fan da\u00f1o para que posteriormente sea trasladado a la veterinaria La Guardia.<\/p>\n<p><\/span><\/div>\n<p><a href=\"https:\/\/facebook.com\/story.php?story_fbid=pfbid035DGSGq714Z9ooNE3vfcTeTDSxXo9B4StvCiMZZdqaobemABYpB85FUQrrvYpJTnql&amp;id=465093860312824&amp;eav=AfYaQHzLZZBmbqvpReiN5LCd0pePkp_tA2Kgh-6_Abs-gy7fC2eBTqbgSuhjsLcJlZs&amp;viewer=465093860312824&amp;m_entstream_source=timeline&amp;__tn__=%2As%2As-R&amp;paipv=1\" aria-label=\"Abrir historia\" class=\"_5msj\"><\/a><\/p>\n<p><a href=\"https:\/\/scontent.fuio15-1.fna.fbcdn.net\/v\/t39.30808-6\/286026009_2219945204827672_1922725803043625176_n.jpg?_nc_cat=105&#038;ccb=1-7&#038;_nc_sid=8bfeb9&#038;_nc_ohc=kG3m3yoVINsAX-HTzRe&#038;_nc_ht=scontent.fuio15-1.fna&#038;oh=00_AfDp0GxvYJcuX0nk8DXzgall3lck5uLI5ByyqjRrZfzRPg&#038;oe=63B4A183\"><img decoding=\"async\" class=\"wp_automatic_fb_img\" title=\"\" src=\"https:\/\/scontent.fuio15-1.fna.fbcdn.net\/v\/t39.30808-6\/286026009_2219945204827672_1922725803043625176_n.jpg?_nc_cat=105&#038;ccb=1-7&#038;_nc_sid=8bfeb9&#038;_nc_ohc=kG3m3yoVINsAX-HTzRe&#038;_nc_ht=scontent.fuio15-1.fna&#038;oh=00_AfDp0GxvYJcuX0nk8DXzgall3lck5uLI5ByyqjRrZfzRPg&#038;oe=63B4A183\" \/><\/a><br \/><a href=\"https:\/\/scontent.fuio15-1.fna.fbcdn.net\/v\/t39.30808-6\/285822791_2219945228161003_3365455126964323799_n.jpg?_nc_cat=111&#038;ccb=1-7&#038;_nc_sid=8bfeb9&#038;_nc_ohc=6Hd4ki64T2UAX-7mwuf&#038;_nc_ht=scontent.fuio15-1.fna&#038;oh=00_AfDIWDTwp98DUNHG7s0lfBmR70q-XR3J2AZRPSERmourCg&#038;oe=63B4164F\"><img decoding=\"async\" class=\"wp_automatic_fb_img\" title=\"\" src=\"https:\/\/scontent.fuio15-1.fna.fbcdn.net\/v\/t39.30808-6\/285822791_2219945228161003_3365455126964323799_n.jpg?_nc_cat=111&#038;ccb=1-7&#038;_nc_sid=8bfeb9&#038;_nc_ohc=6Hd4ki64T2UAX-7mwuf&#038;_nc_ht=scontent.fuio15-1.fna&#038;oh=00_AfDIWDTwp98DUNHG7s0lfBmR70q-XR3J2AZRPSERmourCg&#038;oe=63B4164F\" \/><\/a><\/p>\n","protected":false},"author":1,"featured_media":2851,"comment_status":"open","ping_status":"open","sticky":false,"template":"","format":"standard","meta":[],"categories":[1],"tags":[991,541,32,722,69,31,30,183,41],"_links":{"self":[{"href":"https:\/\/bomberos.puyo.gob.ec\/2019\/wp-json\/wp\/v2\/posts\/2850"}],"collection":[{"href":"https:\/\/bomberos.puyo.gob.ec\/2019\/wp-json\/wp\/v2\/posts"}],"about":[{"href":"https:\/\/bomberos.puyo.gob.ec\/2019\/wp-json\/wp\/v2\/types\/post"}],"author":[{"embeddable":true,"href":"https:\/\/bomberos.puyo.gob.ec\/2019\/wp-json\/wp\/v2\/users\/1"}],"replies":[{"embeddable":true,"href":"https:\/\/bomberos.puyo.gob.ec\/2019\/wp-json\/wp\/v2\/comments?post=2850"}],"version-history":[{"count":1,"href":"https:\/\/bomberos.puyo.gob.ec\/2019\/wp-json\/wp\/v2\/posts\/2850\/revisions"}],"predecessor-version":[{"id":2852,"href":"https:\/\/bomberos.puyo.gob.ec\/2019\/wp-json\/wp\/v2\/posts\/2850\/revisions\/2852"}],"wp:featuredmedia":[{"embeddable":true,"href":"https:\/\/bomberos.puyo.gob.ec\/2019\/wp-json\/wp\/v2\/media\/2851"}],"wp:attachment":[{"href":"https:\/\/bomberos.puyo.gob.ec\/2019\/wp-json\/wp\/v2\/media?parent=2850"}],"wp:term":[{"taxonomy":"category","embeddable":true,"href":"https:\/\/bomberos.puyo.gob.ec\/2019\/wp-json\/wp\/v2\/categories?post=2850"},{"taxonomy":"post_tag","embeddable":true,"href":"https:\/\/bomberos.puyo.gob.ec\/2019\/wp-json\/wp\/v2\/tags?post=2850"}],"curies":[{"name":"wp","href":"https:\/\/api.w.org\/{rel}","templated":true}]}}