{"id":2842,"date":"2022-06-07T09:47:48","date_gmt":"2022-06-07T14:47:48","guid":{"rendered":"https:\/\/bomberos.puyo.gob.ec\/siniestro-de-transito\/"},"modified":"2022-12-30T18:34:20","modified_gmt":"2022-12-30T23:34:20","slug":"siniestro-de-transito","status":"publish","type":"post","link":"https:\/\/bomberos.puyo.gob.ec\/2019\/siniestro-de-transito\/","title":{"rendered":"|SINIESTRO DE TR\u00c1NSITO|&#8230;"},"content":{"rendered":"<p>|SINIESTRO DE TR\u00c1NSITO|<\/p>\n<p>\ud83d\ude92 \ud83d\udc68\u200d\ud83d\ude92 Nuestra unidad de B3 con su personal especializado en rescate Vehicular asiste a un siniestro de tr\u00e1nsito en el Km 56 v\u00eda Macas.<\/p>\n<p>\ud83d\udea7 \ud83d\ude9a En el lugar se verifica un choque frontal de un veh\u00edculo tipo cami\u00f3n liviano contra la parte posterior de un veh\u00edculo pesado &#8211; volqueta.<\/p>\n<p>\ud83d\udea7 En el lugar se procede a realizar la liberaci\u00f3n  de una persona de sexo masculino consiente con traumatismo general con herramientas y equipo hidr\u00e1ulico, el mismo que es entregado a la unidad ambulancia \ud83d\ude91 N\u00b0 26 de sim\u00f3n bol\u00edvar perteneciente al Ministerio de Salud.<\/p>\n<p><a href=\"https:\/\/bomberos.puyo.gob.ec\/2019\/wp-content\/uploads\/SINIESTRO-DE-TRANSITO.jpg\"><img decoding=\"async\" class=\"wp_automatic_fb_img\" title=\"\" src=\"https:\/\/bomberos.puyo.gob.ec\/2019\/wp-content\/uploads\/SINIESTRO-DE-TRANSITO.jpg\" \/><\/a><br \/><a href=\"https:\/\/bomberos.puyo.gob.ec\/2019\/wp-content\/uploads\/1672443258_452_SINIESTRO-DE-TRANSITO.jpg\"><img decoding=\"async\" class=\"wp_automatic_fb_img\" title=\"\" src=\"https:\/\/bomberos.puyo.gob.ec\/2019\/wp-content\/uploads\/1672443258_452_SINIESTRO-DE-TRANSITO.jpg\" \/><\/a><br \/><a href=\"https:\/\/bomberos.puyo.gob.ec\/2019\/wp-content\/uploads\/1672443259_168_SINIESTRO-DE-TRANSITO.jpg\"><img decoding=\"async\" class=\"wp_automatic_fb_img\" title=\"\" src=\"https:\/\/bomberos.puyo.gob.ec\/2019\/wp-content\/uploads\/1672443259_168_SINIESTRO-DE-TRANSITO.jpg\" \/><\/a><br \/><a href=\"https:\/\/bomberos.puyo.gob.ec\/2019\/wp-content\/uploads\/1672443259_3_SINIESTRO-DE-TRANSITO.jpg\"><img decoding=\"async\" class=\"wp_automatic_fb_img\" title=\"\" src=\"https:\/\/bomberos.puyo.gob.ec\/2019\/wp-content\/uploads\/1672443259_3_SINIESTRO-DE-TRANSITO.jpg\" \/><\/a><br \/>\n<br \/><a href=\"https:\/\/www.facebook.com\/465093860312824\/posts\/2222206067934919\">en facebook&#8230; <\/a>  <\/p>\n","protected":false},"excerpt":{"rendered":"<p>|SINIESTRO DE TR\u00c1NSITO|<\/p>\n<p>\ud83d\ude92 \ud83d\udc68\u200d\ud83d\ude92 Nuestra unidad de B3 con su personal especializado en rescate Vehicular asiste a un siniestro de tr\u00e1nsito en el Km 56 v\u00eda Macas.<\/p>\n<p>\ud83d\udea7 \ud83d\ude9a En el lugar se verifica un choque frontal de un veh\u00edculo tipo cami\u00f3n liviano contra la parte posterior de un veh\u00edculo pesado &#8211; volqueta.<\/p>\n<p>\ud83d\udea7 En el lugar se procede a realizar la liberaci\u00f3n  de una persona de sexo masculino consiente con traumatismo general con herramientas y equipo hidr\u00e1ulico, el mismo que es entregado a la unidad ambulancia \ud83d\ude91 N\u00b0 26 de sim\u00f3n bol\u00edvar perteneciente al Ministerio de Salud.<\/p>\n<p><a href=\"https:\/\/scontent.fuio15-1.fna.fbcdn.net\/v\/t39.30808-6\/286862504_2222205957934930_8194131648314809013_n.jpg?_nc_cat=110&#038;ccb=1-7&#038;_nc_sid=8bfeb9&#038;_nc_ohc=KmZT-bGpmNUAX8ecjQ0&#038;_nc_ht=scontent.fuio15-1.fna&#038;oh=00_AfC5dbLXt4Mso7jNYKWNbVL39fQctZHR0dBHTmS0MfBh5A&#038;oe=63B3DDBD\"><img decoding=\"async\" class=\"wp_automatic_fb_img\" title=\"\" src=\"https:\/\/scontent.fuio15-1.fna.fbcdn.net\/v\/t39.30808-6\/286862504_2222205957934930_8194131648314809013_n.jpg?_nc_cat=110&#038;ccb=1-7&#038;_nc_sid=8bfeb9&#038;_nc_ohc=KmZT-bGpmNUAX8ecjQ0&#038;_nc_ht=scontent.fuio15-1.fna&#038;oh=00_AfC5dbLXt4Mso7jNYKWNbVL39fQctZHR0dBHTmS0MfBh5A&#038;oe=63B3DDBD\" \/><\/a><br \/><a href=\"https:\/\/scontent.fuio15-1.fna.fbcdn.net\/v\/t39.30808-6\/286643930_2222205984601594_3785473036306627138_n.jpg?_nc_cat=104&#038;ccb=1-7&#038;_nc_sid=8bfeb9&#038;_nc_ohc=FfhMZ4rY9AUAX_xlSzT&#038;_nc_ht=scontent.fuio15-1.fna&#038;oh=00_AfA79UYAsjwShjI3PMKCkhr1Ypr95KndLbLfzO4Yk3bkdA&#038;oe=63B37675\"><img decoding=\"async\" class=\"wp_automatic_fb_img\" title=\"\" src=\"https:\/\/scontent.fuio15-1.fna.fbcdn.net\/v\/t39.30808-6\/286643930_2222205984601594_3785473036306627138_n.jpg?_nc_cat=104&#038;ccb=1-7&#038;_nc_sid=8bfeb9&#038;_nc_ohc=FfhMZ4rY9AUAX_xlSzT&#038;_nc_ht=scontent.fuio15-1.fna&#038;oh=00_AfA79UYAsjwShjI3PMKCkhr1Ypr95KndLbLfzO4Yk3bkdA&#038;oe=63B37675\" \/><\/a><br \/><a href=\"https:\/\/scontent.fuio15-1.fna.fbcdn.net\/v\/t39.30808-6\/286598786_2222206004601592_1556491607580490669_n.jpg?_nc_cat=101&#038;ccb=1-7&#038;_nc_sid=8bfeb9&#038;_nc_ohc=mXD5BIf1E2YAX8Mx2gr&#038;_nc_ht=scontent.fuio15-1.fna&#038;oh=00_AfAYabHr1Uxb2quUoN0TQ_de2Gk4xxt-5UxtZUJKY7wy4A&#038;oe=63B4A856\"><img decoding=\"async\" class=\"wp_automatic_fb_img\" title=\"\" src=\"https:\/\/scontent.fuio15-1.fna.fbcdn.net\/v\/t39.30808-6\/286598786_2222206004601592_1556491607580490669_n.jpg?_nc_cat=101&#038;ccb=1-7&#038;_nc_sid=8bfeb9&#038;_nc_ohc=mXD5BIf1E2YAX8Mx2gr&#038;_nc_ht=scontent.fuio15-1.fna&#038;oh=00_AfAYabHr1Uxb2quUoN0TQ_de2Gk4xxt-5UxtZUJKY7wy4A&#038;oe=63B4A856\" \/><\/a><br \/><a href=\"https:\/\/scontent.fuio15-1.fna.fbcdn.net\/v\/t39.30808-6\/286678395_2222206001268259_2169496414148561568_n.jpg?_nc_cat=110&#038;ccb=1-7&#038;_nc_sid=8bfeb9&#038;_nc_ohc=VDer99LjQqEAX-ZfTM2&#038;_nc_ht=scontent.fuio15-1.fna&#038;oh=00_AfBYUXkVwSsbtUnB4uC99xs2X0G3erZbVQND9ru11lKyAw&#038;oe=63B516B1\"><img decoding=\"async\" class=\"wp_automatic_fb_img\" title=\"\" src=\"https:\/\/scontent.fuio15-1.fna.fbcdn.net\/v\/t39.30808-6\/286678395_2222206001268259_2169496414148561568_n.jpg?_nc_cat=110&#038;ccb=1-7&#038;_nc_sid=8bfeb9&#038;_nc_ohc=VDer99LjQqEAX-ZfTM2&#038;_nc_ht=scontent.fuio15-1.fna&#038;oh=00_AfBYUXkVwSsbtUnB4uC99xs2X0G3erZbVQND9ru11lKyAw&#038;oe=63B516B1\" \/><\/a><\/p>\n","protected":false},"author":1,"featured_media":2843,"comment_status":"open","ping_status":"open","sticky":false,"template":"","format":"standard","meta":[],"categories":[1],"tags":[990,734],"_links":{"self":[{"href":"https:\/\/bomberos.puyo.gob.ec\/2019\/wp-json\/wp\/v2\/posts\/2842"}],"collection":[{"href":"https:\/\/bomberos.puyo.gob.ec\/2019\/wp-json\/wp\/v2\/posts"}],"about":[{"href":"https:\/\/bomberos.puyo.gob.ec\/2019\/wp-json\/wp\/v2\/types\/post"}],"author":[{"embeddable":true,"href":"https:\/\/bomberos.puyo.gob.ec\/2019\/wp-json\/wp\/v2\/users\/1"}],"replies":[{"embeddable":true,"href":"https:\/\/bomberos.puyo.gob.ec\/2019\/wp-json\/wp\/v2\/comments?post=2842"}],"version-history":[{"count":1,"href":"https:\/\/bomberos.puyo.gob.ec\/2019\/wp-json\/wp\/v2\/posts\/2842\/revisions"}],"predecessor-version":[{"id":2844,"href":"https:\/\/bomberos.puyo.gob.ec\/2019\/wp-json\/wp\/v2\/posts\/2842\/revisions\/2844"}],"wp:featuredmedia":[{"embeddable":true,"href":"https:\/\/bomberos.puyo.gob.ec\/2019\/wp-json\/wp\/v2\/media\/2843"}],"wp:attachment":[{"href":"https:\/\/bomberos.puyo.gob.ec\/2019\/wp-json\/wp\/v2\/media?parent=2842"}],"wp:term":[{"taxonomy":"category","embeddable":true,"href":"https:\/\/bomberos.puyo.gob.ec\/2019\/wp-json\/wp\/v2\/categories?post=2842"},{"taxonomy":"post_tag","embeddable":true,"href":"https:\/\/bomberos.puyo.gob.ec\/2019\/wp-json\/wp\/v2\/tags?post=2842"}],"curies":[{"name":"wp","href":"https:\/\/api.w.org\/{rel}","templated":true}]}}