{"id":2839,"date":"2022-06-10T21:45:52","date_gmt":"2022-06-11T02:45:52","guid":{"rendered":"https:\/\/bomberos.puyo.gob.ec\/accidente-vehicular\/"},"modified":"2022-12-30T16:25:39","modified_gmt":"2022-12-30T21:25:39","slug":"accidente-vehicular","status":"publish","type":"post","link":"https:\/\/bomberos.puyo.gob.ec\/2019\/accidente-vehicular\/","title":{"rendered":"|ACCIDENTE VEHICULAR|&#8230;"},"content":{"rendered":"<p>|ACCIDENTE VEHICULAR|<\/p>\n<p>La unidad B1 se dirigi\u00f3 a un accidente de tr\u00e1nsito entre dos veh\u00edculos con impacto frontal en el sector de la Plaza Aray, en el punto se procede a asegurar los veh\u00edculos con riesgo de incendio y dar soporte pre-hospitalario a tres personas que viajaban dentro de los veh\u00edculos quienes despu\u00e9s de la valoraci\u00f3n se verific\u00f3 que no tienen lesiones graves y no desean ser trasladadas a un Hospital.<\/p>\n<p>Posteriormente la Polic\u00eda Nacional toma el procedimiento en el lugar.<\/p>\n<p><a href=\"https:\/\/bomberos.puyo.gob.ec\/2019\/wp-content\/uploads\/ACCIDENTE-VEHICULAR.jpg\"><img decoding=\"async\" class=\"wp_automatic_fb_img\" title=\"\" src=\"https:\/\/bomberos.puyo.gob.ec\/2019\/wp-content\/uploads\/ACCIDENTE-VEHICULAR.jpg\" \/><\/a><br \/><a href=\"https:\/\/bomberos.puyo.gob.ec\/2019\/wp-content\/uploads\/1672435538_652_ACCIDENTE-VEHICULAR.jpg\"><img decoding=\"async\" class=\"wp_automatic_fb_img\" title=\"\" src=\"https:\/\/bomberos.puyo.gob.ec\/2019\/wp-content\/uploads\/1672435538_652_ACCIDENTE-VEHICULAR.jpg\" \/><\/a><br \/><a href=\"https:\/\/bomberos.puyo.gob.ec\/2019\/wp-content\/uploads\/1672435538_369_ACCIDENTE-VEHICULAR.jpg\"><img decoding=\"async\" class=\"wp_automatic_fb_img\" title=\"\" src=\"https:\/\/bomberos.puyo.gob.ec\/2019\/wp-content\/uploads\/1672435538_369_ACCIDENTE-VEHICULAR.jpg\" \/><\/a><br \/><a href=\"https:\/\/bomberos.puyo.gob.ec\/2019\/wp-content\/uploads\/1672435538_793_ACCIDENTE-VEHICULAR.jpg\"><img decoding=\"async\" class=\"wp_automatic_fb_img\" title=\"\" src=\"https:\/\/bomberos.puyo.gob.ec\/2019\/wp-content\/uploads\/1672435538_793_ACCIDENTE-VEHICULAR.jpg\" \/><\/a><br \/>\n<br \/><a href=\"https:\/\/www.facebook.com\/465093860312824\/posts\/2224969374325255\">en facebook&#8230; <\/a>  <\/p>\n","protected":false},"excerpt":{"rendered":"<p>|ACCIDENTE VEHICULAR|<\/p>\n<p>La unidad B1 se dirigi\u00f3 a un accidente de tr\u00e1nsito entre dos veh\u00edculos con impacto frontal en el sector de la Plaza Aray, en el punto se procede a asegurar los veh\u00edculos con riesgo de incendio y dar soporte pre-hospitalario a tres personas que viajaban dentro de los veh\u00edculos quienes despu\u00e9s de la valoraci\u00f3n se verific\u00f3 que no tienen lesiones graves y no desean ser trasladadas a un Hospital.<\/p>\n<p>Posteriormente la Polic\u00eda Nacional toma el procedimiento en el lugar.<\/p>\n<p><a href=\"https:\/\/scontent.fuio15-1.fna.fbcdn.net\/v\/t39.30808-6\/287534903_2224969290991930_6484153013079663032_n.jpg?_nc_cat=102&#038;ccb=1-7&#038;_nc_sid=8bfeb9&#038;_nc_ohc=EpUul6mYAO0AX_N-pBL&#038;_nc_ht=scontent.fuio15-1.fna&#038;oh=00_AfCnFl_ZslsXiVrZmctGj1p6GuJDtY1pNJq5biSlxaVlQg&#038;oe=63B51A96\"><img decoding=\"async\" class=\"wp_automatic_fb_img\" title=\"\" src=\"https:\/\/scontent.fuio15-1.fna.fbcdn.net\/v\/t39.30808-6\/287534903_2224969290991930_6484153013079663032_n.jpg?_nc_cat=102&#038;ccb=1-7&#038;_nc_sid=8bfeb9&#038;_nc_ohc=EpUul6mYAO0AX_N-pBL&#038;_nc_ht=scontent.fuio15-1.fna&#038;oh=00_AfCnFl_ZslsXiVrZmctGj1p6GuJDtY1pNJq5biSlxaVlQg&#038;oe=63B51A96\" \/><\/a><br \/><a href=\"https:\/\/scontent.fuio15-1.fna.fbcdn.net\/v\/t39.30808-6\/287314851_2224969287658597_5181568746659655462_n.jpg?_nc_cat=101&#038;ccb=1-7&#038;_nc_sid=8bfeb9&#038;_nc_ohc=N7EFH_6i-usAX_c9h7D&#038;_nc_ht=scontent.fuio15-1.fna&#038;oh=00_AfD8tnB3N8y7l1aS-k-mBHbADNBCJR7M9Usqe0gs3IoxYQ&#038;oe=63B43499\"><img decoding=\"async\" class=\"wp_automatic_fb_img\" title=\"\" src=\"https:\/\/scontent.fuio15-1.fna.fbcdn.net\/v\/t39.30808-6\/287314851_2224969287658597_5181568746659655462_n.jpg?_nc_cat=101&#038;ccb=1-7&#038;_nc_sid=8bfeb9&#038;_nc_ohc=N7EFH_6i-usAX_c9h7D&#038;_nc_ht=scontent.fuio15-1.fna&#038;oh=00_AfD8tnB3N8y7l1aS-k-mBHbADNBCJR7M9Usqe0gs3IoxYQ&#038;oe=63B43499\" \/><\/a><br \/><a href=\"https:\/\/scontent.fuio15-1.fna.fbcdn.net\/v\/t39.30808-6\/287320534_2224969277658598_6022751870935320527_n.jpg?_nc_cat=106&#038;ccb=1-7&#038;_nc_sid=8bfeb9&#038;_nc_ohc=vUNJ84tldhsAX9uS-4d&#038;_nc_ht=scontent.fuio15-1.fna&#038;oh=00_AfAwVLpJQP0mmLj5ZBB36t1Qjp1qnyjz984uf_ng_gxSPQ&#038;oe=63B4A313\"><img decoding=\"async\" class=\"wp_automatic_fb_img\" title=\"\" src=\"https:\/\/scontent.fuio15-1.fna.fbcdn.net\/v\/t39.30808-6\/287320534_2224969277658598_6022751870935320527_n.jpg?_nc_cat=106&#038;ccb=1-7&#038;_nc_sid=8bfeb9&#038;_nc_ohc=vUNJ84tldhsAX9uS-4d&#038;_nc_ht=scontent.fuio15-1.fna&#038;oh=00_AfAwVLpJQP0mmLj5ZBB36t1Qjp1qnyjz984uf_ng_gxSPQ&#038;oe=63B4A313\" \/><\/a><br \/><a href=\"https:\/\/scontent.fuio15-1.fna.fbcdn.net\/v\/t39.30808-6\/287217518_2224969267658599_714656872874635687_n.jpg?_nc_cat=109&#038;ccb=1-7&#038;_nc_sid=8bfeb9&#038;_nc_ohc=eh2M1JCHV0IAX-G1QH-&#038;_nc_ht=scontent.fuio15-1.fna&#038;oh=00_AfBcjfzc4bzHcYi1ClAIAI9r1YbBmgAV9ICltGbz9QBItA&#038;oe=63B3E0B1\"><img decoding=\"async\" class=\"wp_automatic_fb_img\" title=\"\" src=\"https:\/\/scontent.fuio15-1.fna.fbcdn.net\/v\/t39.30808-6\/287217518_2224969267658599_714656872874635687_n.jpg?_nc_cat=109&#038;ccb=1-7&#038;_nc_sid=8bfeb9&#038;_nc_ohc=eh2M1JCHV0IAX-G1QH-&#038;_nc_ht=scontent.fuio15-1.fna&#038;oh=00_AfBcjfzc4bzHcYi1ClAIAI9r1YbBmgAV9ICltGbz9QBItA&#038;oe=63B3E0B1\" \/><\/a><\/p>\n","protected":false},"author":1,"featured_media":2840,"comment_status":"open","ping_status":"open","sticky":false,"template":"","format":"standard","meta":[],"categories":[1],"tags":[27,605],"_links":{"self":[{"href":"https:\/\/bomberos.puyo.gob.ec\/2019\/wp-json\/wp\/v2\/posts\/2839"}],"collection":[{"href":"https:\/\/bomberos.puyo.gob.ec\/2019\/wp-json\/wp\/v2\/posts"}],"about":[{"href":"https:\/\/bomberos.puyo.gob.ec\/2019\/wp-json\/wp\/v2\/types\/post"}],"author":[{"embeddable":true,"href":"https:\/\/bomberos.puyo.gob.ec\/2019\/wp-json\/wp\/v2\/users\/1"}],"replies":[{"embeddable":true,"href":"https:\/\/bomberos.puyo.gob.ec\/2019\/wp-json\/wp\/v2\/comments?post=2839"}],"version-history":[{"count":1,"href":"https:\/\/bomberos.puyo.gob.ec\/2019\/wp-json\/wp\/v2\/posts\/2839\/revisions"}],"predecessor-version":[{"id":2841,"href":"https:\/\/bomberos.puyo.gob.ec\/2019\/wp-json\/wp\/v2\/posts\/2839\/revisions\/2841"}],"wp:featuredmedia":[{"embeddable":true,"href":"https:\/\/bomberos.puyo.gob.ec\/2019\/wp-json\/wp\/v2\/media\/2840"}],"wp:attachment":[{"href":"https:\/\/bomberos.puyo.gob.ec\/2019\/wp-json\/wp\/v2\/media?parent=2839"}],"wp:term":[{"taxonomy":"category","embeddable":true,"href":"https:\/\/bomberos.puyo.gob.ec\/2019\/wp-json\/wp\/v2\/categories?post=2839"},{"taxonomy":"post_tag","embeddable":true,"href":"https:\/\/bomberos.puyo.gob.ec\/2019\/wp-json\/wp\/v2\/tags?post=2839"}],"curies":[{"name":"wp","href":"https:\/\/api.w.org\/{rel}","templated":true}]}}