{"id":2822,"date":"2022-06-18T20:39:20","date_gmt":"2022-06-19T01:39:20","guid":{"rendered":"https:\/\/bomberos.puyo.gob.ec\/emergencia-medica-37\/"},"modified":"2022-12-30T10:08:12","modified_gmt":"2022-12-30T15:08:12","slug":"emergencia-medica-37","status":"publish","type":"post","link":"https:\/\/bomberos.puyo.gob.ec\/2019\/emergencia-medica-37\/","title":{"rendered":"|EMERGENCIA M\u00c9DICA|&#8230;"},"content":{"rendered":"<p>|EMERGENCIA M\u00c9DICA|<\/p>\n<p>\ud83d\ude91 Nuestra unidad especializada en atenci\u00f3n pre-Hospitalaria se dirige al el Mercado Mariscal, donde se atiende a un paciente de sexo masculino de aproximadamente 37 a\u00f1os de edad quien presenta TCE leve m\u00e1s una herida contusa en la regi\u00f3n frontal, producto de una ca\u00edda.<\/p>\n<p>\ud83d\ude91\ud83c\udfe5 Es trasladado al Hospital General Puyo quedando a cargo del m\u00e9dico de turno.<\/p>\n<p><a href=\"https:\/\/bomberos.puyo.gob.ec\/2019\/wp-content\/uploads\/1672412891_604_EMERGENCIA-MEDICA.jpg\"><img decoding=\"async\" class=\"wp_automatic_fb_img\" title=\"\" src=\"https:\/\/bomberos.puyo.gob.ec\/2019\/wp-content\/uploads\/1672412891_604_EMERGENCIA-MEDICA.jpg\" \/><\/a><br \/>\n<br \/><a href=\"https:\/\/www.facebook.com\/465093860312824\/posts\/2231155340373325\">en facebook&#8230; <\/a>  <\/p>\n","protected":false},"excerpt":{"rendered":"<p>|EMERGENCIA M\u00c9DICA|<\/p>\n<p>\ud83d\ude91 Nuestra unidad especializada en atenci\u00f3n pre-Hospitalaria se dirige al el Mercado Mariscal, donde se atiende a un paciente de sexo masculino de aproximadamente 37 a\u00f1os de edad quien presenta TCE leve m\u00e1s una herida contusa en la regi\u00f3n frontal, producto de una ca\u00edda.<\/p>\n<p>\ud83d\ude91\ud83c\udfe5 Es trasladado al Hospital General Puyo quedando a cargo del m\u00e9dico de turno.<\/p>\n<p><a href=\"https:\/\/scontent.fuio15-1.fna.fbcdn.net\/v\/t39.30808-6\/289070167_2231155300373329_8179353691618360004_n.jpg?stp=dst-jpg_s720x720&#038;_nc_cat=109&#038;ccb=1-7&#038;_nc_sid=8bfeb9&#038;_nc_ohc=7H5tpb4nkJoAX8P0fBv&#038;_nc_oc=AQne7wMfTHMHNPJHyguBISVhj5Azvs3hImKgem-50C6tp_zw3oIwUOsrXvadNDvpVoA&#038;_nc_ht=scontent.fuio15-1.fna&#038;oh=00_AfBZLckW0HC740TyRXnqYkdSTYpaXVBDVnWPzvezd8asVw&#038;oe=63B3E51A\"><img decoding=\"async\" class=\"wp_automatic_fb_img\" title=\"\" src=\"https:\/\/scontent.fuio15-1.fna.fbcdn.net\/v\/t39.30808-6\/289070167_2231155300373329_8179353691618360004_n.jpg?stp=dst-jpg_s720x720&#038;_nc_cat=109&#038;ccb=1-7&#038;_nc_sid=8bfeb9&#038;_nc_ohc=7H5tpb4nkJoAX8P0fBv&#038;_nc_oc=AQne7wMfTHMHNPJHyguBISVhj5Azvs3hImKgem-50C6tp_zw3oIwUOsrXvadNDvpVoA&#038;_nc_ht=scontent.fuio15-1.fna&#038;oh=00_AfBZLckW0HC740TyRXnqYkdSTYpaXVBDVnWPzvezd8asVw&#038;oe=63B3E51A\" \/><\/a><\/p>\n","protected":false},"author":1,"featured_media":2823,"comment_status":"open","ping_status":"open","sticky":false,"template":"","format":"standard","meta":[],"categories":[1],"tags":[182,251],"_links":{"self":[{"href":"https:\/\/bomberos.puyo.gob.ec\/2019\/wp-json\/wp\/v2\/posts\/2822"}],"collection":[{"href":"https:\/\/bomberos.puyo.gob.ec\/2019\/wp-json\/wp\/v2\/posts"}],"about":[{"href":"https:\/\/bomberos.puyo.gob.ec\/2019\/wp-json\/wp\/v2\/types\/post"}],"author":[{"embeddable":true,"href":"https:\/\/bomberos.puyo.gob.ec\/2019\/wp-json\/wp\/v2\/users\/1"}],"replies":[{"embeddable":true,"href":"https:\/\/bomberos.puyo.gob.ec\/2019\/wp-json\/wp\/v2\/comments?post=2822"}],"version-history":[{"count":1,"href":"https:\/\/bomberos.puyo.gob.ec\/2019\/wp-json\/wp\/v2\/posts\/2822\/revisions"}],"predecessor-version":[{"id":2824,"href":"https:\/\/bomberos.puyo.gob.ec\/2019\/wp-json\/wp\/v2\/posts\/2822\/revisions\/2824"}],"wp:featuredmedia":[{"embeddable":true,"href":"https:\/\/bomberos.puyo.gob.ec\/2019\/wp-json\/wp\/v2\/media\/2823"}],"wp:attachment":[{"href":"https:\/\/bomberos.puyo.gob.ec\/2019\/wp-json\/wp\/v2\/media?parent=2822"}],"wp:term":[{"taxonomy":"category","embeddable":true,"href":"https:\/\/bomberos.puyo.gob.ec\/2019\/wp-json\/wp\/v2\/categories?post=2822"},{"taxonomy":"post_tag","embeddable":true,"href":"https:\/\/bomberos.puyo.gob.ec\/2019\/wp-json\/wp\/v2\/tags?post=2822"}],"curies":[{"name":"wp","href":"https:\/\/api.w.org\/{rel}","templated":true}]}}