{"id":2801,"date":"2022-06-22T14:06:24","date_gmt":"2022-06-22T19:06:24","guid":{"rendered":"https:\/\/bomberos.puyo.gob.ec\/fuego-incipiente-3\/"},"modified":"2022-12-30T09:16:04","modified_gmt":"2022-12-30T14:16:04","slug":"fuego-incipiente-3","status":"publish","type":"post","link":"https:\/\/bomberos.puyo.gob.ec\/2019\/fuego-incipiente-3\/","title":{"rendered":"|FUEGO INCIPIENTE|&#8230;"},"content":{"rendered":"<p>|FUEGO INCIPIENTE|<\/p>\n<p>La unidad B3 por llamado del #ecu911 se dirige a las calles Ceslao Marin y 20 de Julio, a las instalaciones del Banco de Guayaquil. En el lugar se confirma la existencia de un incendio. <\/p>\n<p>Al llegar al lugar se verifica un fuego incipiente en el sistema el\u00e9ctrico de los cajeros autom\u00e1ticos del banco, producto de los da\u00f1os en las instalaciones de la noche y madrugada anterior.<\/p>\n<p>El personal realiza el control del mismo con el uso de agua y remoci\u00f3n de escombros dejando el lugar seguro.<\/p>\n<p><a href=\"https:\/\/bomberos.puyo.gob.ec\/2019\/wp-content\/uploads\/1672409764_114_FUEGO-INCIPIENTE.jpg\"><img decoding=\"async\" class=\"wp_automatic_fb_img\" title=\"\" src=\"https:\/\/bomberos.puyo.gob.ec\/2019\/wp-content\/uploads\/1672409764_114_FUEGO-INCIPIENTE.jpg\" \/><\/a><br \/>\n<br \/><a href=\"https:\/\/www.facebook.com\/465093860312824\/posts\/2234198190069040\">en facebook&#8230; <\/a>  <\/p>\n","protected":false},"excerpt":{"rendered":"<p>|FUEGO INCIPIENTE|<\/p>\n<p>La unidad B3 por llamado del #ecu911 se dirige a las calles Ceslao Marin y 20 de Julio, a las instalaciones del Banco de Guayaquil. En el lugar se confirma la existencia de un incendio. <\/p>\n<p>Al llegar al lugar se verifica un fuego incipiente en el sistema el\u00e9ctrico de los cajeros autom\u00e1ticos del banco, producto de los da\u00f1os en las instalaciones de la noche y madrugada anterior.<\/p>\n<p>El personal realiza el control del mismo con el uso de agua y remoci\u00f3n de escombros dejando el lugar seguro.<\/p>\n<p><a href=\"https:\/\/scontent.fuio15-1.fna.fbcdn.net\/v\/t39.30808-6\/289805992_2234198160069043_3396983551459081710_n.jpg?stp=dst-jpg_s640x640&#038;_nc_cat=104&#038;ccb=1-7&#038;_nc_sid=8bfeb9&#038;_nc_ohc=SdU0fft2xcMAX8S7cT5&#038;_nc_ht=scontent.fuio15-1.fna&#038;oh=00_AfC_IQNAkzt0pKq5lzeEr5RjWvxpW_WriK2r37ruH3Ph3Q&#038;oe=63B2E8A3\"><img decoding=\"async\" class=\"wp_automatic_fb_img\" title=\"\" src=\"https:\/\/scontent.fuio15-1.fna.fbcdn.net\/v\/t39.30808-6\/289805992_2234198160069043_3396983551459081710_n.jpg?stp=dst-jpg_s640x640&#038;_nc_cat=104&#038;ccb=1-7&#038;_nc_sid=8bfeb9&#038;_nc_ohc=SdU0fft2xcMAX8S7cT5&#038;_nc_ht=scontent.fuio15-1.fna&#038;oh=00_AfC_IQNAkzt0pKq5lzeEr5RjWvxpW_WriK2r37ruH3Ph3Q&#038;oe=63B2E8A3\" \/><\/a><\/p>\n","protected":false},"author":1,"featured_media":2802,"comment_status":"open","ping_status":"open","sticky":false,"template":"","format":"standard","meta":[],"categories":[1],"tags":[127,553],"_links":{"self":[{"href":"https:\/\/bomberos.puyo.gob.ec\/2019\/wp-json\/wp\/v2\/posts\/2801"}],"collection":[{"href":"https:\/\/bomberos.puyo.gob.ec\/2019\/wp-json\/wp\/v2\/posts"}],"about":[{"href":"https:\/\/bomberos.puyo.gob.ec\/2019\/wp-json\/wp\/v2\/types\/post"}],"author":[{"embeddable":true,"href":"https:\/\/bomberos.puyo.gob.ec\/2019\/wp-json\/wp\/v2\/users\/1"}],"replies":[{"embeddable":true,"href":"https:\/\/bomberos.puyo.gob.ec\/2019\/wp-json\/wp\/v2\/comments?post=2801"}],"version-history":[{"count":1,"href":"https:\/\/bomberos.puyo.gob.ec\/2019\/wp-json\/wp\/v2\/posts\/2801\/revisions"}],"predecessor-version":[{"id":2803,"href":"https:\/\/bomberos.puyo.gob.ec\/2019\/wp-json\/wp\/v2\/posts\/2801\/revisions\/2803"}],"wp:featuredmedia":[{"embeddable":true,"href":"https:\/\/bomberos.puyo.gob.ec\/2019\/wp-json\/wp\/v2\/media\/2802"}],"wp:attachment":[{"href":"https:\/\/bomberos.puyo.gob.ec\/2019\/wp-json\/wp\/v2\/media?parent=2801"}],"wp:term":[{"taxonomy":"category","embeddable":true,"href":"https:\/\/bomberos.puyo.gob.ec\/2019\/wp-json\/wp\/v2\/categories?post=2801"},{"taxonomy":"post_tag","embeddable":true,"href":"https:\/\/bomberos.puyo.gob.ec\/2019\/wp-json\/wp\/v2\/tags?post=2801"}],"curies":[{"name":"wp","href":"https:\/\/api.w.org\/{rel}","templated":true}]}}