{"id":2798,"date":"2022-06-23T16:30:48","date_gmt":"2022-06-23T21:30:48","guid":{"rendered":"https:\/\/bomberos.puyo.gob.ec\/por-llamado-del-ecu-911-la-unidad-a5-se-dirigio-con-tres-efectivos-a-realizar\/"},"modified":"2022-12-30T09:09:35","modified_gmt":"2022-12-30T14:09:35","slug":"por-llamado-del-ecu-911-la-unidad-a5-se-dirigio-con-tres-efectivos-a-realizar","status":"publish","type":"post","link":"https:\/\/bomberos.puyo.gob.ec\/2019\/por-llamado-del-ecu-911-la-unidad-a5-se-dirigio-con-tres-efectivos-a-realizar\/","title":{"rendered":"Por llamado del ECU-911 la unidad A5 se dirigi\u00f3 con tres efectivos a realizar &#8230;"},"content":{"rendered":"<p><div><span><\/p>\n<p>Por llamado del ECU-911 la unidad A5 se dirigi\u00f3 con tres efectivos a realizar el transporte de un paciente masculino de 36 a\u00f1os de edad de nombre: F. V. desde el Hospital General Puyo hacia el Hospital Militar quien ser\u00e1 movilizado hacia el aeropuerto de Shell por v\u00eda a\u00e9rea.<\/p>\n<p><\/span><\/div>\n<p><a href=\"https:\/\/facebook.com\/story.php?story_fbid=pfbid0RHfeg7tQCkj3rVa7bwxy2yjyKiaCRvDrsbQBSAPvHXiPu1C48AxVq82AS3oqk3Ppl&amp;id=465093860312824&amp;eav=AfZyCzntQIxe5pi-4_MdQXhN_-b_Y72-CIznhAIAnW58N7qU_yPaCKsifYV2km6A7zk&amp;viewer=465093860312824&amp;m_entstream_source=timeline&amp;__tn__=%2As%2As-R&amp;paipv=1\" aria-label=\"Abrir historia\" class=\"_5msj\"><\/a><\/p>\n<p><a href=\"https:\/\/bomberos.puyo.gob.ec\/2019\/wp-content\/uploads\/Por-llamado-del-ECU-911-la-unidad-A5-se-dirigio-con.jpg\"><img decoding=\"async\" class=\"wp_automatic_fb_img\" title=\"\" src=\"https:\/\/bomberos.puyo.gob.ec\/2019\/wp-content\/uploads\/Por-llamado-del-ECU-911-la-unidad-A5-se-dirigio-con.jpg\" \/><\/a><br \/><a href=\"https:\/\/bomberos.puyo.gob.ec\/2019\/wp-content\/uploads\/1672409374_84_Por-llamado-del-ECU-911-la-unidad-A5-se-dirigio-con.jpg\"><img decoding=\"async\" class=\"wp_automatic_fb_img\" title=\"\" src=\"https:\/\/bomberos.puyo.gob.ec\/2019\/wp-content\/uploads\/1672409374_84_Por-llamado-del-ECU-911-la-unidad-A5-se-dirigio-con.jpg\" \/><\/a><br \/>\n<br \/><a href=\"https:\/\/www.facebook.com\/465093860312824\/posts\/2235116369977222\">en facebook&#8230; <\/a>  <\/p>\n","protected":false},"excerpt":{"rendered":"<p><div><span><\/p>\n<p>Por llamado del ECU-911 la unidad A5 se dirigi\u00f3 con tres efectivos a realizar el transporte de un paciente masculino de 36 a\u00f1os de edad de nombre: F. V. desde el Hospital General Puyo hacia el Hospital Militar quien ser\u00e1 movilizado hacia el aeropuerto de Shell por v\u00eda a\u00e9rea.<\/p>\n<p><\/span><\/div>\n<p><a href=\"https:\/\/facebook.com\/story.php?story_fbid=pfbid0RHfeg7tQCkj3rVa7bwxy2yjyKiaCRvDrsbQBSAPvHXiPu1C48AxVq82AS3oqk3Ppl&amp;id=465093860312824&amp;eav=AfZyCzntQIxe5pi-4_MdQXhN_-b_Y72-CIznhAIAnW58N7qU_yPaCKsifYV2km6A7zk&amp;viewer=465093860312824&amp;m_entstream_source=timeline&amp;__tn__=%2As%2As-R&amp;paipv=1\" aria-label=\"Abrir historia\" class=\"_5msj\"><\/a><\/p>\n<p><a href=\"https:\/\/scontent.fuio15-1.fna.fbcdn.net\/v\/t39.30808-6\/290131853_2235116319977227_271279510835282664_n.jpg?_nc_cat=104&#038;ccb=1-7&#038;_nc_sid=8bfeb9&#038;_nc_ohc=wXUmjk_MmvUAX8ymwpM&#038;_nc_ht=scontent.fuio15-1.fna&#038;oh=00_AfB6JHbnCBsOZVpnexNwf1SD33jx9_pGKDCi1P2aQ1JxKg&#038;oe=63B49B71\"><img decoding=\"async\" class=\"wp_automatic_fb_img\" title=\"\" src=\"https:\/\/scontent.fuio15-1.fna.fbcdn.net\/v\/t39.30808-6\/290131853_2235116319977227_271279510835282664_n.jpg?_nc_cat=104&#038;ccb=1-7&#038;_nc_sid=8bfeb9&#038;_nc_ohc=wXUmjk_MmvUAX8ymwpM&#038;_nc_ht=scontent.fuio15-1.fna&#038;oh=00_AfB6JHbnCBsOZVpnexNwf1SD33jx9_pGKDCi1P2aQ1JxKg&#038;oe=63B49B71\" \/><\/a><br \/><a href=\"https:\/\/scontent.fuio15-1.fna.fbcdn.net\/v\/t39.30808-6\/290195361_2235116333310559_3775366995135598960_n.jpg?_nc_cat=108&#038;ccb=1-7&#038;_nc_sid=8bfeb9&#038;_nc_ohc=ROVyU6xfPcsAX-P8cqe&#038;_nc_ht=scontent.fuio15-1.fna&#038;oh=00_AfCRmYGIedBsKUTDdhQW_jJNU_knU0NdYgT7UiWA_F2eJw&#038;oe=63B430B6\"><img decoding=\"async\" class=\"wp_automatic_fb_img\" title=\"\" src=\"https:\/\/scontent.fuio15-1.fna.fbcdn.net\/v\/t39.30808-6\/290195361_2235116333310559_3775366995135598960_n.jpg?_nc_cat=108&#038;ccb=1-7&#038;_nc_sid=8bfeb9&#038;_nc_ohc=ROVyU6xfPcsAX-P8cqe&#038;_nc_ht=scontent.fuio15-1.fna&#038;oh=00_AfCRmYGIedBsKUTDdhQW_jJNU_knU0NdYgT7UiWA_F2eJw&#038;oe=63B430B6\" \/><\/a><\/p>\n","protected":false},"author":1,"featured_media":2799,"comment_status":"open","ping_status":"open","sticky":false,"template":"","format":"standard","meta":[],"categories":[1],"tags":[42,32,722,69,300,31,30,560,523,41],"_links":{"self":[{"href":"https:\/\/bomberos.puyo.gob.ec\/2019\/wp-json\/wp\/v2\/posts\/2798"}],"collection":[{"href":"https:\/\/bomberos.puyo.gob.ec\/2019\/wp-json\/wp\/v2\/posts"}],"about":[{"href":"https:\/\/bomberos.puyo.gob.ec\/2019\/wp-json\/wp\/v2\/types\/post"}],"author":[{"embeddable":true,"href":"https:\/\/bomberos.puyo.gob.ec\/2019\/wp-json\/wp\/v2\/users\/1"}],"replies":[{"embeddable":true,"href":"https:\/\/bomberos.puyo.gob.ec\/2019\/wp-json\/wp\/v2\/comments?post=2798"}],"version-history":[{"count":1,"href":"https:\/\/bomberos.puyo.gob.ec\/2019\/wp-json\/wp\/v2\/posts\/2798\/revisions"}],"predecessor-version":[{"id":2800,"href":"https:\/\/bomberos.puyo.gob.ec\/2019\/wp-json\/wp\/v2\/posts\/2798\/revisions\/2800"}],"wp:featuredmedia":[{"embeddable":true,"href":"https:\/\/bomberos.puyo.gob.ec\/2019\/wp-json\/wp\/v2\/media\/2799"}],"wp:attachment":[{"href":"https:\/\/bomberos.puyo.gob.ec\/2019\/wp-json\/wp\/v2\/media?parent=2798"}],"wp:term":[{"taxonomy":"category","embeddable":true,"href":"https:\/\/bomberos.puyo.gob.ec\/2019\/wp-json\/wp\/v2\/categories?post=2798"},{"taxonomy":"post_tag","embeddable":true,"href":"https:\/\/bomberos.puyo.gob.ec\/2019\/wp-json\/wp\/v2\/tags?post=2798"}],"curies":[{"name":"wp","href":"https:\/\/api.w.org\/{rel}","templated":true}]}}