{"id":2792,"date":"2022-07-01T13:09:38","date_gmt":"2022-07-01T18:09:38","guid":{"rendered":"https:\/\/bomberos.puyo.gob.ec\/limpieza-de-calzada\/"},"modified":"2022-12-30T08:46:42","modified_gmt":"2022-12-30T13:46:42","slug":"limpieza-de-calzada","status":"publish","type":"post","link":"https:\/\/bomberos.puyo.gob.ec\/2019\/limpieza-de-calzada\/","title":{"rendered":"|LIMPIEZA DE CALZADA|&#8230;"},"content":{"rendered":"<p>|\ud83e\uddd1\u200d\ud83d\ude92LIMPIEZA DE CALZADA|<\/p>\n<p>\ud83d\ude92Desde el primer d\u00eda de manifestaciones el personal del Cuerpo de bomberos Municipal de |Pastaza comprometido con nuestra ciudadan\u00eda a estado presente brindado soporte de seguridad en varios aspectos como:  atenci\u00f3n prehospitalaria, rescate, traslados de pacientes en tratamientos, entrega de l\u00edquido vital a sectores vulnerables, entre otros. <\/p>\n<p>\ud83e\uddd1\u200d\ud83d\ude92\ud83d\ude92Hoy 1 de julio una vez culminado el paro nos movilizamos con las unidades cisternas y personal operativo a los diferentes puntos a realizar la limpieza de escombros, palos material p\u00e9treo, holl\u00edn entre otros materiales resultado de las movilizaciones en Pastaza.<\/p>\n<p>\ud83e\uddd1\u200d\ud83d\ude92\ud83d\ude92Es as\u00ed que  mediante un trabajo coordinado con otras instituciones se entrega las v\u00edas limpias y seguras para el tr\u00e1fico vehicular y peatonal para nuestra ciudadan\u00eda,<\/p>\n<p> ABNEGACI\u00d3N Y DISCIPLINA<\/p>\n<p><a href=\"https:\/\/bomberos.puyo.gob.ec\/2019\/wp-content\/uploads\/LIMPIEZA-DE-CALZADA.jpg\"><img decoding=\"async\" class=\"wp_automatic_fb_img\" title=\"\" src=\"https:\/\/bomberos.puyo.gob.ec\/2019\/wp-content\/uploads\/LIMPIEZA-DE-CALZADA.jpg\" \/><\/a><br \/><a href=\"https:\/\/bomberos.puyo.gob.ec\/2019\/wp-content\/uploads\/1672408001_59_LIMPIEZA-DE-CALZADA.jpg\"><img decoding=\"async\" class=\"wp_automatic_fb_img\" title=\"\" src=\"https:\/\/bomberos.puyo.gob.ec\/2019\/wp-content\/uploads\/1672408001_59_LIMPIEZA-DE-CALZADA.jpg\" \/><\/a><br \/><a href=\"https:\/\/bomberos.puyo.gob.ec\/2019\/wp-content\/uploads\/1672408001_33_LIMPIEZA-DE-CALZADA.jpg\"><img decoding=\"async\" class=\"wp_automatic_fb_img\" title=\"\" src=\"https:\/\/bomberos.puyo.gob.ec\/2019\/wp-content\/uploads\/1672408001_33_LIMPIEZA-DE-CALZADA.jpg\" \/><\/a><br \/>\n<br \/><a href=\"https:\/\/www.facebook.com\/465093860312824\/posts\/2241446519344207\">en facebook&#8230; <\/a>  <\/p>\n","protected":false},"excerpt":{"rendered":"<p>|\ud83e\uddd1\u200d\ud83d\ude92LIMPIEZA DE CALZADA|<\/p>\n<p>\ud83d\ude92Desde el primer d\u00eda de manifestaciones el personal del Cuerpo de bomberos Municipal de |Pastaza comprometido con nuestra ciudadan\u00eda a estado presente brindado soporte de seguridad en varios aspectos como:  atenci\u00f3n prehospitalaria, rescate, traslados de pacientes en tratamientos, entrega de l\u00edquido vital a sectores vulnerables, entre otros. <\/p>\n<p>\ud83e\uddd1\u200d\ud83d\ude92\ud83d\ude92Hoy 1 de julio una vez culminado el paro nos movilizamos con las unidades cisternas y personal operativo a los diferentes puntos a realizar la limpieza de escombros, palos material p\u00e9treo, holl\u00edn entre otros materiales resultado de las movilizaciones en Pastaza.<\/p>\n<p>\ud83e\uddd1\u200d\ud83d\ude92\ud83d\ude92Es as\u00ed que  mediante un trabajo coordinado con otras instituciones se entrega las v\u00edas limpias y seguras para el tr\u00e1fico vehicular y peatonal para nuestra ciudadan\u00eda,<\/p>\n<p> ABNEGACI\u00d3N Y DISCIPLINA<\/p>\n<p><a href=\"https:\/\/scontent.fuio15-1.fna.fbcdn.net\/v\/t39.30808-6\/291705353_2241446442677548_2210773978430539213_n.jpg?stp=cp6_dst-jpg&#038;_nc_cat=109&#038;ccb=1-7&#038;_nc_sid=8bfeb9&#038;_nc_ohc=y0Cgr4w4dOAAX8XQPnp&#038;_nc_ht=scontent.fuio15-1.fna&#038;oh=00_AfD95PwjEsDCGOrcqhdiGlWHFS_8b3mnNLKX8bLnjhbZ9w&#038;oe=63B3B74D\"><img decoding=\"async\" class=\"wp_automatic_fb_img\" title=\"\" src=\"https:\/\/scontent.fuio15-1.fna.fbcdn.net\/v\/t39.30808-6\/291705353_2241446442677548_2210773978430539213_n.jpg?stp=cp6_dst-jpg&#038;_nc_cat=109&#038;ccb=1-7&#038;_nc_sid=8bfeb9&#038;_nc_ohc=y0Cgr4w4dOAAX8XQPnp&#038;_nc_ht=scontent.fuio15-1.fna&#038;oh=00_AfD95PwjEsDCGOrcqhdiGlWHFS_8b3mnNLKX8bLnjhbZ9w&#038;oe=63B3B74D\" \/><\/a><br \/><a href=\"https:\/\/scontent.fuio15-1.fna.fbcdn.net\/v\/t39.30808-6\/291785672_2241446446010881_1011512504649935503_n.jpg?stp=cp6_dst-jpg&#038;_nc_cat=108&#038;ccb=1-7&#038;_nc_sid=8bfeb9&#038;_nc_ohc=ZKScWLBykFkAX80vr7-&#038;_nc_ht=scontent.fuio15-1.fna&#038;oh=00_AfAIrioDW1F-KPBcz1k42d9zCESZx6saAXL5lVwjxgpIdQ&#038;oe=63B44662\"><img decoding=\"async\" class=\"wp_automatic_fb_img\" title=\"\" src=\"https:\/\/scontent.fuio15-1.fna.fbcdn.net\/v\/t39.30808-6\/291785672_2241446446010881_1011512504649935503_n.jpg?stp=cp6_dst-jpg&#038;_nc_cat=108&#038;ccb=1-7&#038;_nc_sid=8bfeb9&#038;_nc_ohc=ZKScWLBykFkAX80vr7-&#038;_nc_ht=scontent.fuio15-1.fna&#038;oh=00_AfAIrioDW1F-KPBcz1k42d9zCESZx6saAXL5lVwjxgpIdQ&#038;oe=63B44662\" \/><\/a><br \/><a href=\"https:\/\/scontent.fuio15-1.fna.fbcdn.net\/v\/t39.30808-6\/291621451_2241446456010880_8672785552339304810_n.jpg?stp=cp6_dst-jpg&#038;_nc_cat=103&#038;ccb=1-7&#038;_nc_sid=8bfeb9&#038;_nc_ohc=NPirJRJYEv8AX-HOQ5A&#038;_nc_ht=scontent.fuio15-1.fna&#038;oh=00_AfDANE-V5V3pAbKVQz4pHxJV7OrfzHpMaBRPAzED9hR3Hg&#038;oe=63B379E9\"><img decoding=\"async\" class=\"wp_automatic_fb_img\" title=\"\" src=\"https:\/\/scontent.fuio15-1.fna.fbcdn.net\/v\/t39.30808-6\/291621451_2241446456010880_8672785552339304810_n.jpg?stp=cp6_dst-jpg&#038;_nc_cat=103&#038;ccb=1-7&#038;_nc_sid=8bfeb9&#038;_nc_ohc=NPirJRJYEv8AX-HOQ5A&#038;_nc_ht=scontent.fuio15-1.fna&#038;oh=00_AfDANE-V5V3pAbKVQz4pHxJV7OrfzHpMaBRPAzED9hR3Hg&#038;oe=63B379E9\" \/><\/a><\/p>\n","protected":false},"author":1,"featured_media":2793,"comment_status":"open","ping_status":"open","sticky":false,"template":"","format":"standard","meta":[],"categories":[1],"tags":[603,295],"_links":{"self":[{"href":"https:\/\/bomberos.puyo.gob.ec\/2019\/wp-json\/wp\/v2\/posts\/2792"}],"collection":[{"href":"https:\/\/bomberos.puyo.gob.ec\/2019\/wp-json\/wp\/v2\/posts"}],"about":[{"href":"https:\/\/bomberos.puyo.gob.ec\/2019\/wp-json\/wp\/v2\/types\/post"}],"author":[{"embeddable":true,"href":"https:\/\/bomberos.puyo.gob.ec\/2019\/wp-json\/wp\/v2\/users\/1"}],"replies":[{"embeddable":true,"href":"https:\/\/bomberos.puyo.gob.ec\/2019\/wp-json\/wp\/v2\/comments?post=2792"}],"version-history":[{"count":1,"href":"https:\/\/bomberos.puyo.gob.ec\/2019\/wp-json\/wp\/v2\/posts\/2792\/revisions"}],"predecessor-version":[{"id":2794,"href":"https:\/\/bomberos.puyo.gob.ec\/2019\/wp-json\/wp\/v2\/posts\/2792\/revisions\/2794"}],"wp:featuredmedia":[{"embeddable":true,"href":"https:\/\/bomberos.puyo.gob.ec\/2019\/wp-json\/wp\/v2\/media\/2793"}],"wp:attachment":[{"href":"https:\/\/bomberos.puyo.gob.ec\/2019\/wp-json\/wp\/v2\/media?parent=2792"}],"wp:term":[{"taxonomy":"category","embeddable":true,"href":"https:\/\/bomberos.puyo.gob.ec\/2019\/wp-json\/wp\/v2\/categories?post=2792"},{"taxonomy":"post_tag","embeddable":true,"href":"https:\/\/bomberos.puyo.gob.ec\/2019\/wp-json\/wp\/v2\/tags?post=2792"}],"curies":[{"name":"wp","href":"https:\/\/api.w.org\/{rel}","templated":true}]}}