{"id":2787,"date":"2022-07-01T23:59:14","date_gmt":"2022-07-02T04:59:14","guid":{"rendered":"https:\/\/bomberos.puyo.gob.ec\/rescate-felino\/"},"modified":"2022-12-30T08:22:29","modified_gmt":"2022-12-30T13:22:29","slug":"rescate-felino","status":"publish","type":"post","link":"https:\/\/bomberos.puyo.gob.ec\/2019\/rescate-felino\/","title":{"rendered":"|RESCATE FELINO|&#8230;"},"content":{"rendered":"<p>\ud83e\uddd1\u200d\ud83d\ude92|RESCATE FELINO|\ud83d\udc08<\/p>\n<p>Luego de una llamada del Ecu911 el personal de rescate se dirige a las calles Ceslao Marin y Manabi, en el lugar se toma cont\u00e1cto con la Sra. P. H. quien informa que su felino llamado Princess se encuentra desparecido desde hace m\u00e1s de 10 d\u00edas. <\/p>\n<p>\ud83e\uddd1\u200d\ud83d\ude92Siguiendo rastros y maullidos en un terreno bald\u00edo pantanoso del sector se logr\u00f3 verificar que el felino se encontraba lecionado y sin poder salir de los matorrales, el personal realiza la b\u00fasqueda utilizando los equipos adecuados e iluminaci\u00f3n nocturna adecuada para lograr el rescate.<\/p>\n<p> \ud83e\uddd1\u200d\ud83d\ude92Despu\u00e9s de un gran esfuerzo \u201cPricess\u201d fue rescatado con \u00e9xito y luego entregado a su humano para su tratamiento respectivo. <\/p>\n<p>Par\u00e1 bomberos Puyo toda forma de vida es<br \/>\nImportante \ud83d\udc08<\/p>\n<p> *ABNEGACI\u00d3N Y* *DISCIPLINA*<\/p>\n<p><a href=\"https:\/\/bomberos.puyo.gob.ec\/2019\/wp-content\/uploads\/RESCATE-FELINO.jpg\"><img decoding=\"async\" class=\"wp_automatic_fb_img\" title=\"\" src=\"https:\/\/bomberos.puyo.gob.ec\/2019\/wp-content\/uploads\/RESCATE-FELINO.jpg\" \/><\/a><br \/><a href=\"https:\/\/bomberos.puyo.gob.ec\/2019\/wp-content\/uploads\/1672406547_18_RESCATE-FELINO.jpg\"><img decoding=\"async\" class=\"wp_automatic_fb_img\" title=\"\" src=\"https:\/\/bomberos.puyo.gob.ec\/2019\/wp-content\/uploads\/1672406547_18_RESCATE-FELINO.jpg\" \/><\/a><br \/><a href=\"https:\/\/bomberos.puyo.gob.ec\/2019\/wp-content\/uploads\/1672406547_360_RESCATE-FELINO.jpg\"><img decoding=\"async\" class=\"wp_automatic_fb_img\" title=\"\" src=\"https:\/\/bomberos.puyo.gob.ec\/2019\/wp-content\/uploads\/1672406547_360_RESCATE-FELINO.jpg\" \/><\/a><br \/>\n<br \/><a href=\"https:\/\/www.facebook.com\/465093860312824\/posts\/2241786212643571\">en facebook&#8230; <\/a>  <\/p>\n","protected":false},"excerpt":{"rendered":"<p>\ud83e\uddd1\u200d\ud83d\ude92|RESCATE FELINO|\ud83d\udc08<\/p>\n<p>Luego de una llamada del Ecu911 el personal de rescate se dirige a las calles Ceslao Marin y Manabi, en el lugar se toma cont\u00e1cto con la Sra. P. H. quien informa que su felino llamado Princess se encuentra desparecido desde hace m\u00e1s de 10 d\u00edas. <\/p>\n<p>\ud83e\uddd1\u200d\ud83d\ude92Siguiendo rastros y maullidos en un terreno bald\u00edo pantanoso del sector se logr\u00f3 verificar que el felino se encontraba lecionado y sin poder salir de los matorrales, el personal realiza la b\u00fasqueda utilizando los equipos adecuados e iluminaci\u00f3n nocturna adecuada para lograr el rescate.<\/p>\n<p> \ud83e\uddd1\u200d\ud83d\ude92Despu\u00e9s de un gran esfuerzo \u201cPricess\u201d fue rescatado con \u00e9xito y luego entregado a su humano para su tratamiento respectivo. <\/p>\n<p>Par\u00e1 bomberos Puyo toda forma de vida es<br \/>\nImportante \ud83d\udc08<\/p>\n<p> *ABNEGACI\u00d3N Y* *DISCIPLINA*<\/p>\n<p><a href=\"https:\/\/scontent.fuio15-1.fna.fbcdn.net\/v\/t39.30808-6\/291132190_2241786145976911_1972388170112833581_n.jpg?stp=cp6_dst-jpg&#038;_nc_cat=103&#038;ccb=1-7&#038;_nc_sid=8bfeb9&#038;_nc_ohc=g2N52e0MOMoAX863o8l&#038;_nc_ht=scontent.fuio15-1.fna&#038;oh=00_AfCSD0kVNEpyaZDs3DbA1mC08PWqq4cJRRpFSfBfNcLikw&#038;oe=63B2E5E9\"><img decoding=\"async\" class=\"wp_automatic_fb_img\" title=\"\" src=\"https:\/\/scontent.fuio15-1.fna.fbcdn.net\/v\/t39.30808-6\/291132190_2241786145976911_1972388170112833581_n.jpg?stp=cp6_dst-jpg&#038;_nc_cat=103&#038;ccb=1-7&#038;_nc_sid=8bfeb9&#038;_nc_ohc=g2N52e0MOMoAX863o8l&#038;_nc_ht=scontent.fuio15-1.fna&#038;oh=00_AfCSD0kVNEpyaZDs3DbA1mC08PWqq4cJRRpFSfBfNcLikw&#038;oe=63B2E5E9\" \/><\/a><br \/><a href=\"https:\/\/scontent.fuio15-1.fna.fbcdn.net\/v\/t39.30808-6\/290783153_2241786149310244_4510144233376784118_n.jpg?stp=cp6_dst-jpg&#038;_nc_cat=104&#038;ccb=1-7&#038;_nc_sid=8bfeb9&#038;_nc_ohc=WQ_xEZIOMjsAX9I246q&#038;_nc_ht=scontent.fuio15-1.fna&#038;oh=00_AfAxNReJ8CUhDAWb9FUik26w65nS4jXSmDzfO7hoecMAVQ&#038;oe=63B30B0C\"><img decoding=\"async\" class=\"wp_automatic_fb_img\" title=\"\" src=\"https:\/\/scontent.fuio15-1.fna.fbcdn.net\/v\/t39.30808-6\/290783153_2241786149310244_4510144233376784118_n.jpg?stp=cp6_dst-jpg&#038;_nc_cat=104&#038;ccb=1-7&#038;_nc_sid=8bfeb9&#038;_nc_ohc=WQ_xEZIOMjsAX9I246q&#038;_nc_ht=scontent.fuio15-1.fna&#038;oh=00_AfAxNReJ8CUhDAWb9FUik26w65nS4jXSmDzfO7hoecMAVQ&#038;oe=63B30B0C\" \/><\/a><br \/><a href=\"https:\/\/scontent.fuio15-1.fna.fbcdn.net\/v\/t39.30808-6\/290436884_2241786159310243_4244906393554772947_n.jpg?stp=cp6_dst-jpg&#038;_nc_cat=107&#038;ccb=1-7&#038;_nc_sid=8bfeb9&#038;_nc_ohc=MB2vYvq9f5sAX8GPoC1&#038;_nc_ht=scontent.fuio15-1.fna&#038;oh=00_AfDm3P8McjaspNNqTdoU86XWvUVl5VWNN6a2pSW2JdIdeg&#038;oe=63B35D54\"><img decoding=\"async\" class=\"wp_automatic_fb_img\" title=\"\" src=\"https:\/\/scontent.fuio15-1.fna.fbcdn.net\/v\/t39.30808-6\/290436884_2241786159310243_4244906393554772947_n.jpg?stp=cp6_dst-jpg&#038;_nc_cat=107&#038;ccb=1-7&#038;_nc_sid=8bfeb9&#038;_nc_ohc=MB2vYvq9f5sAX8GPoC1&#038;_nc_ht=scontent.fuio15-1.fna&#038;oh=00_AfDm3P8McjaspNNqTdoU86XWvUVl5VWNN6a2pSW2JdIdeg&#038;oe=63B35D54\" \/><\/a><\/p>\n","protected":false},"author":1,"featured_media":2788,"comment_status":"open","ping_status":"open","sticky":false,"template":"","format":"standard","meta":[],"categories":[1],"tags":[790,183],"_links":{"self":[{"href":"https:\/\/bomberos.puyo.gob.ec\/2019\/wp-json\/wp\/v2\/posts\/2787"}],"collection":[{"href":"https:\/\/bomberos.puyo.gob.ec\/2019\/wp-json\/wp\/v2\/posts"}],"about":[{"href":"https:\/\/bomberos.puyo.gob.ec\/2019\/wp-json\/wp\/v2\/types\/post"}],"author":[{"embeddable":true,"href":"https:\/\/bomberos.puyo.gob.ec\/2019\/wp-json\/wp\/v2\/users\/1"}],"replies":[{"embeddable":true,"href":"https:\/\/bomberos.puyo.gob.ec\/2019\/wp-json\/wp\/v2\/comments?post=2787"}],"version-history":[{"count":1,"href":"https:\/\/bomberos.puyo.gob.ec\/2019\/wp-json\/wp\/v2\/posts\/2787\/revisions"}],"predecessor-version":[{"id":2789,"href":"https:\/\/bomberos.puyo.gob.ec\/2019\/wp-json\/wp\/v2\/posts\/2787\/revisions\/2789"}],"wp:featuredmedia":[{"embeddable":true,"href":"https:\/\/bomberos.puyo.gob.ec\/2019\/wp-json\/wp\/v2\/media\/2788"}],"wp:attachment":[{"href":"https:\/\/bomberos.puyo.gob.ec\/2019\/wp-json\/wp\/v2\/media?parent=2787"}],"wp:term":[{"taxonomy":"category","embeddable":true,"href":"https:\/\/bomberos.puyo.gob.ec\/2019\/wp-json\/wp\/v2\/categories?post=2787"},{"taxonomy":"post_tag","embeddable":true,"href":"https:\/\/bomberos.puyo.gob.ec\/2019\/wp-json\/wp\/v2\/tags?post=2787"}],"curies":[{"name":"wp","href":"https:\/\/api.w.org\/{rel}","templated":true}]}}