{"id":2781,"date":"2022-07-04T22:33:48","date_gmt":"2022-07-05T03:33:48","guid":{"rendered":"https:\/\/bomberos.puyo.gob.ec\/emergencia-medica-la-unidad-a5-se-dirigio-al-sector-del-sandalias-via-maca\/"},"modified":"2022-12-30T07:55:37","modified_gmt":"2022-12-30T12:55:37","slug":"emergencia-medica-la-unidad-a5-se-dirigio-al-sector-del-sandalias-via-maca","status":"publish","type":"post","link":"https:\/\/bomberos.puyo.gob.ec\/2019\/emergencia-medica-la-unidad-a5-se-dirigio-al-sector-del-sandalias-via-maca\/","title":{"rendered":"|EMERGENCIA M\u00c9DICA|\n La unidad A5 se dirigi\u00f3 al sector del Sandalias  v\u00eda Maca&#8230;"},"content":{"rendered":"<div><span><\/p>\n<p>|EMERGENCIA M\u00c9DICA|<\/p>\n<p> La unidad A5 se dirigi\u00f3 al sector del Sandalias  v\u00eda Macas, en el punto se atiende a un paciente  de nombre: S. L. M. S. de 74 a\u00f1os de edad, mismo que presenta politraumatismo por motivo de un accidente de tr\u00e1nsito en un autom\u00f3vil.<br \/> Es valorado en el lugar dej\u00e1ndolo estable a cargo del familiar.<\/p>\n<p><\/span><\/div>\n<p><a href=\"https:\/\/facebook.com\/story.php?story_fbid=pfbid029CTy96n3rQ4AzZACmALu7LbPMVucKXi6DH5a1tFmpVEobYevNHVyetRP7UypvR7Sl&amp;id=465093860312824&amp;eav=Afbt_xYVA7YyWZiRgXVsqGhQ_lj2U5-cAGQZx6TqlLlEBPt8NaFEyfJ9jMoHFvYpqTA&amp;viewer=465093860312824&amp;m_entstream_source=timeline&amp;__tn__=%2As%2As-R&amp;paipv=1\" aria-label=\"Abrir historia\" class=\"_5msj\"><\/a><\/p>\n<p><a href=\"https:\/\/bomberos.puyo.gob.ec\/2019\/wp-content\/uploads\/EMERGENCIA-MEDICA-La-unidad-A5-se-dirigio-al-sector-del.jpg\"><img decoding=\"async\" class=\"wp_automatic_fb_img\" title=\"\" src=\"https:\/\/bomberos.puyo.gob.ec\/2019\/wp-content\/uploads\/EMERGENCIA-MEDICA-La-unidad-A5-se-dirigio-al-sector-del.jpg\" \/><\/a><br \/><a href=\"https:\/\/bomberos.puyo.gob.ec\/2019\/wp-content\/uploads\/1672404936_610_EMERGENCIA-MEDICA-La-unidad-A5-se-dirigio-al-sector-del.jpg\"><img decoding=\"async\" class=\"wp_automatic_fb_img\" title=\"\" src=\"https:\/\/bomberos.puyo.gob.ec\/2019\/wp-content\/uploads\/1672404936_610_EMERGENCIA-MEDICA-La-unidad-A5-se-dirigio-al-sector-del.jpg\" \/><\/a><br \/>\n<br \/><a href=\"https:\/\/www.facebook.com\/465093860312824\/posts\/2243995735755952\">en facebook&#8230; <\/a>  <\/p>\n","protected":false},"excerpt":{"rendered":"<div><span><\/p>\n<p>|EMERGENCIA M\u00c9DICA|<\/p>\n<p> La unidad A5 se dirigi\u00f3 al sector del Sandalias  v\u00eda Macas, en el punto se atiende a un paciente  de nombre: S. L. M. S. de 74 a\u00f1os de edad, mismo que presenta politraumatismo por motivo de un accidente de tr\u00e1nsito en un autom\u00f3vil.<br \/> Es valorado en el lugar dej\u00e1ndolo estable a cargo del familiar.<\/p>\n<p><\/span><\/div>\n<p><a href=\"https:\/\/facebook.com\/story.php?story_fbid=pfbid029CTy96n3rQ4AzZACmALu7LbPMVucKXi6DH5a1tFmpVEobYevNHVyetRP7UypvR7Sl&amp;id=465093860312824&amp;eav=Afbt_xYVA7YyWZiRgXVsqGhQ_lj2U5-cAGQZx6TqlLlEBPt8NaFEyfJ9jMoHFvYpqTA&amp;viewer=465093860312824&amp;m_entstream_source=timeline&amp;__tn__=%2As%2As-R&amp;paipv=1\" aria-label=\"Abrir historia\" class=\"_5msj\"><\/a><\/p>\n<p><a href=\"https:\/\/scontent.fuio15-1.fna.fbcdn.net\/v\/t39.30808-6\/292156216_2243995689089290_9112421145269425490_n.jpg?stp=cp6_dst-jpg&#038;_nc_cat=111&#038;ccb=1-7&#038;_nc_sid=8bfeb9&#038;_nc_ohc=hGKzIwJm7QYAX9z77L6&#038;_nc_ht=scontent.fuio15-1.fna&#038;oh=00_AfB0ic_Gc_rw1vZDwyOhp4Aim3bJk1f_oUMJjGmEjU2P7g&#038;oe=63B2F4A6\"><img decoding=\"async\" class=\"wp_automatic_fb_img\" title=\"\" src=\"https:\/\/scontent.fuio15-1.fna.fbcdn.net\/v\/t39.30808-6\/292156216_2243995689089290_9112421145269425490_n.jpg?stp=cp6_dst-jpg&#038;_nc_cat=111&#038;ccb=1-7&#038;_nc_sid=8bfeb9&#038;_nc_ohc=hGKzIwJm7QYAX9z77L6&#038;_nc_ht=scontent.fuio15-1.fna&#038;oh=00_AfB0ic_Gc_rw1vZDwyOhp4Aim3bJk1f_oUMJjGmEjU2P7g&#038;oe=63B2F4A6\" \/><\/a><br \/><a href=\"https:\/\/scontent.fuio15-1.fna.fbcdn.net\/v\/t39.30808-6\/292250878_2243995705755955_8441411657941280766_n.jpg?stp=cp6_dst-jpg&#038;_nc_cat=100&#038;ccb=1-7&#038;_nc_sid=8bfeb9&#038;_nc_ohc=d3a0b_9b5pQAX_c7bT_&#038;_nc_oc=AQmztsImAfyHd3Y43eaPR31Ec4QA1Q2BZnFyoNsutmLMbbbsqic4uGGivTqPFRZW1Es&#038;_nc_ht=scontent.fuio15-1.fna&#038;oh=00_AfDkRwZFnB1LVX06aqmhLSc18NqDFe3AdlvB9E9zxKRkGA&#038;oe=63B4B8E5\"><img decoding=\"async\" class=\"wp_automatic_fb_img\" title=\"\" src=\"https:\/\/scontent.fuio15-1.fna.fbcdn.net\/v\/t39.30808-6\/292250878_2243995705755955_8441411657941280766_n.jpg?stp=cp6_dst-jpg&#038;_nc_cat=100&#038;ccb=1-7&#038;_nc_sid=8bfeb9&#038;_nc_ohc=d3a0b_9b5pQAX_c7bT_&#038;_nc_oc=AQmztsImAfyHd3Y43eaPR31Ec4QA1Q2BZnFyoNsutmLMbbbsqic4uGGivTqPFRZW1Es&#038;_nc_ht=scontent.fuio15-1.fna&#038;oh=00_AfDkRwZFnB1LVX06aqmhLSc18NqDFe3AdlvB9E9zxKRkGA&#038;oe=63B4B8E5\" \/><\/a><\/p>\n","protected":false},"author":1,"featured_media":2782,"comment_status":"open","ping_status":"open","sticky":false,"template":"","format":"standard","meta":[],"categories":[1],"tags":[32,722,182,963,251,962,276,41,609],"_links":{"self":[{"href":"https:\/\/bomberos.puyo.gob.ec\/2019\/wp-json\/wp\/v2\/posts\/2781"}],"collection":[{"href":"https:\/\/bomberos.puyo.gob.ec\/2019\/wp-json\/wp\/v2\/posts"}],"about":[{"href":"https:\/\/bomberos.puyo.gob.ec\/2019\/wp-json\/wp\/v2\/types\/post"}],"author":[{"embeddable":true,"href":"https:\/\/bomberos.puyo.gob.ec\/2019\/wp-json\/wp\/v2\/users\/1"}],"replies":[{"embeddable":true,"href":"https:\/\/bomberos.puyo.gob.ec\/2019\/wp-json\/wp\/v2\/comments?post=2781"}],"version-history":[{"count":1,"href":"https:\/\/bomberos.puyo.gob.ec\/2019\/wp-json\/wp\/v2\/posts\/2781\/revisions"}],"predecessor-version":[{"id":2783,"href":"https:\/\/bomberos.puyo.gob.ec\/2019\/wp-json\/wp\/v2\/posts\/2781\/revisions\/2783"}],"wp:featuredmedia":[{"embeddable":true,"href":"https:\/\/bomberos.puyo.gob.ec\/2019\/wp-json\/wp\/v2\/media\/2782"}],"wp:attachment":[{"href":"https:\/\/bomberos.puyo.gob.ec\/2019\/wp-json\/wp\/v2\/media?parent=2781"}],"wp:term":[{"taxonomy":"category","embeddable":true,"href":"https:\/\/bomberos.puyo.gob.ec\/2019\/wp-json\/wp\/v2\/categories?post=2781"},{"taxonomy":"post_tag","embeddable":true,"href":"https:\/\/bomberos.puyo.gob.ec\/2019\/wp-json\/wp\/v2\/tags?post=2781"}],"curies":[{"name":"wp","href":"https:\/\/api.w.org\/{rel}","templated":true}]}}