{"id":2778,"date":"2022-07-04T22:37:43","date_gmt":"2022-07-05T03:37:43","guid":{"rendered":"https:\/\/bomberos.puyo.gob.ec\/emergencia-medica-36\/"},"modified":"2022-12-30T07:50:44","modified_gmt":"2022-12-30T12:50:44","slug":"emergencia-medica-36","status":"publish","type":"post","link":"https:\/\/bomberos.puyo.gob.ec\/2019\/emergencia-medica-36\/","title":{"rendered":"|EMERGENCIA M\u00c9DICA|&#8230;"},"content":{"rendered":"<p>|EMERGENCIA M\u00c9DICA|<\/p>\n<p>\ud83d\udea8 La unidad A5 se dirigi\u00f3 al km 3 v\u00eda a la parroquia 10 De Agosto en el punto se atiende al paciente de nombre: J. E. L. E. de 24 a\u00f1os de edad, mismo que presenta Fractura Cerrada a nivel de la tibia izquierda por motivo de un accidente de tr\u00e1nsito en motocicleta.<\/p>\n<p>\ud83d\ude91 Es trasladado al hospital general puyo donde lo recibe el m\u00e9dico de turno.<\/p>\n<p><a href=\"https:\/\/bomberos.puyo.gob.ec\/2019\/wp-content\/uploads\/1672404643_685_EMERGENCIA-MEDICA.jpg\"><img decoding=\"async\" class=\"wp_automatic_fb_img\" title=\"\" src=\"https:\/\/bomberos.puyo.gob.ec\/2019\/wp-content\/uploads\/1672404643_685_EMERGENCIA-MEDICA.jpg\" \/><\/a><br \/>\n<br \/><a href=\"https:\/\/www.facebook.com\/465093860312824\/posts\/2243998925755633\">en facebook&#8230; <\/a>  <\/p>\n","protected":false},"excerpt":{"rendered":"<p>|EMERGENCIA M\u00c9DICA|<\/p>\n<p>\ud83d\udea8 La unidad A5 se dirigi\u00f3 al km 3 v\u00eda a la parroquia 10 De Agosto en el punto se atiende al paciente de nombre: J. E. L. E. de 24 a\u00f1os de edad, mismo que presenta Fractura Cerrada a nivel de la tibia izquierda por motivo de un accidente de tr\u00e1nsito en motocicleta.<\/p>\n<p>\ud83d\ude91 Es trasladado al hospital general puyo donde lo recibe el m\u00e9dico de turno.<\/p>\n<p><a href=\"https:\/\/scontent.fuio15-1.fna.fbcdn.net\/v\/t39.30808-6\/292196183_2243998845755641_5915056823293392225_n.jpg?stp=cp6_dst-jpg_s720x720&#038;_nc_cat=111&#038;ccb=1-7&#038;_nc_sid=8bfeb9&#038;_nc_ohc=ocy1lc5Cqi8AX9hR1Qu&#038;_nc_ht=scontent.fuio15-1.fna&#038;oh=00_AfAgNmEOy81X8V4smH5LlYIB193U9i_4Y6BtDd2NmRikAg&#038;oe=63B41058\"><img decoding=\"async\" class=\"wp_automatic_fb_img\" title=\"\" src=\"https:\/\/scontent.fuio15-1.fna.fbcdn.net\/v\/t39.30808-6\/292196183_2243998845755641_5915056823293392225_n.jpg?stp=cp6_dst-jpg_s720x720&#038;_nc_cat=111&#038;ccb=1-7&#038;_nc_sid=8bfeb9&#038;_nc_ohc=ocy1lc5Cqi8AX9hR1Qu&#038;_nc_ht=scontent.fuio15-1.fna&#038;oh=00_AfAgNmEOy81X8V4smH5LlYIB193U9i_4Y6BtDd2NmRikAg&#038;oe=63B41058\" \/><\/a><\/p>\n","protected":false},"author":1,"featured_media":2779,"comment_status":"open","ping_status":"open","sticky":false,"template":"","format":"standard","meta":[],"categories":[1],"tags":[182,251],"_links":{"self":[{"href":"https:\/\/bomberos.puyo.gob.ec\/2019\/wp-json\/wp\/v2\/posts\/2778"}],"collection":[{"href":"https:\/\/bomberos.puyo.gob.ec\/2019\/wp-json\/wp\/v2\/posts"}],"about":[{"href":"https:\/\/bomberos.puyo.gob.ec\/2019\/wp-json\/wp\/v2\/types\/post"}],"author":[{"embeddable":true,"href":"https:\/\/bomberos.puyo.gob.ec\/2019\/wp-json\/wp\/v2\/users\/1"}],"replies":[{"embeddable":true,"href":"https:\/\/bomberos.puyo.gob.ec\/2019\/wp-json\/wp\/v2\/comments?post=2778"}],"version-history":[{"count":1,"href":"https:\/\/bomberos.puyo.gob.ec\/2019\/wp-json\/wp\/v2\/posts\/2778\/revisions"}],"predecessor-version":[{"id":2780,"href":"https:\/\/bomberos.puyo.gob.ec\/2019\/wp-json\/wp\/v2\/posts\/2778\/revisions\/2780"}],"wp:featuredmedia":[{"embeddable":true,"href":"https:\/\/bomberos.puyo.gob.ec\/2019\/wp-json\/wp\/v2\/media\/2779"}],"wp:attachment":[{"href":"https:\/\/bomberos.puyo.gob.ec\/2019\/wp-json\/wp\/v2\/media?parent=2778"}],"wp:term":[{"taxonomy":"category","embeddable":true,"href":"https:\/\/bomberos.puyo.gob.ec\/2019\/wp-json\/wp\/v2\/categories?post=2778"},{"taxonomy":"post_tag","embeddable":true,"href":"https:\/\/bomberos.puyo.gob.ec\/2019\/wp-json\/wp\/v2\/tags?post=2778"}],"curies":[{"name":"wp","href":"https:\/\/api.w.org\/{rel}","templated":true}]}}