{"id":2766,"date":"2022-07-12T08:15:45","date_gmt":"2022-07-12T13:15:45","guid":{"rendered":"https:\/\/bomberos.puyo.gob.ec\/emergencia-medica-34\/"},"modified":"2022-12-30T07:24:55","modified_gmt":"2022-12-30T12:24:55","slug":"emergencia-medica-34","status":"publish","type":"post","link":"https:\/\/bomberos.puyo.gob.ec\/2019\/emergencia-medica-34\/","title":{"rendered":"|EMERGENCIA M\u00c9DICA|&#8230;"},"content":{"rendered":"<p>|EMERGENCIA M\u00c9DICA|<\/p>\n<p>La unidad A5 se dirigi\u00f3 a la V\u00eda a la Tarqui frente a la entrada de la escuela el Milenium, llegando al lugar se verifica que la unidad A5 no puede ingresar por un camino de tercer orden, Polic\u00eda Nacional procede a ingresar y extrae hasta la v\u00eda principal al paciente, donde se verifica que el joven de nombre: K. G. S. F., de 17 a\u00f1os de edad, se encuentra sin signos vitales. Debido a que a ingerido un Raticida por problemas familiares. <\/p>\n<p>Se procede a comunicar al Ecu-911, quedando a cargo de Polic\u00eda Nacional( Dinased).<\/p>\n<p><a href=\"https:\/\/bomberos.puyo.gob.ec\/2019\/wp-content\/uploads\/1672403094_125_EMERGENCIA-MEDICA.jpg\"><img decoding=\"async\" class=\"wp_automatic_fb_img\" title=\"\" src=\"https:\/\/bomberos.puyo.gob.ec\/2019\/wp-content\/uploads\/1672403094_125_EMERGENCIA-MEDICA.jpg\" \/><\/a><br \/>\n<br \/><a href=\"https:\/\/www.facebook.com\/465093860312824\/posts\/2249760248512834\">en facebook&#8230; <\/a>  <\/p>\n","protected":false},"excerpt":{"rendered":"<p>|EMERGENCIA M\u00c9DICA|<\/p>\n<p>La unidad A5 se dirigi\u00f3 a la V\u00eda a la Tarqui frente a la entrada de la escuela el Milenium, llegando al lugar se verifica que la unidad A5 no puede ingresar por un camino de tercer orden, Polic\u00eda Nacional procede a ingresar y extrae hasta la v\u00eda principal al paciente, donde se verifica que el joven de nombre: K. G. S. F., de 17 a\u00f1os de edad, se encuentra sin signos vitales. Debido a que a ingerido un Raticida por problemas familiares. <\/p>\n<p>Se procede a comunicar al Ecu-911, quedando a cargo de Polic\u00eda Nacional( Dinased).<\/p>\n<p><a href=\"https:\/\/scontent.fuio15-1.fna.fbcdn.net\/v\/t39.30808-6\/293495126_2249760215179504_1822936447163217965_n.jpg?stp=cp6_dst-jpg_s640x640&#038;_nc_cat=111&#038;ccb=1-7&#038;_nc_sid=8bfeb9&#038;_nc_ohc=4bRIWVjVPkcAX_41DhR&#038;_nc_ht=scontent.fuio15-1.fna&#038;oh=00_AfBwgL3DtGU0iABcwjRQyhPppMRjk5fqFx5mFQCDPB4IQg&#038;oe=63B2DECB\"><img decoding=\"async\" class=\"wp_automatic_fb_img\" title=\"\" src=\"https:\/\/scontent.fuio15-1.fna.fbcdn.net\/v\/t39.30808-6\/293495126_2249760215179504_1822936447163217965_n.jpg?stp=cp6_dst-jpg_s640x640&#038;_nc_cat=111&#038;ccb=1-7&#038;_nc_sid=8bfeb9&#038;_nc_ohc=4bRIWVjVPkcAX_41DhR&#038;_nc_ht=scontent.fuio15-1.fna&#038;oh=00_AfBwgL3DtGU0iABcwjRQyhPppMRjk5fqFx5mFQCDPB4IQg&#038;oe=63B2DECB\" \/><\/a><\/p>\n","protected":false},"author":1,"featured_media":2767,"comment_status":"open","ping_status":"open","sticky":false,"template":"","format":"standard","meta":[],"categories":[1],"tags":[182,251],"_links":{"self":[{"href":"https:\/\/bomberos.puyo.gob.ec\/2019\/wp-json\/wp\/v2\/posts\/2766"}],"collection":[{"href":"https:\/\/bomberos.puyo.gob.ec\/2019\/wp-json\/wp\/v2\/posts"}],"about":[{"href":"https:\/\/bomberos.puyo.gob.ec\/2019\/wp-json\/wp\/v2\/types\/post"}],"author":[{"embeddable":true,"href":"https:\/\/bomberos.puyo.gob.ec\/2019\/wp-json\/wp\/v2\/users\/1"}],"replies":[{"embeddable":true,"href":"https:\/\/bomberos.puyo.gob.ec\/2019\/wp-json\/wp\/v2\/comments?post=2766"}],"version-history":[{"count":1,"href":"https:\/\/bomberos.puyo.gob.ec\/2019\/wp-json\/wp\/v2\/posts\/2766\/revisions"}],"predecessor-version":[{"id":2768,"href":"https:\/\/bomberos.puyo.gob.ec\/2019\/wp-json\/wp\/v2\/posts\/2766\/revisions\/2768"}],"wp:featuredmedia":[{"embeddable":true,"href":"https:\/\/bomberos.puyo.gob.ec\/2019\/wp-json\/wp\/v2\/media\/2767"}],"wp:attachment":[{"href":"https:\/\/bomberos.puyo.gob.ec\/2019\/wp-json\/wp\/v2\/media?parent=2766"}],"wp:term":[{"taxonomy":"category","embeddable":true,"href":"https:\/\/bomberos.puyo.gob.ec\/2019\/wp-json\/wp\/v2\/categories?post=2766"},{"taxonomy":"post_tag","embeddable":true,"href":"https:\/\/bomberos.puyo.gob.ec\/2019\/wp-json\/wp\/v2\/tags?post=2766"}],"curies":[{"name":"wp","href":"https:\/\/api.w.org\/{rel}","templated":true}]}}