{"id":2754,"date":"2022-07-17T22:06:38","date_gmt":"2022-07-18T03:06:38","guid":{"rendered":"https:\/\/bomberos.puyo.gob.ec\/emergencia-medica-la-unidad-a5-se-dirigio-al-barrio-mariscal-a-las-calles\/"},"modified":"2022-12-30T06:54:31","modified_gmt":"2022-12-30T11:54:31","slug":"emergencia-medica-la-unidad-a5-se-dirigio-al-barrio-mariscal-a-las-calles","status":"publish","type":"post","link":"https:\/\/bomberos.puyo.gob.ec\/2019\/emergencia-medica-la-unidad-a5-se-dirigio-al-barrio-mariscal-a-las-calles\/","title":{"rendered":"|EMERGENCIA M\u00c9DICA|\n  La unidad A5 se dirigi\u00f3 al barrio Mariscal a las calles &#8230;"},"content":{"rendered":"<p>|EMERGENCIA M\u00c9DICA|<br \/>\n \ud83d\ude92 La unidad A5 se dirigi\u00f3 al barrio Mariscal a las calles Atahualpa y Amazonas en el lugar se atendi\u00f3 a un paciente de nombre: S. F. de 91 a\u00f1os de edad, mismo que presenta una herida contusa en la regi\u00f3n parietal.<br \/>\n \ud83c\udfe5 Es trasladado al Hospital General Puyo donde lo recibe el m\u00e9dico de turno.<\/p>\n<p><a href=\"https:\/\/facebook.com\/story.php?story_fbid=pfbid0JhDJf9AZDSDprPXZYZUEuQFb8ANvAAH2Mte35iQ4nszqCo2YnEquss21STdw2bMml&amp;id=465093860312824&amp;eav=AfbjYiLEoe__ZQpmUyzLEODorO3lPzADenmxE-dhx3esvt3DBhJtoPB207IgI7lej0U&amp;viewer=465093860312824&amp;m_entstream_source=timeline&amp;__tn__=%2As%2As-R&amp;paipv=1\" aria-label=\"Abrir historia\" class=\"_5msj\"><\/a><\/p>\n<p><a href=\"https:\/\/bomberos.puyo.gob.ec\/2019\/wp-content\/uploads\/EMERGENCIA-MEDICA-La-unidad-A5-se-dirigio-al-barrio-Mariscal.jpg\"><img decoding=\"async\" class=\"wp_automatic_fb_img\" title=\"\" src=\"https:\/\/bomberos.puyo.gob.ec\/2019\/wp-content\/uploads\/EMERGENCIA-MEDICA-La-unidad-A5-se-dirigio-al-barrio-Mariscal.jpg\" \/><\/a><br \/>\n<br \/><a href=\"https:\/\/www.facebook.com\/465093860312824\/posts\/2254182164737309\">en facebook&#8230; <\/a>  <\/p>\n","protected":false},"excerpt":{"rendered":"<p>|EMERGENCIA M\u00c9DICA|<br \/>\n \ud83d\ude92 La unidad A5 se dirigi\u00f3 al barrio Mariscal a las calles Atahualpa y Amazonas en el lugar se atendi\u00f3 a un paciente de nombre: S. F. de 91 a\u00f1os de edad, mismo que presenta una herida contusa en la regi\u00f3n parietal.<br \/>\n \ud83c\udfe5 Es trasladado al Hospital General Puyo donde lo recibe el m\u00e9dico de turno.<\/p>\n<p><a href=\"https:\/\/facebook.com\/story.php?story_fbid=pfbid0JhDJf9AZDSDprPXZYZUEuQFb8ANvAAH2Mte35iQ4nszqCo2YnEquss21STdw2bMml&amp;id=465093860312824&amp;eav=AfbjYiLEoe__ZQpmUyzLEODorO3lPzADenmxE-dhx3esvt3DBhJtoPB207IgI7lej0U&amp;viewer=465093860312824&amp;m_entstream_source=timeline&amp;__tn__=%2As%2As-R&amp;paipv=1\" aria-label=\"Abrir historia\" class=\"_5msj\"><\/a><\/p>\n<p><a href=\"https:\/\/scontent.fuio15-1.fna.fbcdn.net\/v\/t39.30808-6\/294505620_2254182134737312_5407125275043691274_n.jpg?stp=cp6_dst-jpg_s720x720&#038;_nc_cat=109&#038;ccb=1-7&#038;_nc_sid=8bfeb9&#038;_nc_ohc=kjlWfy3Yg_kAX-jnRdm&#038;_nc_ht=scontent.fuio15-1.fna&#038;oh=00_AfAPWShFCv3HFd_4tv-LQrjZfZq7ho2uTslvJDK74YiFyA&#038;oe=63B303D7\"><img decoding=\"async\" class=\"wp_automatic_fb_img\" title=\"\" src=\"https:\/\/scontent.fuio15-1.fna.fbcdn.net\/v\/t39.30808-6\/294505620_2254182134737312_5407125275043691274_n.jpg?stp=cp6_dst-jpg_s720x720&#038;_nc_cat=109&#038;ccb=1-7&#038;_nc_sid=8bfeb9&#038;_nc_ohc=kjlWfy3Yg_kAX-jnRdm&#038;_nc_ht=scontent.fuio15-1.fna&#038;oh=00_AfAPWShFCv3HFd_4tv-LQrjZfZq7ho2uTslvJDK74YiFyA&#038;oe=63B303D7\" \/><\/a><\/p>\n","protected":false},"author":1,"featured_media":2755,"comment_status":"open","ping_status":"open","sticky":false,"template":"","format":"standard","meta":[],"categories":[1],"tags":[408,401,722,182,22,515,251,41],"_links":{"self":[{"href":"https:\/\/bomberos.puyo.gob.ec\/2019\/wp-json\/wp\/v2\/posts\/2754"}],"collection":[{"href":"https:\/\/bomberos.puyo.gob.ec\/2019\/wp-json\/wp\/v2\/posts"}],"about":[{"href":"https:\/\/bomberos.puyo.gob.ec\/2019\/wp-json\/wp\/v2\/types\/post"}],"author":[{"embeddable":true,"href":"https:\/\/bomberos.puyo.gob.ec\/2019\/wp-json\/wp\/v2\/users\/1"}],"replies":[{"embeddable":true,"href":"https:\/\/bomberos.puyo.gob.ec\/2019\/wp-json\/wp\/v2\/comments?post=2754"}],"version-history":[{"count":1,"href":"https:\/\/bomberos.puyo.gob.ec\/2019\/wp-json\/wp\/v2\/posts\/2754\/revisions"}],"predecessor-version":[{"id":2756,"href":"https:\/\/bomberos.puyo.gob.ec\/2019\/wp-json\/wp\/v2\/posts\/2754\/revisions\/2756"}],"wp:featuredmedia":[{"embeddable":true,"href":"https:\/\/bomberos.puyo.gob.ec\/2019\/wp-json\/wp\/v2\/media\/2755"}],"wp:attachment":[{"href":"https:\/\/bomberos.puyo.gob.ec\/2019\/wp-json\/wp\/v2\/media?parent=2754"}],"wp:term":[{"taxonomy":"category","embeddable":true,"href":"https:\/\/bomberos.puyo.gob.ec\/2019\/wp-json\/wp\/v2\/categories?post=2754"},{"taxonomy":"post_tag","embeddable":true,"href":"https:\/\/bomberos.puyo.gob.ec\/2019\/wp-json\/wp\/v2\/tags?post=2754"}],"curies":[{"name":"wp","href":"https:\/\/api.w.org\/{rel}","templated":true}]}}