{"id":2748,"date":"2022-07-19T18:03:29","date_gmt":"2022-07-19T23:03:29","guid":{"rendered":"https:\/\/bomberos.puyo.gob.ec\/capacitacion-de-uso-y-manejo-de-extintores\/"},"modified":"2022-12-30T06:41:19","modified_gmt":"2022-12-30T11:41:19","slug":"capacitacion-de-uso-y-manejo-de-extintores","status":"publish","type":"post","link":"https:\/\/bomberos.puyo.gob.ec\/2019\/capacitacion-de-uso-y-manejo-de-extintores\/","title":{"rendered":"|CAPACITACI\u00d3N DE USO Y MANEJO DE EXTINTORES|&#8230;"},"content":{"rendered":"<p>|CAPACITACI\u00d3N DE USO Y MANEJO DE EXTINTORES|<\/p>\n<p>La unidad R2 del Cuerpo de Bomberos de Pastaza viene realizando capacitaciones a las diferentes instituciones p\u00fablicas  para fortalecer el trabajo de prevenci\u00f3n de incendios y evacuaci\u00f3n. <\/p>\n<p>Hoy se brind\u00f3 una capacitaci\u00f3n en la Secretar\u00eda T\u00e9cnica de Circunscripci\u00f3n territorial con una duraci\u00f3n de dos horas te\u00f3rico pr\u00e1ctico.<\/p>\n<p><a href=\"https:\/\/bomberos.puyo.gob.ec\/2019\/wp-content\/uploads\/CAPACITACION-DE-USO-Y-MANEJO-DE-EXTINTORES.jpg\"><img decoding=\"async\" class=\"wp_automatic_fb_img\" title=\"\" src=\"https:\/\/bomberos.puyo.gob.ec\/2019\/wp-content\/uploads\/CAPACITACION-DE-USO-Y-MANEJO-DE-EXTINTORES.jpg\" \/><\/a><br \/>\n<br \/><a href=\"https:\/\/www.facebook.com\/465093860312824\/posts\/2255566171265575\">en facebook&#8230; <\/a>  <\/p>\n","protected":false},"excerpt":{"rendered":"<p>|CAPACITACI\u00d3N DE USO Y MANEJO DE EXTINTORES|<\/p>\n<p>La unidad R2 del Cuerpo de Bomberos de Pastaza viene realizando capacitaciones a las diferentes instituciones p\u00fablicas  para fortalecer el trabajo de prevenci\u00f3n de incendios y evacuaci\u00f3n. <\/p>\n<p>Hoy se brind\u00f3 una capacitaci\u00f3n en la Secretar\u00eda T\u00e9cnica de Circunscripci\u00f3n territorial con una duraci\u00f3n de dos horas te\u00f3rico pr\u00e1ctico.<\/p>\n<p><a href=\"https:\/\/scontent.fuio15-1.fna.fbcdn.net\/v\/t39.30808-6\/294760071_2255566141265578_2322481672411353856_n.jpg?stp=cp6_dst-jpg_s640x640&#038;_nc_cat=101&#038;ccb=1-7&#038;_nc_sid=8bfeb9&#038;_nc_ohc=Q-blV74BiaAAX8jgVWF&#038;_nc_ht=scontent.fuio15-1.fna&#038;oh=00_AfDrpfdnun9k6gGbrMx6DWLOm4RUOLjr982y52C0GZ1brg&#038;oe=63B4230B\"><img decoding=\"async\" class=\"wp_automatic_fb_img\" title=\"\" src=\"https:\/\/scontent.fuio15-1.fna.fbcdn.net\/v\/t39.30808-6\/294760071_2255566141265578_2322481672411353856_n.jpg?stp=cp6_dst-jpg_s640x640&#038;_nc_cat=101&#038;ccb=1-7&#038;_nc_sid=8bfeb9&#038;_nc_ohc=Q-blV74BiaAAX8jgVWF&#038;_nc_ht=scontent.fuio15-1.fna&#038;oh=00_AfDrpfdnun9k6gGbrMx6DWLOm4RUOLjr982y52C0GZ1brg&#038;oe=63B4230B\" \/><\/a><\/p>\n","protected":false},"author":1,"featured_media":2749,"comment_status":"open","ping_status":"open","sticky":false,"template":"","format":"standard","meta":[],"categories":[1],"tags":[65,861,406,860],"_links":{"self":[{"href":"https:\/\/bomberos.puyo.gob.ec\/2019\/wp-json\/wp\/v2\/posts\/2748"}],"collection":[{"href":"https:\/\/bomberos.puyo.gob.ec\/2019\/wp-json\/wp\/v2\/posts"}],"about":[{"href":"https:\/\/bomberos.puyo.gob.ec\/2019\/wp-json\/wp\/v2\/types\/post"}],"author":[{"embeddable":true,"href":"https:\/\/bomberos.puyo.gob.ec\/2019\/wp-json\/wp\/v2\/users\/1"}],"replies":[{"embeddable":true,"href":"https:\/\/bomberos.puyo.gob.ec\/2019\/wp-json\/wp\/v2\/comments?post=2748"}],"version-history":[{"count":1,"href":"https:\/\/bomberos.puyo.gob.ec\/2019\/wp-json\/wp\/v2\/posts\/2748\/revisions"}],"predecessor-version":[{"id":2750,"href":"https:\/\/bomberos.puyo.gob.ec\/2019\/wp-json\/wp\/v2\/posts\/2748\/revisions\/2750"}],"wp:featuredmedia":[{"embeddable":true,"href":"https:\/\/bomberos.puyo.gob.ec\/2019\/wp-json\/wp\/v2\/media\/2749"}],"wp:attachment":[{"href":"https:\/\/bomberos.puyo.gob.ec\/2019\/wp-json\/wp\/v2\/media?parent=2748"}],"wp:term":[{"taxonomy":"category","embeddable":true,"href":"https:\/\/bomberos.puyo.gob.ec\/2019\/wp-json\/wp\/v2\/categories?post=2748"},{"taxonomy":"post_tag","embeddable":true,"href":"https:\/\/bomberos.puyo.gob.ec\/2019\/wp-json\/wp\/v2\/tags?post=2748"}],"curies":[{"name":"wp","href":"https:\/\/api.w.org\/{rel}","templated":true}]}}