{"id":2742,"date":"2022-07-20T23:38:50","date_gmt":"2022-07-21T04:38:50","guid":{"rendered":"https:\/\/bomberos.puyo.gob.ec\/emergencia-medica-31\/"},"modified":"2022-12-30T06:19:31","modified_gmt":"2022-12-30T11:19:31","slug":"emergencia-medica-31","status":"publish","type":"post","link":"https:\/\/bomberos.puyo.gob.ec\/2019\/emergencia-medica-31\/","title":{"rendered":"|EMERGENCIA M\u00c9DICA|&#8230;"},"content":{"rendered":"<p>|EMERGENCIA M\u00c9DICA|<\/p>\n<p>\ud83d\ude91 La unidad A5 se dirigi\u00f3 a la calle 20 de julio, en el lugar se atendi\u00f3 a un paciente de nombre: V. Y. H. S. de 23 a\u00f1os de edad, mismo que presenta hematomas m\u00e1s posible fractura cerrada de peron\u00e9 del lado derecho a causa de un accidente de tr\u00e1nsito. <\/p>\n<p>\ud83c\udfe5 Luego de ser valorado es trasladado al Hospital General Puyo donde lo recibe el m\u00e9dico de turno.<\/p>\n<p><a href=\"https:\/\/bomberos.puyo.gob.ec\/2019\/wp-content\/uploads\/1672399170_268_EMERGENCIA-MEDICA.jpg\"><img decoding=\"async\" class=\"wp_automatic_fb_img\" title=\"\" src=\"https:\/\/bomberos.puyo.gob.ec\/2019\/wp-content\/uploads\/1672399170_268_EMERGENCIA-MEDICA.jpg\" \/><\/a><br \/>\n<br \/><a href=\"https:\/\/www.facebook.com\/465093860312824\/posts\/2256481054507420\">en facebook&#8230; <\/a>  <\/p>\n","protected":false},"excerpt":{"rendered":"<p>|EMERGENCIA M\u00c9DICA|<\/p>\n<p>\ud83d\ude91 La unidad A5 se dirigi\u00f3 a la calle 20 de julio, en el lugar se atendi\u00f3 a un paciente de nombre: V. Y. H. S. de 23 a\u00f1os de edad, mismo que presenta hematomas m\u00e1s posible fractura cerrada de peron\u00e9 del lado derecho a causa de un accidente de tr\u00e1nsito. <\/p>\n<p>\ud83c\udfe5 Luego de ser valorado es trasladado al Hospital General Puyo donde lo recibe el m\u00e9dico de turno.<\/p>\n<p><a href=\"https:\/\/scontent.fuio15-1.fna.fbcdn.net\/v\/t39.30808-6\/294892664_2256481027840756_4345219929343463009_n.jpg?stp=cp6_dst-jpg_s640x640&#038;_nc_cat=100&#038;ccb=1-7&#038;_nc_sid=8bfeb9&#038;_nc_ohc=FLmbEPmEJyIAX9caCjK&#038;_nc_ht=scontent.fuio15-1.fna&#038;oh=00_AfC_4s555G41v2pcuG11kbRK_5dcJ7z74momcTVbluvjJA&#038;oe=63B39725\"><img decoding=\"async\" class=\"wp_automatic_fb_img\" title=\"\" src=\"https:\/\/scontent.fuio15-1.fna.fbcdn.net\/v\/t39.30808-6\/294892664_2256481027840756_4345219929343463009_n.jpg?stp=cp6_dst-jpg_s640x640&#038;_nc_cat=100&#038;ccb=1-7&#038;_nc_sid=8bfeb9&#038;_nc_ohc=FLmbEPmEJyIAX9caCjK&#038;_nc_ht=scontent.fuio15-1.fna&#038;oh=00_AfC_4s555G41v2pcuG11kbRK_5dcJ7z74momcTVbluvjJA&#038;oe=63B39725\" \/><\/a><\/p>\n","protected":false},"author":1,"featured_media":2743,"comment_status":"open","ping_status":"open","sticky":false,"template":"","format":"standard","meta":[],"categories":[1],"tags":[182,251],"_links":{"self":[{"href":"https:\/\/bomberos.puyo.gob.ec\/2019\/wp-json\/wp\/v2\/posts\/2742"}],"collection":[{"href":"https:\/\/bomberos.puyo.gob.ec\/2019\/wp-json\/wp\/v2\/posts"}],"about":[{"href":"https:\/\/bomberos.puyo.gob.ec\/2019\/wp-json\/wp\/v2\/types\/post"}],"author":[{"embeddable":true,"href":"https:\/\/bomberos.puyo.gob.ec\/2019\/wp-json\/wp\/v2\/users\/1"}],"replies":[{"embeddable":true,"href":"https:\/\/bomberos.puyo.gob.ec\/2019\/wp-json\/wp\/v2\/comments?post=2742"}],"version-history":[{"count":1,"href":"https:\/\/bomberos.puyo.gob.ec\/2019\/wp-json\/wp\/v2\/posts\/2742\/revisions"}],"predecessor-version":[{"id":2744,"href":"https:\/\/bomberos.puyo.gob.ec\/2019\/wp-json\/wp\/v2\/posts\/2742\/revisions\/2744"}],"wp:featuredmedia":[{"embeddable":true,"href":"https:\/\/bomberos.puyo.gob.ec\/2019\/wp-json\/wp\/v2\/media\/2743"}],"wp:attachment":[{"href":"https:\/\/bomberos.puyo.gob.ec\/2019\/wp-json\/wp\/v2\/media?parent=2742"}],"wp:term":[{"taxonomy":"category","embeddable":true,"href":"https:\/\/bomberos.puyo.gob.ec\/2019\/wp-json\/wp\/v2\/categories?post=2742"},{"taxonomy":"post_tag","embeddable":true,"href":"https:\/\/bomberos.puyo.gob.ec\/2019\/wp-json\/wp\/v2\/tags?post=2742"}],"curies":[{"name":"wp","href":"https:\/\/api.w.org\/{rel}","templated":true}]}}