{"id":2706,"date":"2022-08-08T23:50:26","date_gmt":"2022-08-09T04:50:26","guid":{"rendered":"https:\/\/bomberos.puyo.gob.ec\/el-dia-de-hoy-08-de-agosto-del-presente-ano-se-activo-el-grupo-de-trabajo-no-3\/"},"modified":"2022-12-30T04:36:30","modified_gmt":"2022-12-30T09:36:30","slug":"el-dia-de-hoy-08-de-agosto-del-presente-ano-se-activo-el-grupo-de-trabajo-no-3","status":"publish","type":"post","link":"https:\/\/bomberos.puyo.gob.ec\/2019\/el-dia-de-hoy-08-de-agosto-del-presente-ano-se-activo-el-grupo-de-trabajo-no-3\/","title":{"rendered":"El d\u00eda de hoy 08 de agosto del presente a\u00f1o, se activ\u00f3 el grupo de trabajo No. 3&#8230;"},"content":{"rendered":"<p>El d\u00eda de hoy 08 de agosto del presente a\u00f1o, se activ\u00f3 el grupo de trabajo No. 3 (GT3) perteneciente al COE Provincial, esto permitir\u00e1 tener el apoyo log\u00edstico de otras instituciones para realizar las coordinaciones de b\u00fasqueda, salvamento y rescate de las personas desaparecidas en el sector del Pail\u00f3n del Diablo en el cant\u00f3n Ba\u00f1os de Agua Santa.<\/p>\n<p><a href=\"https:\/\/bomberos.puyo.gob.ec\/2019\/wp-content\/uploads\/El-dia-de-hoy-08-de-agosto-del-presente-ano.jpg\"><img decoding=\"async\" class=\"wp_automatic_fb_img\" title=\"\" src=\"https:\/\/bomberos.puyo.gob.ec\/2019\/wp-content\/uploads\/El-dia-de-hoy-08-de-agosto-del-presente-ano.jpg\" \/><\/a><br \/><a href=\"https:\/\/bomberos.puyo.gob.ec\/2019\/wp-content\/uploads\/1672392988_412_El-dia-de-hoy-08-de-agosto-del-presente-ano.jpg\"><img decoding=\"async\" class=\"wp_automatic_fb_img\" title=\"\" src=\"https:\/\/bomberos.puyo.gob.ec\/2019\/wp-content\/uploads\/1672392988_412_El-dia-de-hoy-08-de-agosto-del-presente-ano.jpg\" \/><\/a><br \/><a href=\"https:\/\/bomberos.puyo.gob.ec\/2019\/wp-content\/uploads\/1672392988_13_El-dia-de-hoy-08-de-agosto-del-presente-ano.jpg\"><img decoding=\"async\" class=\"wp_automatic_fb_img\" title=\"\" src=\"https:\/\/bomberos.puyo.gob.ec\/2019\/wp-content\/uploads\/1672392988_13_El-dia-de-hoy-08-de-agosto-del-presente-ano.jpg\" \/><\/a><br \/><a href=\"https:\/\/bomberos.puyo.gob.ec\/2019\/wp-content\/uploads\/1672392989_328_El-dia-de-hoy-08-de-agosto-del-presente-ano.jpg\"><img decoding=\"async\" class=\"wp_automatic_fb_img\" title=\"\" src=\"https:\/\/bomberos.puyo.gob.ec\/2019\/wp-content\/uploads\/1672392989_328_El-dia-de-hoy-08-de-agosto-del-presente-ano.jpg\" \/><\/a><br \/>\n<br \/><a href=\"https:\/\/www.facebook.com\/465093860312824\/posts\/2270723583083167\">en facebook&#8230; <\/a>  <\/p>\n","protected":false},"excerpt":{"rendered":"<p>El d\u00eda de hoy 08 de agosto del presente a\u00f1o, se activ\u00f3 el grupo de trabajo No. 3 (GT3) perteneciente al COE Provincial, esto permitir\u00e1 tener el apoyo log\u00edstico de otras instituciones para realizar las coordinaciones de b\u00fasqueda, salvamento y rescate de las personas desaparecidas en el sector del Pail\u00f3n del Diablo en el cant\u00f3n Ba\u00f1os de Agua Santa.<\/p>\n<p><a href=\"https:\/\/scontent.fuio15-1.fna.fbcdn.net\/v\/t39.30808-6\/297270322_2270723506416508_437803957982972588_n.jpg?stp=cp6_dst-jpg&#038;_nc_cat=101&#038;ccb=1-7&#038;_nc_sid=8bfeb9&#038;_nc_ohc=0qZNHgdLbnAAX-AE0mh&#038;_nc_ht=scontent.fuio15-1.fna&#038;oh=00_AfAQkQbAdN5T20isqSHD5qVl26hS7RoNjwArh_sexJ-YzA&#038;oe=63B456DC\"><img decoding=\"async\" class=\"wp_automatic_fb_img\" title=\"\" src=\"https:\/\/scontent.fuio15-1.fna.fbcdn.net\/v\/t39.30808-6\/297270322_2270723506416508_437803957982972588_n.jpg?stp=cp6_dst-jpg&#038;_nc_cat=101&#038;ccb=1-7&#038;_nc_sid=8bfeb9&#038;_nc_ohc=0qZNHgdLbnAAX-AE0mh&#038;_nc_ht=scontent.fuio15-1.fna&#038;oh=00_AfAQkQbAdN5T20isqSHD5qVl26hS7RoNjwArh_sexJ-YzA&#038;oe=63B456DC\" \/><\/a><br \/><a href=\"https:\/\/scontent.fuio15-1.fna.fbcdn.net\/v\/t39.30808-6\/298562031_2270723479749844_6079330628025281383_n.jpg?stp=cp6_dst-jpg&#038;_nc_cat=110&#038;ccb=1-7&#038;_nc_sid=8bfeb9&#038;_nc_ohc=ikE1MzfRDW0AX8heQz8&#038;_nc_ht=scontent.fuio15-1.fna&#038;oh=00_AfAZSdSvsAYJtdb3bwR_GZntXBroThx48UIFO7gU6kCvRw&#038;oe=63B396B0\"><img decoding=\"async\" class=\"wp_automatic_fb_img\" title=\"\" src=\"https:\/\/scontent.fuio15-1.fna.fbcdn.net\/v\/t39.30808-6\/298562031_2270723479749844_6079330628025281383_n.jpg?stp=cp6_dst-jpg&#038;_nc_cat=110&#038;ccb=1-7&#038;_nc_sid=8bfeb9&#038;_nc_ohc=ikE1MzfRDW0AX8heQz8&#038;_nc_ht=scontent.fuio15-1.fna&#038;oh=00_AfAZSdSvsAYJtdb3bwR_GZntXBroThx48UIFO7gU6kCvRw&#038;oe=63B396B0\" \/><\/a><br \/><a href=\"https:\/\/scontent.fuio15-1.fna.fbcdn.net\/v\/t39.30808-6\/298549863_2270723489749843_4872710075828463677_n.jpg?stp=cp6_dst-jpg&#038;_nc_cat=100&#038;ccb=1-7&#038;_nc_sid=8bfeb9&#038;_nc_ohc=oVoQPU0xzQoAX_kF-8Z&#038;_nc_ht=scontent.fuio15-1.fna&#038;oh=00_AfA8UhIbRcf5A2RC_nElz8ejIyJTQZA1aRfkVPtft2s0Ng&#038;oe=63B401D1\"><img decoding=\"async\" class=\"wp_automatic_fb_img\" title=\"\" src=\"https:\/\/scontent.fuio15-1.fna.fbcdn.net\/v\/t39.30808-6\/298549863_2270723489749843_4872710075828463677_n.jpg?stp=cp6_dst-jpg&#038;_nc_cat=100&#038;ccb=1-7&#038;_nc_sid=8bfeb9&#038;_nc_ohc=oVoQPU0xzQoAX_kF-8Z&#038;_nc_ht=scontent.fuio15-1.fna&#038;oh=00_AfA8UhIbRcf5A2RC_nElz8ejIyJTQZA1aRfkVPtft2s0Ng&#038;oe=63B401D1\" \/><\/a><br \/><a href=\"https:\/\/scontent.fuio15-1.fna.fbcdn.net\/v\/t39.30808-6\/298470300_2270723509749841_5734917986404579256_n.jpg?stp=cp6_dst-jpg&#038;_nc_cat=106&#038;ccb=1-7&#038;_nc_sid=8bfeb9&#038;_nc_ohc=FlEbLu7A4r0AX-ToK_4&#038;_nc_ht=scontent.fuio15-1.fna&#038;oh=00_AfA5kGrF_V9q-ww4X5AkFhy3nJRH29f4RzZRkfE8DJ33Bg&#038;oe=63B41745\"><img decoding=\"async\" class=\"wp_automatic_fb_img\" title=\"\" src=\"https:\/\/scontent.fuio15-1.fna.fbcdn.net\/v\/t39.30808-6\/298470300_2270723509749841_5734917986404579256_n.jpg?stp=cp6_dst-jpg&#038;_nc_cat=106&#038;ccb=1-7&#038;_nc_sid=8bfeb9&#038;_nc_ohc=FlEbLu7A4r0AX-ToK_4&#038;_nc_ht=scontent.fuio15-1.fna&#038;oh=00_AfA5kGrF_V9q-ww4X5AkFhy3nJRH29f4RzZRkfE8DJ33Bg&#038;oe=63B41745\" \/><\/a><\/p>\n","protected":false},"author":1,"featured_media":2707,"comment_status":"open","ping_status":"open","sticky":false,"template":"","format":"standard","meta":[],"categories":[1],"tags":[945,944,439,208,32,24,574,202,207,80],"_links":{"self":[{"href":"https:\/\/bomberos.puyo.gob.ec\/2019\/wp-json\/wp\/v2\/posts\/2706"}],"collection":[{"href":"https:\/\/bomberos.puyo.gob.ec\/2019\/wp-json\/wp\/v2\/posts"}],"about":[{"href":"https:\/\/bomberos.puyo.gob.ec\/2019\/wp-json\/wp\/v2\/types\/post"}],"author":[{"embeddable":true,"href":"https:\/\/bomberos.puyo.gob.ec\/2019\/wp-json\/wp\/v2\/users\/1"}],"replies":[{"embeddable":true,"href":"https:\/\/bomberos.puyo.gob.ec\/2019\/wp-json\/wp\/v2\/comments?post=2706"}],"version-history":[{"count":1,"href":"https:\/\/bomberos.puyo.gob.ec\/2019\/wp-json\/wp\/v2\/posts\/2706\/revisions"}],"predecessor-version":[{"id":2708,"href":"https:\/\/bomberos.puyo.gob.ec\/2019\/wp-json\/wp\/v2\/posts\/2706\/revisions\/2708"}],"wp:featuredmedia":[{"embeddable":true,"href":"https:\/\/bomberos.puyo.gob.ec\/2019\/wp-json\/wp\/v2\/media\/2707"}],"wp:attachment":[{"href":"https:\/\/bomberos.puyo.gob.ec\/2019\/wp-json\/wp\/v2\/media?parent=2706"}],"wp:term":[{"taxonomy":"category","embeddable":true,"href":"https:\/\/bomberos.puyo.gob.ec\/2019\/wp-json\/wp\/v2\/categories?post=2706"},{"taxonomy":"post_tag","embeddable":true,"href":"https:\/\/bomberos.puyo.gob.ec\/2019\/wp-json\/wp\/v2\/tags?post=2706"}],"curies":[{"name":"wp","href":"https:\/\/api.w.org\/{rel}","templated":true}]}}