{"id":2703,"date":"2022-08-09T09:24:31","date_gmt":"2022-08-09T14:24:31","guid":{"rendered":"https:\/\/bomberos.puyo.gob.ec\/operativo-de-busqueda-en-aguas-rapidas\/"},"modified":"2022-12-30T04:31:28","modified_gmt":"2022-12-30T09:31:28","slug":"operativo-de-busqueda-en-aguas-rapidas","status":"publish","type":"post","link":"https:\/\/bomberos.puyo.gob.ec\/2019\/operativo-de-busqueda-en-aguas-rapidas\/","title":{"rendered":"|OPERATIVO DE BUSQUEDA EN AGUAS RAPIDAS|&#8230;"},"content":{"rendered":"<p>|OPERATIVO DE BUSQUEDA EN AGUAS RAPIDAS|<\/p>\n<p>Las unidades de rescate del Cuerpo de Bomberos de Pastaza se dirigen con el equipo log\u00edstico y el personal de aguas r\u00e1pidas al sector de \u00abCumanda\u00bb para realizar el tercer d\u00eda de b\u00fasqueda de las personas desaparecidas en el r\u00edo, se realiza t\u00e9cnicas de b\u00fasqueda y localizaci\u00f3n en el tramo del r\u00edo Pastaza sin tener resultados positivos, avanzando hasta el sector de \u00abPuerto Santa Ana\u00bb culminando as\u00ed el operativo del dia de hoy, posterior la unidad retorna a la base.<\/p>\n<p><a href=\"https:\/\/bomberos.puyo.gob.ec\/2019\/wp-content\/uploads\/OPERATIVO-DE-BUSQUEDA-EN-AGUAS-RAPIDAS.jpg\"><img decoding=\"async\" class=\"wp_automatic_fb_img\" title=\"\" src=\"https:\/\/bomberos.puyo.gob.ec\/2019\/wp-content\/uploads\/OPERATIVO-DE-BUSQUEDA-EN-AGUAS-RAPIDAS.jpg\" \/><\/a><br \/><a href=\"https:\/\/bomberos.puyo.gob.ec\/2019\/wp-content\/uploads\/1672392686_539_OPERATIVO-DE-BUSQUEDA-EN-AGUAS-RAPIDAS.jpg\"><img decoding=\"async\" class=\"wp_automatic_fb_img\" title=\"\" src=\"https:\/\/bomberos.puyo.gob.ec\/2019\/wp-content\/uploads\/1672392686_539_OPERATIVO-DE-BUSQUEDA-EN-AGUAS-RAPIDAS.jpg\" \/><\/a><br \/><a href=\"https:\/\/bomberos.puyo.gob.ec\/2019\/wp-content\/uploads\/1672392687_19_OPERATIVO-DE-BUSQUEDA-EN-AGUAS-RAPIDAS.jpg\"><img decoding=\"async\" class=\"wp_automatic_fb_img\" title=\"\" src=\"https:\/\/bomberos.puyo.gob.ec\/2019\/wp-content\/uploads\/1672392687_19_OPERATIVO-DE-BUSQUEDA-EN-AGUAS-RAPIDAS.jpg\" \/><\/a><br \/>\n<br \/><a href=\"https:\/\/www.facebook.com\/465093860312824\/posts\/2271015609720631\">en facebook&#8230; <\/a>  <\/p>\n","protected":false},"excerpt":{"rendered":"<p>|OPERATIVO DE BUSQUEDA EN AGUAS RAPIDAS|<\/p>\n<p>Las unidades de rescate del Cuerpo de Bomberos de Pastaza se dirigen con el equipo log\u00edstico y el personal de aguas r\u00e1pidas al sector de \u00abCumanda\u00bb para realizar el tercer d\u00eda de b\u00fasqueda de las personas desaparecidas en el r\u00edo, se realiza t\u00e9cnicas de b\u00fasqueda y localizaci\u00f3n en el tramo del r\u00edo Pastaza sin tener resultados positivos, avanzando hasta el sector de \u00abPuerto Santa Ana\u00bb culminando as\u00ed el operativo del dia de hoy, posterior la unidad retorna a la base.<\/p>\n<p><a href=\"https:\/\/scontent.fuio15-1.fna.fbcdn.net\/v\/t39.30808-6\/298433148_2271015546387304_7167465426307942418_n.jpg?stp=cp6_dst-jpg&#038;_nc_cat=104&#038;ccb=1-7&#038;_nc_sid=8bfeb9&#038;_nc_ohc=QyLauT7GoiAAX-_0ljc&#038;_nc_ht=scontent.fuio15-1.fna&#038;oh=00_AfCQkOZkv74xzoUrazz6G5h8V3vaEh9TgJdrrMxwf91yLg&#038;oe=63B3D5B1\"><img decoding=\"async\" class=\"wp_automatic_fb_img\" title=\"\" src=\"https:\/\/scontent.fuio15-1.fna.fbcdn.net\/v\/t39.30808-6\/298433148_2271015546387304_7167465426307942418_n.jpg?stp=cp6_dst-jpg&#038;_nc_cat=104&#038;ccb=1-7&#038;_nc_sid=8bfeb9&#038;_nc_ohc=QyLauT7GoiAAX-_0ljc&#038;_nc_ht=scontent.fuio15-1.fna&#038;oh=00_AfCQkOZkv74xzoUrazz6G5h8V3vaEh9TgJdrrMxwf91yLg&#038;oe=63B3D5B1\" \/><\/a><br \/><a href=\"https:\/\/scontent.fuio15-1.fna.fbcdn.net\/v\/t39.30808-6\/298556613_2271015563053969_8597632085292758520_n.jpg?stp=cp6_dst-jpg&#038;_nc_cat=110&#038;ccb=1-7&#038;_nc_sid=8bfeb9&#038;_nc_ohc=-wpkAPJ2k2cAX9XXyz8&#038;_nc_ht=scontent.fuio15-1.fna&#038;oh=00_AfCY6PQ9f2RRJWdngtk-27F0Mxmo7Cqzr3bbCZx4uZSVRA&#038;oe=63B31E38\"><img decoding=\"async\" class=\"wp_automatic_fb_img\" title=\"\" src=\"https:\/\/scontent.fuio15-1.fna.fbcdn.net\/v\/t39.30808-6\/298556613_2271015563053969_8597632085292758520_n.jpg?stp=cp6_dst-jpg&#038;_nc_cat=110&#038;ccb=1-7&#038;_nc_sid=8bfeb9&#038;_nc_ohc=-wpkAPJ2k2cAX9XXyz8&#038;_nc_ht=scontent.fuio15-1.fna&#038;oh=00_AfCY6PQ9f2RRJWdngtk-27F0Mxmo7Cqzr3bbCZx4uZSVRA&#038;oe=63B31E38\" \/><\/a><br \/><a href=\"https:\/\/scontent.fuio15-1.fna.fbcdn.net\/v\/t39.30808-6\/298592974_2271015533053972_6943583814956808722_n.jpg?stp=cp6_dst-jpg&#038;_nc_cat=102&#038;ccb=1-7&#038;_nc_sid=8bfeb9&#038;_nc_ohc=M8NBkDZOqlAAX_7bNBw&#038;_nc_ht=scontent.fuio15-1.fna&#038;oh=00_AfDHJTeljwpl5vKjn3juiOIfpFI2wemKKuNYlkZ6J1AaUw&#038;oe=63B41525\"><img decoding=\"async\" class=\"wp_automatic_fb_img\" title=\"\" src=\"https:\/\/scontent.fuio15-1.fna.fbcdn.net\/v\/t39.30808-6\/298592974_2271015533053972_6943583814956808722_n.jpg?stp=cp6_dst-jpg&#038;_nc_cat=102&#038;ccb=1-7&#038;_nc_sid=8bfeb9&#038;_nc_ohc=M8NBkDZOqlAAX_7bNBw&#038;_nc_ht=scontent.fuio15-1.fna&#038;oh=00_AfDHJTeljwpl5vKjn3juiOIfpFI2wemKKuNYlkZ6J1AaUw&#038;oe=63B41525\" \/><\/a><\/p>\n","protected":false},"author":1,"featured_media":2704,"comment_status":"open","ping_status":"open","sticky":false,"template":"","format":"standard","meta":[],"categories":[1],"tags":[430,395,494,431],"_links":{"self":[{"href":"https:\/\/bomberos.puyo.gob.ec\/2019\/wp-json\/wp\/v2\/posts\/2703"}],"collection":[{"href":"https:\/\/bomberos.puyo.gob.ec\/2019\/wp-json\/wp\/v2\/posts"}],"about":[{"href":"https:\/\/bomberos.puyo.gob.ec\/2019\/wp-json\/wp\/v2\/types\/post"}],"author":[{"embeddable":true,"href":"https:\/\/bomberos.puyo.gob.ec\/2019\/wp-json\/wp\/v2\/users\/1"}],"replies":[{"embeddable":true,"href":"https:\/\/bomberos.puyo.gob.ec\/2019\/wp-json\/wp\/v2\/comments?post=2703"}],"version-history":[{"count":1,"href":"https:\/\/bomberos.puyo.gob.ec\/2019\/wp-json\/wp\/v2\/posts\/2703\/revisions"}],"predecessor-version":[{"id":2705,"href":"https:\/\/bomberos.puyo.gob.ec\/2019\/wp-json\/wp\/v2\/posts\/2703\/revisions\/2705"}],"wp:featuredmedia":[{"embeddable":true,"href":"https:\/\/bomberos.puyo.gob.ec\/2019\/wp-json\/wp\/v2\/media\/2704"}],"wp:attachment":[{"href":"https:\/\/bomberos.puyo.gob.ec\/2019\/wp-json\/wp\/v2\/media?parent=2703"}],"wp:term":[{"taxonomy":"category","embeddable":true,"href":"https:\/\/bomberos.puyo.gob.ec\/2019\/wp-json\/wp\/v2\/categories?post=2703"},{"taxonomy":"post_tag","embeddable":true,"href":"https:\/\/bomberos.puyo.gob.ec\/2019\/wp-json\/wp\/v2\/tags?post=2703"}],"curies":[{"name":"wp","href":"https:\/\/api.w.org\/{rel}","templated":true}]}}