{"id":2661,"date":"2022-08-23T11:55:08","date_gmt":"2022-08-23T16:55:08","guid":{"rendered":"https:\/\/bomberos.puyo.gob.ec\/accidente-de-transito-12\/"},"modified":"2022-12-30T02:30:39","modified_gmt":"2022-12-30T07:30:39","slug":"accidente-de-transito-12","status":"publish","type":"post","link":"https:\/\/bomberos.puyo.gob.ec\/2019\/accidente-de-transito-12\/","title":{"rendered":"|ACCIDENTE DE TR\u00c1NSITO|&#8230;"},"content":{"rendered":"<p>|ACCIDENTE DE TR\u00c1NSITO|<\/p>\n<p>Por llamado del ECU-911, la unidad se dirigi\u00f3 al sector de la gasolinera Las Am\u00e9ricas v\u00eda Tena, una vez en el lugar se confirma la colision entre dos vehiculos autom\u00f3viles peque\u00f1os de los cuales resultan heridas dos personas las mismas que son trasladadas por la unidad A25 del MSP y la otra por la unidad A5 del Cuerpo de bomberos con la paciente de nombre: M. F. G. de 32 a\u00f1os de edad quien es valorada y trasladada con un TEC leve hacia el Hospital del IESS Puyo donde recibe el m\u00e9dico de turno.<\/p>\n<p>Luego de trasladados los heridos se procede a limpiar y habilitar la v\u00eda.<\/p>\n<p><a href=\"https:\/\/bomberos.puyo.gob.ec\/2019\/wp-content\/uploads\/1672385438_766_ACCIDENTE-DE-TRANSITO.jpg\"><img decoding=\"async\" class=\"wp_automatic_fb_img\" title=\"\" src=\"https:\/\/bomberos.puyo.gob.ec\/2019\/wp-content\/uploads\/1672385438_766_ACCIDENTE-DE-TRANSITO.jpg\" \/><\/a><br \/><a href=\"https:\/\/bomberos.puyo.gob.ec\/2019\/wp-content\/uploads\/1672385438_990_ACCIDENTE-DE-TRANSITO.jpg\"><img decoding=\"async\" class=\"wp_automatic_fb_img\" title=\"\" src=\"https:\/\/bomberos.puyo.gob.ec\/2019\/wp-content\/uploads\/1672385438_990_ACCIDENTE-DE-TRANSITO.jpg\" \/><\/a><br \/><a href=\"https:\/\/bomberos.puyo.gob.ec\/2019\/wp-content\/uploads\/1672385438_888_ACCIDENTE-DE-TRANSITO.jpg\"><img decoding=\"async\" class=\"wp_automatic_fb_img\" title=\"\" src=\"https:\/\/bomberos.puyo.gob.ec\/2019\/wp-content\/uploads\/1672385438_888_ACCIDENTE-DE-TRANSITO.jpg\" \/><\/a><br \/>\n<br \/><a href=\"https:\/\/www.facebook.com\/465093860312824\/posts\/2281591615329697\">en facebook&#8230; <\/a>  <\/p>\n","protected":false},"excerpt":{"rendered":"<p>|ACCIDENTE DE TR\u00c1NSITO|<\/p>\n<p>Por llamado del ECU-911, la unidad se dirigi\u00f3 al sector de la gasolinera Las Am\u00e9ricas v\u00eda Tena, una vez en el lugar se confirma la colision entre dos vehiculos autom\u00f3viles peque\u00f1os de los cuales resultan heridas dos personas las mismas que son trasladadas por la unidad A25 del MSP y la otra por la unidad A5 del Cuerpo de bomberos con la paciente de nombre: M. F. G. de 32 a\u00f1os de edad quien es valorada y trasladada con un TEC leve hacia el Hospital del IESS Puyo donde recibe el m\u00e9dico de turno.<\/p>\n<p>Luego de trasladados los heridos se procede a limpiar y habilitar la v\u00eda.<\/p>\n<p><a href=\"https:\/\/scontent.fuio15-1.fna.fbcdn.net\/v\/t39.30808-6\/301263300_2281591545329704_175080215663981687_n.jpg?stp=cp6_dst-jpg&#038;_nc_cat=103&#038;ccb=1-7&#038;_nc_sid=8bfeb9&#038;_nc_ohc=6tupNUFrIyEAX_OSROg&#038;_nc_ht=scontent.fuio15-1.fna&#038;oh=00_AfBkiaigRSgwL6qbaoyoXnYlPzjcNa02u7EozPK1DwSxqg&#038;oe=63B28BDB\"><img decoding=\"async\" class=\"wp_automatic_fb_img\" title=\"\" src=\"https:\/\/scontent.fuio15-1.fna.fbcdn.net\/v\/t39.30808-6\/301263300_2281591545329704_175080215663981687_n.jpg?stp=cp6_dst-jpg&#038;_nc_cat=103&#038;ccb=1-7&#038;_nc_sid=8bfeb9&#038;_nc_ohc=6tupNUFrIyEAX_OSROg&#038;_nc_ht=scontent.fuio15-1.fna&#038;oh=00_AfBkiaigRSgwL6qbaoyoXnYlPzjcNa02u7EozPK1DwSxqg&#038;oe=63B28BDB\" \/><\/a><br \/><a href=\"https:\/\/scontent.fuio15-1.fna.fbcdn.net\/v\/t39.30808-6\/301406934_2281591518663040_2729589541305438719_n.jpg?stp=cp6_dst-jpg&#038;_nc_cat=106&#038;ccb=1-7&#038;_nc_sid=8bfeb9&#038;_nc_ohc=UmsQ19PTKp8AX-YDT1y&#038;_nc_ht=scontent.fuio15-1.fna&#038;oh=00_AfDf2wauYcH3pCQpZfvlRyxyvR07pdTrnqphF9z4bcxfHA&#038;oe=63B44BF2\"><img decoding=\"async\" class=\"wp_automatic_fb_img\" title=\"\" src=\"https:\/\/scontent.fuio15-1.fna.fbcdn.net\/v\/t39.30808-6\/301406934_2281591518663040_2729589541305438719_n.jpg?stp=cp6_dst-jpg&#038;_nc_cat=106&#038;ccb=1-7&#038;_nc_sid=8bfeb9&#038;_nc_ohc=UmsQ19PTKp8AX-YDT1y&#038;_nc_ht=scontent.fuio15-1.fna&#038;oh=00_AfDf2wauYcH3pCQpZfvlRyxyvR07pdTrnqphF9z4bcxfHA&#038;oe=63B44BF2\" \/><\/a><br \/><a href=\"https:\/\/scontent.fuio15-1.fna.fbcdn.net\/v\/t39.30808-6\/301136046_2281591541996371_3140981339049943564_n.jpg?stp=cp6_dst-jpg&#038;_nc_cat=102&#038;ccb=1-7&#038;_nc_sid=8bfeb9&#038;_nc_ohc=zscomyqey4wAX_hWSmd&#038;_nc_ht=scontent.fuio15-1.fna&#038;oh=00_AfBrOSGPTJNJjqZSykL7fG3nq6Svqkkj47hwnmG4QVwsdw&#038;oe=63B464CC\"><img decoding=\"async\" class=\"wp_automatic_fb_img\" title=\"\" src=\"https:\/\/scontent.fuio15-1.fna.fbcdn.net\/v\/t39.30808-6\/301136046_2281591541996371_3140981339049943564_n.jpg?stp=cp6_dst-jpg&#038;_nc_cat=102&#038;ccb=1-7&#038;_nc_sid=8bfeb9&#038;_nc_ohc=zscomyqey4wAX_hWSmd&#038;_nc_ht=scontent.fuio15-1.fna&#038;oh=00_AfBrOSGPTJNJjqZSykL7fG3nq6Svqkkj47hwnmG4QVwsdw&#038;oe=63B464CC\" \/><\/a><\/p>\n","protected":false},"author":1,"featured_media":2662,"comment_status":"open","ping_status":"open","sticky":false,"template":"","format":"standard","meta":[],"categories":[1],"tags":[27,734],"_links":{"self":[{"href":"https:\/\/bomberos.puyo.gob.ec\/2019\/wp-json\/wp\/v2\/posts\/2661"}],"collection":[{"href":"https:\/\/bomberos.puyo.gob.ec\/2019\/wp-json\/wp\/v2\/posts"}],"about":[{"href":"https:\/\/bomberos.puyo.gob.ec\/2019\/wp-json\/wp\/v2\/types\/post"}],"author":[{"embeddable":true,"href":"https:\/\/bomberos.puyo.gob.ec\/2019\/wp-json\/wp\/v2\/users\/1"}],"replies":[{"embeddable":true,"href":"https:\/\/bomberos.puyo.gob.ec\/2019\/wp-json\/wp\/v2\/comments?post=2661"}],"version-history":[{"count":1,"href":"https:\/\/bomberos.puyo.gob.ec\/2019\/wp-json\/wp\/v2\/posts\/2661\/revisions"}],"predecessor-version":[{"id":2663,"href":"https:\/\/bomberos.puyo.gob.ec\/2019\/wp-json\/wp\/v2\/posts\/2661\/revisions\/2663"}],"wp:featuredmedia":[{"embeddable":true,"href":"https:\/\/bomberos.puyo.gob.ec\/2019\/wp-json\/wp\/v2\/media\/2662"}],"wp:attachment":[{"href":"https:\/\/bomberos.puyo.gob.ec\/2019\/wp-json\/wp\/v2\/media?parent=2661"}],"wp:term":[{"taxonomy":"category","embeddable":true,"href":"https:\/\/bomberos.puyo.gob.ec\/2019\/wp-json\/wp\/v2\/categories?post=2661"},{"taxonomy":"post_tag","embeddable":true,"href":"https:\/\/bomberos.puyo.gob.ec\/2019\/wp-json\/wp\/v2\/tags?post=2661"}],"curies":[{"name":"wp","href":"https:\/\/api.w.org\/{rel}","templated":true}]}}