{"id":2649,"date":"2022-08-25T16:02:20","date_gmt":"2022-08-25T21:02:20","guid":{"rendered":"https:\/\/bomberos.puyo.gob.ec\/capacitacion-la-unidad-r2-se-dirigio-al-sector-de-la-hosteria-el-pigual-pa\/"},"modified":"2022-12-30T01:59:57","modified_gmt":"2022-12-30T06:59:57","slug":"capacitacion-la-unidad-r2-se-dirigio-al-sector-de-la-hosteria-el-pigual-pa","status":"publish","type":"post","link":"https:\/\/bomberos.puyo.gob.ec\/2019\/capacitacion-la-unidad-r2-se-dirigio-al-sector-de-la-hosteria-el-pigual-pa\/","title":{"rendered":"|CAPACITACI\u00d3N|\n La unidad  R2 se dirigi\u00f3 al sector de la Hoster\u00eda el Pigual pa&#8230;"},"content":{"rendered":"<div><span><\/p>\n<p>|CAPACITACI\u00d3N|<\/p>\n<p> La unidad  R2 se dirigi\u00f3 al sector de la Hoster\u00eda el Pigual para impartir una capacitaci\u00f3n de concientizaci\u00f3n sobre primeros auxilios b\u00e1sicos, evacuaci\u00f3n y prevenci\u00f3n de incendios al personal administrativo y m\u00e9dico del IESS y asi puedan brindar su ayuda en el v\u00ednculo social.<\/p>\n<p><\/span><\/div>\n<p><a href=\"https:\/\/facebook.com\/story.php?story_fbid=pfbid0R7HuJsBp1N9TZ7J3dv2yrHTVwHCnBC8TFLbHoA36ucQ1eCpBQqCE8j8XdCKkXMVyl&amp;id=465093860312824&amp;eav=Afa4BMzJgh6J3P698TvjampUPGuAKXiaErszMTdd2ow3Q-xe_2g-BNeZ-hmFKaArbGY&amp;viewer=465093860312824&amp;m_entstream_source=timeline&amp;__tn__=%2As%2As-R&amp;paipv=1\" aria-label=\"Abrir historia\" class=\"_5msj\"><\/a><\/p>\n<p><a href=\"https:\/\/bomberos.puyo.gob.ec\/2019\/wp-content\/uploads\/CAPACITACION-La-unidad-R2-se-dirigio-al-sector-de-la.jpg\"><img decoding=\"async\" class=\"wp_automatic_fb_img\" title=\"\" src=\"https:\/\/bomberos.puyo.gob.ec\/2019\/wp-content\/uploads\/CAPACITACION-La-unidad-R2-se-dirigio-al-sector-de-la.jpg\" \/><\/a><br \/>\n<br \/><a href=\"https:\/\/www.facebook.com\/465093860312824\/posts\/2283299561825569\">en facebook&#8230; <\/a>  <\/p>\n","protected":false},"excerpt":{"rendered":"<div><span><\/p>\n<p>|CAPACITACI\u00d3N|<\/p>\n<p> La unidad  R2 se dirigi\u00f3 al sector de la Hoster\u00eda el Pigual para impartir una capacitaci\u00f3n de concientizaci\u00f3n sobre primeros auxilios b\u00e1sicos, evacuaci\u00f3n y prevenci\u00f3n de incendios al personal administrativo y m\u00e9dico del IESS y asi puedan brindar su ayuda en el v\u00ednculo social.<\/p>\n<p><\/span><\/div>\n<p><a href=\"https:\/\/facebook.com\/story.php?story_fbid=pfbid0R7HuJsBp1N9TZ7J3dv2yrHTVwHCnBC8TFLbHoA36ucQ1eCpBQqCE8j8XdCKkXMVyl&amp;id=465093860312824&amp;eav=Afa4BMzJgh6J3P698TvjampUPGuAKXiaErszMTdd2ow3Q-xe_2g-BNeZ-hmFKaArbGY&amp;viewer=465093860312824&amp;m_entstream_source=timeline&amp;__tn__=%2As%2As-R&amp;paipv=1\" aria-label=\"Abrir historia\" class=\"_5msj\"><\/a><\/p>\n<p><a href=\"https:\/\/scontent.fuio15-1.fna.fbcdn.net\/v\/t39.30808-6\/301800988_2283257371829788_7568420736710164452_n.jpg?stp=cp6_dst-jpg_s720x720&#038;_nc_cat=104&#038;ccb=1-7&#038;_nc_sid=8bfeb9&#038;_nc_ohc=LmiL66qp7ZgAX-dgaBP&#038;_nc_oc=AQkdC3CA4ARQT7PyiYzW8iKvr6wBpsFww6YD4s5KgRQOwzIQb3eIo0hGixzbvyqNczc&#038;_nc_ht=scontent.fuio15-1.fna&#038;oh=00_AfBQQor_fLkIH3uHOvqIw9-ZzSi-Hu-1Oc3Twg1uNOmT5A&#038;oe=63B3A71A\"><img decoding=\"async\" class=\"wp_automatic_fb_img\" title=\"\" src=\"https:\/\/scontent.fuio15-1.fna.fbcdn.net\/v\/t39.30808-6\/301800988_2283257371829788_7568420736710164452_n.jpg?stp=cp6_dst-jpg_s720x720&#038;_nc_cat=104&#038;ccb=1-7&#038;_nc_sid=8bfeb9&#038;_nc_ohc=LmiL66qp7ZgAX-dgaBP&#038;_nc_oc=AQkdC3CA4ARQT7PyiYzW8iKvr6wBpsFww6YD4s5KgRQOwzIQb3eIo0hGixzbvyqNczc&#038;_nc_ht=scontent.fuio15-1.fna&#038;oh=00_AfBQQor_fLkIH3uHOvqIw9-ZzSi-Hu-1Oc3Twg1uNOmT5A&#038;oe=63B3A71A\" \/><\/a><\/p>\n","protected":false},"author":1,"featured_media":2650,"comment_status":"open","ping_status":"open","sticky":false,"template":"","format":"standard","meta":[],"categories":[1],"tags":[65,722,930,932,931,276,41],"_links":{"self":[{"href":"https:\/\/bomberos.puyo.gob.ec\/2019\/wp-json\/wp\/v2\/posts\/2649"}],"collection":[{"href":"https:\/\/bomberos.puyo.gob.ec\/2019\/wp-json\/wp\/v2\/posts"}],"about":[{"href":"https:\/\/bomberos.puyo.gob.ec\/2019\/wp-json\/wp\/v2\/types\/post"}],"author":[{"embeddable":true,"href":"https:\/\/bomberos.puyo.gob.ec\/2019\/wp-json\/wp\/v2\/users\/1"}],"replies":[{"embeddable":true,"href":"https:\/\/bomberos.puyo.gob.ec\/2019\/wp-json\/wp\/v2\/comments?post=2649"}],"version-history":[{"count":1,"href":"https:\/\/bomberos.puyo.gob.ec\/2019\/wp-json\/wp\/v2\/posts\/2649\/revisions"}],"predecessor-version":[{"id":2651,"href":"https:\/\/bomberos.puyo.gob.ec\/2019\/wp-json\/wp\/v2\/posts\/2649\/revisions\/2651"}],"wp:featuredmedia":[{"embeddable":true,"href":"https:\/\/bomberos.puyo.gob.ec\/2019\/wp-json\/wp\/v2\/media\/2650"}],"wp:attachment":[{"href":"https:\/\/bomberos.puyo.gob.ec\/2019\/wp-json\/wp\/v2\/media?parent=2649"}],"wp:term":[{"taxonomy":"category","embeddable":true,"href":"https:\/\/bomberos.puyo.gob.ec\/2019\/wp-json\/wp\/v2\/categories?post=2649"},{"taxonomy":"post_tag","embeddable":true,"href":"https:\/\/bomberos.puyo.gob.ec\/2019\/wp-json\/wp\/v2\/tags?post=2649"}],"curies":[{"name":"wp","href":"https:\/\/api.w.org\/{rel}","templated":true}]}}