{"id":2631,"date":"2022-08-30T15:14:36","date_gmt":"2022-08-30T20:14:36","guid":{"rendered":"https:\/\/bomberos.puyo.gob.ec\/en-la-sala-de-reuniones-de-la-ant-se-mantuvo-una-reunion-de-trabajo-con-la-trans\/"},"modified":"2022-12-30T01:06:15","modified_gmt":"2022-12-30T06:06:15","slug":"en-la-sala-de-reuniones-de-la-ant-se-mantuvo-una-reunion-de-trabajo-con-la-trans","status":"publish","type":"post","link":"https:\/\/bomberos.puyo.gob.ec\/2019\/en-la-sala-de-reuniones-de-la-ant-se-mantuvo-una-reunion-de-trabajo-con-la-trans\/","title":{"rendered":"En la sala de reuniones de la ANT se mantuvo una reuni\u00f3n de trabajo con la Trans&#8230;"},"content":{"rendered":"<p>En la sala de reuniones de la ANT se mantuvo una reuni\u00f3n de trabajo con la Transcomunidad EP Pastaza, el Cuerpo de Bomberos Municipal del Cant\u00f3n Pastaza, el Ministerio de Educaci\u00f3n y Polic\u00eda Nacional, para finiquitar detalles de la Campa\u00f1a \u00abPastaza sin muertes por alcohol\u00bb a desarrollarse durante el mes de septiembre en d\u00f3nde se realizar\u00e1:<br \/>\n\u2705operativos de control con Polic\u00eda Nacional.<br \/>\n\u2705Charlas en las unidades educativas.<\/p>\n<p>\u00a1Si beben no conduzcan!<\/p>\n<p><a href=\"https:\/\/bomberos.puyo.gob.ec\/2019\/wp-content\/uploads\/En-la-sala-de-reuniones-de-la-ANT-se-mantuvo.jpg\"><img decoding=\"async\" class=\"wp_automatic_fb_img\" title=\"\" src=\"https:\/\/bomberos.puyo.gob.ec\/2019\/wp-content\/uploads\/En-la-sala-de-reuniones-de-la-ANT-se-mantuvo.jpg\" \/><\/a><br \/>\n<br \/><a href=\"https:\/\/www.facebook.com\/465093860312824\/posts\/2287205408101651\">en facebook&#8230; <\/a>  <\/p>\n","protected":false},"excerpt":{"rendered":"<p>En la sala de reuniones de la ANT se mantuvo una reuni\u00f3n de trabajo con la Transcomunidad EP Pastaza, el Cuerpo de Bomberos Municipal del Cant\u00f3n Pastaza, el Ministerio de Educaci\u00f3n y Polic\u00eda Nacional, para finiquitar detalles de la Campa\u00f1a \u00abPastaza sin muertes por alcohol\u00bb a desarrollarse durante el mes de septiembre en d\u00f3nde se realizar\u00e1:<br \/>\n\u2705operativos de control con Polic\u00eda Nacional.<br \/>\n\u2705Charlas en las unidades educativas.<\/p>\n<p>\u00a1Si beben no conduzcan!<\/p>\n<p><a href=\"https:\/\/scontent.fuio15-1.fna.fbcdn.net\/v\/t39.30808-6\/302717561_2287205384768320_1267841714814037092_n.jpg?stp=cp6_dst-jpg_s720x720&#038;_nc_cat=102&#038;ccb=1-7&#038;_nc_sid=8bfeb9&#038;_nc_ohc=f2S3dB5gggwAX_bqP9Z&#038;_nc_ht=scontent.fuio15-1.fna&#038;oh=00_AfACUr5j6QqLIlXqdrFITEUJ1Buy-xiTRSWgUdzwhn4gPQ&#038;oe=63B28255\"><img decoding=\"async\" class=\"wp_automatic_fb_img\" title=\"\" src=\"https:\/\/scontent.fuio15-1.fna.fbcdn.net\/v\/t39.30808-6\/302717561_2287205384768320_1267841714814037092_n.jpg?stp=cp6_dst-jpg_s720x720&#038;_nc_cat=102&#038;ccb=1-7&#038;_nc_sid=8bfeb9&#038;_nc_ohc=f2S3dB5gggwAX_bqP9Z&#038;_nc_ht=scontent.fuio15-1.fna&#038;oh=00_AfACUr5j6QqLIlXqdrFITEUJ1Buy-xiTRSWgUdzwhn4gPQ&#038;oe=63B28255\" \/><\/a><\/p>\n","protected":false},"author":1,"featured_media":2632,"comment_status":"open","ping_status":"open","sticky":false,"template":"","format":"standard","meta":[],"categories":[1],"tags":[922,42,923,99,921,920,80,423,119],"_links":{"self":[{"href":"https:\/\/bomberos.puyo.gob.ec\/2019\/wp-json\/wp\/v2\/posts\/2631"}],"collection":[{"href":"https:\/\/bomberos.puyo.gob.ec\/2019\/wp-json\/wp\/v2\/posts"}],"about":[{"href":"https:\/\/bomberos.puyo.gob.ec\/2019\/wp-json\/wp\/v2\/types\/post"}],"author":[{"embeddable":true,"href":"https:\/\/bomberos.puyo.gob.ec\/2019\/wp-json\/wp\/v2\/users\/1"}],"replies":[{"embeddable":true,"href":"https:\/\/bomberos.puyo.gob.ec\/2019\/wp-json\/wp\/v2\/comments?post=2631"}],"version-history":[{"count":1,"href":"https:\/\/bomberos.puyo.gob.ec\/2019\/wp-json\/wp\/v2\/posts\/2631\/revisions"}],"predecessor-version":[{"id":2633,"href":"https:\/\/bomberos.puyo.gob.ec\/2019\/wp-json\/wp\/v2\/posts\/2631\/revisions\/2633"}],"wp:featuredmedia":[{"embeddable":true,"href":"https:\/\/bomberos.puyo.gob.ec\/2019\/wp-json\/wp\/v2\/media\/2632"}],"wp:attachment":[{"href":"https:\/\/bomberos.puyo.gob.ec\/2019\/wp-json\/wp\/v2\/media?parent=2631"}],"wp:term":[{"taxonomy":"category","embeddable":true,"href":"https:\/\/bomberos.puyo.gob.ec\/2019\/wp-json\/wp\/v2\/categories?post=2631"},{"taxonomy":"post_tag","embeddable":true,"href":"https:\/\/bomberos.puyo.gob.ec\/2019\/wp-json\/wp\/v2\/tags?post=2631"}],"curies":[{"name":"wp","href":"https:\/\/api.w.org\/{rel}","templated":true}]}}