{"id":2622,"date":"2022-08-30T22:25:11","date_gmt":"2022-08-31T03:25:11","guid":{"rendered":"https:\/\/bomberos.puyo.gob.ec\/corte-de-arbol-la-unidad-b3-se-dirigio-a-realizar-un-corte-de-arbol-en-el\/"},"modified":"2022-12-30T00:45:54","modified_gmt":"2022-12-30T05:45:54","slug":"corte-de-arbol-la-unidad-b3-se-dirigio-a-realizar-un-corte-de-arbol-en-el","status":"publish","type":"post","link":"https:\/\/bomberos.puyo.gob.ec\/2019\/corte-de-arbol-la-unidad-b3-se-dirigio-a-realizar-un-corte-de-arbol-en-el\/","title":{"rendered":"|CORTE DE \u00c1RBOL|\n  La unidad B3 se dirigi\u00f3 a realizar un corte de \u00e1rbol en el &#8230;"},"content":{"rendered":"<p>|CORTE DE \u00c1RBOL|<br \/>\n \ud83c\udf33 La unidad B3 se dirigi\u00f3 a realizar un corte de \u00e1rbol en el barrio Para\u00edso (calles Alberto Zambrano y Cumanda), en el punto se toma contacto con la Sra. W. M. due\u00f1a del inmueble y se verifica que el \u00e1rbol est\u00e1 afectando a la vivienda, posteriormente se procede a realizar el corte dejando seguro el lugar.<\/p>\n<p><a href=\"https:\/\/facebook.com\/story.php?story_fbid=pfbid02vHPhaYWcttUDhatjbyFudnBScE7N9Jf6LxgodRKywa5CtYzU4x72B2M6QQTR2Nmhl&amp;id=465093860312824&amp;eav=AfaBcKcjbc8_WKCr43ze0P6YBl0glxgPMkefeW2xYon8qLWhXbO-x7BZ2WRM2t-lrHs&amp;viewer=465093860312824&amp;m_entstream_source=timeline&amp;__tn__=%2As%2As-R&amp;paipv=1\" aria-label=\"Abrir historia\" class=\"_5msj\"><\/a><\/p>\n<p><a href=\"https:\/\/bomberos.puyo.gob.ec\/2019\/wp-content\/uploads\/CORTE-DE-ARBOL-La-unidad-B3-se-dirigio-a-realizar.jpg\"><img decoding=\"async\" class=\"wp_automatic_fb_img\" title=\"\" src=\"https:\/\/bomberos.puyo.gob.ec\/2019\/wp-content\/uploads\/CORTE-DE-ARBOL-La-unidad-B3-se-dirigio-a-realizar.jpg\" \/><\/a><br \/><a href=\"https:\/\/bomberos.puyo.gob.ec\/2019\/wp-content\/uploads\/1672379153_954_CORTE-DE-ARBOL-La-unidad-B3-se-dirigio-a-realizar.jpg\"><img decoding=\"async\" class=\"wp_automatic_fb_img\" title=\"\" src=\"https:\/\/bomberos.puyo.gob.ec\/2019\/wp-content\/uploads\/1672379153_954_CORTE-DE-ARBOL-La-unidad-B3-se-dirigio-a-realizar.jpg\" \/><\/a><br \/>\n<br \/><a href=\"https:\/\/www.facebook.com\/465093860312824\/posts\/2287457628076429\">en facebook&#8230; <\/a>  <\/p>\n","protected":false},"excerpt":{"rendered":"<p>|CORTE DE \u00c1RBOL|<br \/>\n \ud83c\udf33 La unidad B3 se dirigi\u00f3 a realizar un corte de \u00e1rbol en el barrio Para\u00edso (calles Alberto Zambrano y Cumanda), en el punto se toma contacto con la Sra. W. M. due\u00f1a del inmueble y se verifica que el \u00e1rbol est\u00e1 afectando a la vivienda, posteriormente se procede a realizar el corte dejando seguro el lugar.<\/p>\n<p><a href=\"https:\/\/facebook.com\/story.php?story_fbid=pfbid02vHPhaYWcttUDhatjbyFudnBScE7N9Jf6LxgodRKywa5CtYzU4x72B2M6QQTR2Nmhl&amp;id=465093860312824&amp;eav=AfaBcKcjbc8_WKCr43ze0P6YBl0glxgPMkefeW2xYon8qLWhXbO-x7BZ2WRM2t-lrHs&amp;viewer=465093860312824&amp;m_entstream_source=timeline&amp;__tn__=%2As%2As-R&amp;paipv=1\" aria-label=\"Abrir historia\" class=\"_5msj\"><\/a><\/p>\n<p><a href=\"https:\/\/scontent.fuio15-1.fna.fbcdn.net\/v\/t39.30808-6\/302921017_2287413834747475_7520304789703650293_n.jpg?stp=cp6_dst-jpg&#038;_nc_cat=109&#038;ccb=1-7&#038;_nc_sid=8bfeb9&#038;_nc_ohc=N4xfvz0_n-4AX_0fbLT&#038;_nc_ht=scontent.fuio15-1.fna&#038;oh=00_AfCJTeb9PeScx6klScJKmlzpwFwWxGLHRoii6D6J-PrElA&#038;oe=63B39A18\"><img decoding=\"async\" class=\"wp_automatic_fb_img\" title=\"\" src=\"https:\/\/scontent.fuio15-1.fna.fbcdn.net\/v\/t39.30808-6\/302921017_2287413834747475_7520304789703650293_n.jpg?stp=cp6_dst-jpg&#038;_nc_cat=109&#038;ccb=1-7&#038;_nc_sid=8bfeb9&#038;_nc_ohc=N4xfvz0_n-4AX_0fbLT&#038;_nc_ht=scontent.fuio15-1.fna&#038;oh=00_AfCJTeb9PeScx6klScJKmlzpwFwWxGLHRoii6D6J-PrElA&#038;oe=63B39A18\" \/><\/a><br \/><a href=\"https:\/\/scontent.fuio15-1.fna.fbcdn.net\/v\/t39.30808-6\/302925345_2287413844747474_2360088882660823618_n.jpg?stp=cp6_dst-jpg&#038;_nc_cat=105&#038;ccb=1-7&#038;_nc_sid=8bfeb9&#038;_nc_ohc=h9otVV0ezLYAX95XVLp&#038;_nc_ht=scontent.fuio15-1.fna&#038;oh=00_AfCHukuvXoDe72iYWynsV9E01V38B52Xcu7xa2F5rjlUmA&#038;oe=63B36218\"><img decoding=\"async\" class=\"wp_automatic_fb_img\" title=\"\" src=\"https:\/\/scontent.fuio15-1.fna.fbcdn.net\/v\/t39.30808-6\/302925345_2287413844747474_2360088882660823618_n.jpg?stp=cp6_dst-jpg&#038;_nc_cat=105&#038;ccb=1-7&#038;_nc_sid=8bfeb9&#038;_nc_ohc=h9otVV0ezLYAX95XVLp&#038;_nc_ht=scontent.fuio15-1.fna&#038;oh=00_AfCHukuvXoDe72iYWynsV9E01V38B52Xcu7xa2F5rjlUmA&#038;oe=63B36218\" \/><\/a><\/p>\n","protected":false},"author":1,"featured_media":2623,"comment_status":"open","ping_status":"open","sticky":false,"template":"","format":"standard","meta":[],"categories":[1],"tags":[760,759,722,560,41],"_links":{"self":[{"href":"https:\/\/bomberos.puyo.gob.ec\/2019\/wp-json\/wp\/v2\/posts\/2622"}],"collection":[{"href":"https:\/\/bomberos.puyo.gob.ec\/2019\/wp-json\/wp\/v2\/posts"}],"about":[{"href":"https:\/\/bomberos.puyo.gob.ec\/2019\/wp-json\/wp\/v2\/types\/post"}],"author":[{"embeddable":true,"href":"https:\/\/bomberos.puyo.gob.ec\/2019\/wp-json\/wp\/v2\/users\/1"}],"replies":[{"embeddable":true,"href":"https:\/\/bomberos.puyo.gob.ec\/2019\/wp-json\/wp\/v2\/comments?post=2622"}],"version-history":[{"count":1,"href":"https:\/\/bomberos.puyo.gob.ec\/2019\/wp-json\/wp\/v2\/posts\/2622\/revisions"}],"predecessor-version":[{"id":2624,"href":"https:\/\/bomberos.puyo.gob.ec\/2019\/wp-json\/wp\/v2\/posts\/2622\/revisions\/2624"}],"wp:featuredmedia":[{"embeddable":true,"href":"https:\/\/bomberos.puyo.gob.ec\/2019\/wp-json\/wp\/v2\/media\/2623"}],"wp:attachment":[{"href":"https:\/\/bomberos.puyo.gob.ec\/2019\/wp-json\/wp\/v2\/media?parent=2622"}],"wp:term":[{"taxonomy":"category","embeddable":true,"href":"https:\/\/bomberos.puyo.gob.ec\/2019\/wp-json\/wp\/v2\/categories?post=2622"},{"taxonomy":"post_tag","embeddable":true,"href":"https:\/\/bomberos.puyo.gob.ec\/2019\/wp-json\/wp\/v2\/tags?post=2622"}],"curies":[{"name":"wp","href":"https:\/\/api.w.org\/{rel}","templated":true}]}}