{"id":2619,"date":"2022-08-31T23:24:20","date_gmt":"2022-09-01T04:24:20","guid":{"rendered":"https:\/\/bomberos.puyo.gob.ec\/capacitacion-el-dia-de-hoy-personal-del-cuerpo-de-bomberos-de-pastaza-impar\/"},"modified":"2022-12-30T00:40:38","modified_gmt":"2022-12-30T05:40:38","slug":"capacitacion-el-dia-de-hoy-personal-del-cuerpo-de-bomberos-de-pastaza-impar","status":"publish","type":"post","link":"https:\/\/bomberos.puyo.gob.ec\/2019\/capacitacion-el-dia-de-hoy-personal-del-cuerpo-de-bomberos-de-pastaza-impar\/","title":{"rendered":"|CAPACITACI\u00d3N|\n El d\u00eda de hoy personal del Cuerpo de bomberos de Pastaza impar&#8230;"},"content":{"rendered":"<div><span><\/p>\n<p>|CAPACITACI\u00d3N|<\/p>\n<p> El d\u00eda de hoy personal del Cuerpo de bomberos de Pastaza imparti\u00f3 una capacitaci\u00f3n de primeros auxilios a los docentes y funcionarios de la escuela Esperanza Eterna con el fin de adquirir conocimientos en beneficio de la seguridad de sus estudiantes<\/p>\n<p><\/span><\/div>\n<p><a href=\"https:\/\/facebook.com\/story.php?story_fbid=pfbid035eVdheSwX2mutn4BtjRnnwf771CNjxa5hFunScJeXDtZ6NdgVM93BriZwBxMA2KRl&amp;id=465093860312824&amp;eav=AfbG-gJXxY4qtCMA3R85G5CYbJ89GTODGTi9o1zf83de5P7VDS89Uj_1WDSr6VSJgW4&amp;viewer=465093860312824&amp;m_entstream_source=timeline&amp;__tn__=%2As%2As-R&amp;paipv=1\" aria-label=\"Abrir historia\" class=\"_5msj\"><\/a><\/p>\n<p><a href=\"https:\/\/bomberos.puyo.gob.ec\/2019\/wp-content\/uploads\/CAPACITACION-El-dia-de-hoy-personal-del-Cuerpo-de-bomberos.jpg\"><img decoding=\"async\" class=\"wp_automatic_fb_img\" title=\"\" src=\"https:\/\/bomberos.puyo.gob.ec\/2019\/wp-content\/uploads\/CAPACITACION-El-dia-de-hoy-personal-del-Cuerpo-de-bomberos.jpg\" \/><\/a><br \/><a href=\"https:\/\/bomberos.puyo.gob.ec\/2019\/wp-content\/uploads\/1672378837_958_CAPACITACION-El-dia-de-hoy-personal-del-Cuerpo-de-bomberos.jpg\"><img decoding=\"async\" class=\"wp_automatic_fb_img\" title=\"\" src=\"https:\/\/bomberos.puyo.gob.ec\/2019\/wp-content\/uploads\/1672378837_958_CAPACITACION-El-dia-de-hoy-personal-del-Cuerpo-de-bomberos.jpg\" \/><\/a><br \/>\n<br \/><a href=\"https:\/\/www.facebook.com\/465093860312824\/posts\/2288502181305307\">en facebook&#8230; <\/a>  <\/p>\n","protected":false},"excerpt":{"rendered":"<div><span><\/p>\n<p>|CAPACITACI\u00d3N|<\/p>\n<p> El d\u00eda de hoy personal del Cuerpo de bomberos de Pastaza imparti\u00f3 una capacitaci\u00f3n de primeros auxilios a los docentes y funcionarios de la escuela Esperanza Eterna con el fin de adquirir conocimientos en beneficio de la seguridad de sus estudiantes<\/p>\n<p><\/span><\/div>\n<p><a href=\"https:\/\/facebook.com\/story.php?story_fbid=pfbid035eVdheSwX2mutn4BtjRnnwf771CNjxa5hFunScJeXDtZ6NdgVM93BriZwBxMA2KRl&amp;id=465093860312824&amp;eav=AfbG-gJXxY4qtCMA3R85G5CYbJ89GTODGTi9o1zf83de5P7VDS89Uj_1WDSr6VSJgW4&amp;viewer=465093860312824&amp;m_entstream_source=timeline&amp;__tn__=%2As%2As-R&amp;paipv=1\" aria-label=\"Abrir historia\" class=\"_5msj\"><\/a><\/p>\n<p><a href=\"https:\/\/scontent.fuio15-1.fna.fbcdn.net\/v\/t39.30808-6\/304628399_2288502144638644_5514683953026416158_n.jpg?stp=cp6_dst-jpg&#038;_nc_cat=109&#038;ccb=1-7&#038;_nc_sid=8bfeb9&#038;_nc_ohc=TUxdFsML1NYAX8dbKmD&#038;_nc_ht=scontent.fuio15-1.fna&#038;oh=00_AfAeIV7d37pJTqsAMAJn9OpXfdOc_4b-56NNefZJU-ZQEQ&#038;oe=63B3456C\"><img decoding=\"async\" class=\"wp_automatic_fb_img\" title=\"\" src=\"https:\/\/scontent.fuio15-1.fna.fbcdn.net\/v\/t39.30808-6\/304628399_2288502144638644_5514683953026416158_n.jpg?stp=cp6_dst-jpg&#038;_nc_cat=109&#038;ccb=1-7&#038;_nc_sid=8bfeb9&#038;_nc_ohc=TUxdFsML1NYAX8dbKmD&#038;_nc_ht=scontent.fuio15-1.fna&#038;oh=00_AfAeIV7d37pJTqsAMAJn9OpXfdOc_4b-56NNefZJU-ZQEQ&#038;oe=63B3456C\" \/><\/a><br \/><a href=\"https:\/\/scontent.fuio15-1.fna.fbcdn.net\/v\/t39.30808-6\/304722888_2288502141305311_60470490289969813_n.jpg?stp=cp6_dst-jpg&#038;_nc_cat=108&#038;ccb=1-7&#038;_nc_sid=8bfeb9&#038;_nc_ohc=ZWRXkovlabMAX9rkLXc&#038;_nc_ht=scontent.fuio15-1.fna&#038;oh=00_AfDIlDLO6lL2yhSQh23z1tWMpIoT1aEYzOTVfkaap-geUg&#038;oe=63B3DE38\"><img decoding=\"async\" class=\"wp_automatic_fb_img\" title=\"\" src=\"https:\/\/scontent.fuio15-1.fna.fbcdn.net\/v\/t39.30808-6\/304722888_2288502141305311_60470490289969813_n.jpg?stp=cp6_dst-jpg&#038;_nc_cat=108&#038;ccb=1-7&#038;_nc_sid=8bfeb9&#038;_nc_ohc=ZWRXkovlabMAX9rkLXc&#038;_nc_ht=scontent.fuio15-1.fna&#038;oh=00_AfDIlDLO6lL2yhSQh23z1tWMpIoT1aEYzOTVfkaap-geUg&#038;oe=63B3DE38\" \/><\/a><\/p>\n","protected":false},"author":1,"featured_media":2620,"comment_status":"open","ping_status":"open","sticky":false,"template":"","format":"standard","meta":[],"categories":[1],"tags":[73,65,64,32,24,202,919,74,34],"_links":{"self":[{"href":"https:\/\/bomberos.puyo.gob.ec\/2019\/wp-json\/wp\/v2\/posts\/2619"}],"collection":[{"href":"https:\/\/bomberos.puyo.gob.ec\/2019\/wp-json\/wp\/v2\/posts"}],"about":[{"href":"https:\/\/bomberos.puyo.gob.ec\/2019\/wp-json\/wp\/v2\/types\/post"}],"author":[{"embeddable":true,"href":"https:\/\/bomberos.puyo.gob.ec\/2019\/wp-json\/wp\/v2\/users\/1"}],"replies":[{"embeddable":true,"href":"https:\/\/bomberos.puyo.gob.ec\/2019\/wp-json\/wp\/v2\/comments?post=2619"}],"version-history":[{"count":1,"href":"https:\/\/bomberos.puyo.gob.ec\/2019\/wp-json\/wp\/v2\/posts\/2619\/revisions"}],"predecessor-version":[{"id":2621,"href":"https:\/\/bomberos.puyo.gob.ec\/2019\/wp-json\/wp\/v2\/posts\/2619\/revisions\/2621"}],"wp:featuredmedia":[{"embeddable":true,"href":"https:\/\/bomberos.puyo.gob.ec\/2019\/wp-json\/wp\/v2\/media\/2620"}],"wp:attachment":[{"href":"https:\/\/bomberos.puyo.gob.ec\/2019\/wp-json\/wp\/v2\/media?parent=2619"}],"wp:term":[{"taxonomy":"category","embeddable":true,"href":"https:\/\/bomberos.puyo.gob.ec\/2019\/wp-json\/wp\/v2\/categories?post=2619"},{"taxonomy":"post_tag","embeddable":true,"href":"https:\/\/bomberos.puyo.gob.ec\/2019\/wp-json\/wp\/v2\/tags?post=2619"}],"curies":[{"name":"wp","href":"https:\/\/api.w.org\/{rel}","templated":true}]}}