{"id":2608,"date":"2022-09-04T23:09:00","date_gmt":"2022-09-05T04:09:00","guid":{"rendered":"https:\/\/bomberos.puyo.gob.ec\/incendio-estructural-2\/"},"modified":"2022-12-30T00:09:03","modified_gmt":"2022-12-30T05:09:03","slug":"incendio-estructural-2","status":"publish","type":"post","link":"https:\/\/bomberos.puyo.gob.ec\/2019\/incendio-estructural-2\/","title":{"rendered":"|Incendio Estructural|&#8230;"},"content":{"rendered":"<p>|Incendio Estructural|<\/p>\n<p>Por llamado del Ecu-911, la unidad B3 se dirigi\u00f3 con 3 efectivos al barrio Plaza Aray, llegando al lugar se verifica una vivienda mixta que se encuentra consumida por el fuego en un 30% de da\u00f1os materiales, se procede a realizar la remoci\u00f3n de escombros y enfriamiento, utilizando t\u00e9cnicas de ataque defensivo.<\/p>\n<p>Se deja el lugar seguro y posteriormente recomendaciones al propietario.<\/p>\n<p><a href=\"https:\/\/bomberos.puyo.gob.ec\/2019\/wp-content\/uploads\/Incendio-Estructural.jpg\"><img decoding=\"async\" class=\"wp_automatic_fb_img\" title=\"\" src=\"https:\/\/bomberos.puyo.gob.ec\/2019\/wp-content\/uploads\/Incendio-Estructural.jpg\" \/><\/a><br \/><a href=\"https:\/\/bomberos.puyo.gob.ec\/2019\/wp-content\/uploads\/1672376942_630_Incendio-Estructural.jpg\"><img decoding=\"async\" class=\"wp_automatic_fb_img\" title=\"\" src=\"https:\/\/bomberos.puyo.gob.ec\/2019\/wp-content\/uploads\/1672376942_630_Incendio-Estructural.jpg\" \/><\/a><br \/><a href=\"https:\/\/bomberos.puyo.gob.ec\/2019\/wp-content\/uploads\/1672376942_891_Incendio-Estructural.jpg\"><img decoding=\"async\" class=\"wp_automatic_fb_img\" title=\"\" src=\"https:\/\/bomberos.puyo.gob.ec\/2019\/wp-content\/uploads\/1672376942_891_Incendio-Estructural.jpg\" \/><\/a><br \/><a href=\"https:\/\/bomberos.puyo.gob.ec\/2019\/wp-content\/uploads\/1672376942_889_Incendio-Estructural.jpg\"><img decoding=\"async\" class=\"wp_automatic_fb_img\" title=\"\" src=\"https:\/\/bomberos.puyo.gob.ec\/2019\/wp-content\/uploads\/1672376942_889_Incendio-Estructural.jpg\" \/><\/a><br \/><a href=\"https:\/\/bomberos.puyo.gob.ec\/2019\/wp-content\/uploads\/1672376943_655_Incendio-Estructural.jpg\"><img decoding=\"async\" class=\"wp_automatic_fb_img\" title=\"\" src=\"https:\/\/bomberos.puyo.gob.ec\/2019\/wp-content\/uploads\/1672376943_655_Incendio-Estructural.jpg\" \/><\/a><br \/>\n<br \/><a href=\"https:\/\/www.facebook.com\/465093860312824\/posts\/2291780130977512\">en facebook&#8230; <\/a>  <\/p>\n","protected":false},"excerpt":{"rendered":"<p>|Incendio Estructural|<\/p>\n<p>Por llamado del Ecu-911, la unidad B3 se dirigi\u00f3 con 3 efectivos al barrio Plaza Aray, llegando al lugar se verifica una vivienda mixta que se encuentra consumida por el fuego en un 30% de da\u00f1os materiales, se procede a realizar la remoci\u00f3n de escombros y enfriamiento, utilizando t\u00e9cnicas de ataque defensivo.<\/p>\n<p>Se deja el lugar seguro y posteriormente recomendaciones al propietario.<\/p>\n<p><a href=\"https:\/\/scontent.fuio15-1.fna.fbcdn.net\/v\/t39.30808-6\/305364753_2291779964310862_4338992428994360606_n.jpg?stp=cp6_dst-jpg&#038;_nc_cat=105&#038;ccb=1-7&#038;_nc_sid=8bfeb9&#038;_nc_ohc=ZzItZJLsfPsAX_hJng_&#038;_nc_ht=scontent.fuio15-1.fna&#038;oh=00_AfBSN5tfFUND-Bf-hsmBO0xX7WrDKCECCXMaT4G9P7S0sQ&#038;oe=63B3560F\"><img decoding=\"async\" class=\"wp_automatic_fb_img\" title=\"\" src=\"https:\/\/scontent.fuio15-1.fna.fbcdn.net\/v\/t39.30808-6\/305364753_2291779964310862_4338992428994360606_n.jpg?stp=cp6_dst-jpg&#038;_nc_cat=105&#038;ccb=1-7&#038;_nc_sid=8bfeb9&#038;_nc_ohc=ZzItZJLsfPsAX_hJng_&#038;_nc_ht=scontent.fuio15-1.fna&#038;oh=00_AfBSN5tfFUND-Bf-hsmBO0xX7WrDKCECCXMaT4G9P7S0sQ&#038;oe=63B3560F\" \/><\/a><br \/><a href=\"https:\/\/scontent.fuio15-1.fna.fbcdn.net\/v\/t39.30808-6\/305262295_2291780007644191_5518785780381297345_n.jpg?stp=cp6_dst-jpg&#038;_nc_cat=103&#038;ccb=1-7&#038;_nc_sid=8bfeb9&#038;_nc_ohc=mvZBXo3g-7cAX-qmhzi&#038;_nc_ht=scontent.fuio15-1.fna&#038;oh=00_AfDCh59jnUITpf6NTqJCQZt22ulWcHkdpJBIPd-OEpE5Tw&#038;oe=63B42E4D\"><img decoding=\"async\" class=\"wp_automatic_fb_img\" title=\"\" src=\"https:\/\/scontent.fuio15-1.fna.fbcdn.net\/v\/t39.30808-6\/305262295_2291780007644191_5518785780381297345_n.jpg?stp=cp6_dst-jpg&#038;_nc_cat=103&#038;ccb=1-7&#038;_nc_sid=8bfeb9&#038;_nc_ohc=mvZBXo3g-7cAX-qmhzi&#038;_nc_ht=scontent.fuio15-1.fna&#038;oh=00_AfDCh59jnUITpf6NTqJCQZt22ulWcHkdpJBIPd-OEpE5Tw&#038;oe=63B42E4D\" \/><\/a><br \/><a href=\"https:\/\/scontent.fuio15-1.fna.fbcdn.net\/v\/t39.30808-6\/305642470_2291779970977528_3435103578729793383_n.jpg?stp=cp6_dst-jpg&#038;_nc_cat=102&#038;ccb=1-7&#038;_nc_sid=8bfeb9&#038;_nc_ohc=DNH2DBfIeYEAX-yxDpT&#038;_nc_ht=scontent.fuio15-1.fna&#038;oh=00_AfAEPjQDNZ9yF2q0lsVfExSVI2D-omu7rkGVcOz-5jxrcg&#038;oe=63B40D59\"><img decoding=\"async\" class=\"wp_automatic_fb_img\" title=\"\" src=\"https:\/\/scontent.fuio15-1.fna.fbcdn.net\/v\/t39.30808-6\/305642470_2291779970977528_3435103578729793383_n.jpg?stp=cp6_dst-jpg&#038;_nc_cat=102&#038;ccb=1-7&#038;_nc_sid=8bfeb9&#038;_nc_ohc=DNH2DBfIeYEAX-yxDpT&#038;_nc_ht=scontent.fuio15-1.fna&#038;oh=00_AfAEPjQDNZ9yF2q0lsVfExSVI2D-omu7rkGVcOz-5jxrcg&#038;oe=63B40D59\" \/><\/a><br \/><a href=\"https:\/\/scontent.fuio15-1.fna.fbcdn.net\/v\/t39.30808-6\/305446789_2291779997644192_1448897730609038929_n.jpg?stp=cp6_dst-jpg&#038;_nc_cat=103&#038;ccb=1-7&#038;_nc_sid=8bfeb9&#038;_nc_ohc=7uxwI47_rfkAX839p3b&#038;_nc_ht=scontent.fuio15-1.fna&#038;oh=00_AfCCTXDR_ifbbitcod8dqVMkWiwg9HyUYdmlLKQCkU_VaQ&#038;oe=63B41EE3\"><img decoding=\"async\" class=\"wp_automatic_fb_img\" title=\"\" src=\"https:\/\/scontent.fuio15-1.fna.fbcdn.net\/v\/t39.30808-6\/305446789_2291779997644192_1448897730609038929_n.jpg?stp=cp6_dst-jpg&#038;_nc_cat=103&#038;ccb=1-7&#038;_nc_sid=8bfeb9&#038;_nc_ohc=7uxwI47_rfkAX839p3b&#038;_nc_ht=scontent.fuio15-1.fna&#038;oh=00_AfCCTXDR_ifbbitcod8dqVMkWiwg9HyUYdmlLKQCkU_VaQ&#038;oe=63B41EE3\" \/><\/a><br \/><a href=\"https:\/\/scontent.fuio15-1.fna.fbcdn.net\/v\/t39.30808-6\/305564194_2291779994310859_1774149680617527187_n.jpg?stp=cp6_dst-jpg&#038;_nc_cat=107&#038;ccb=1-7&#038;_nc_sid=8bfeb9&#038;_nc_ohc=7EwSn6mtdMIAX8v78LD&#038;_nc_ht=scontent.fuio15-1.fna&#038;oh=00_AfAmx5hb-P0Lfc25uaVAlEQ6xOVEYCaqvuEGxHLaRB2bgA&#038;oe=63B36E88\"><img decoding=\"async\" class=\"wp_automatic_fb_img\" title=\"\" src=\"https:\/\/scontent.fuio15-1.fna.fbcdn.net\/v\/t39.30808-6\/305564194_2291779994310859_1774149680617527187_n.jpg?stp=cp6_dst-jpg&#038;_nc_cat=107&#038;ccb=1-7&#038;_nc_sid=8bfeb9&#038;_nc_ohc=7EwSn6mtdMIAX8v78LD&#038;_nc_ht=scontent.fuio15-1.fna&#038;oh=00_AfAmx5hb-P0Lfc25uaVAlEQ6xOVEYCaqvuEGxHLaRB2bgA&#038;oe=63B36E88\" \/><\/a><\/p>\n","protected":false},"author":1,"featured_media":2592,"comment_status":"open","ping_status":"open","sticky":false,"template":"","format":"standard","meta":[],"categories":[1],"tags":[917,46],"_links":{"self":[{"href":"https:\/\/bomberos.puyo.gob.ec\/2019\/wp-json\/wp\/v2\/posts\/2608"}],"collection":[{"href":"https:\/\/bomberos.puyo.gob.ec\/2019\/wp-json\/wp\/v2\/posts"}],"about":[{"href":"https:\/\/bomberos.puyo.gob.ec\/2019\/wp-json\/wp\/v2\/types\/post"}],"author":[{"embeddable":true,"href":"https:\/\/bomberos.puyo.gob.ec\/2019\/wp-json\/wp\/v2\/users\/1"}],"replies":[{"embeddable":true,"href":"https:\/\/bomberos.puyo.gob.ec\/2019\/wp-json\/wp\/v2\/comments?post=2608"}],"version-history":[{"count":1,"href":"https:\/\/bomberos.puyo.gob.ec\/2019\/wp-json\/wp\/v2\/posts\/2608\/revisions"}],"predecessor-version":[{"id":2609,"href":"https:\/\/bomberos.puyo.gob.ec\/2019\/wp-json\/wp\/v2\/posts\/2608\/revisions\/2609"}],"wp:featuredmedia":[{"embeddable":true,"href":"https:\/\/bomberos.puyo.gob.ec\/2019\/wp-json\/wp\/v2\/media\/2592"}],"wp:attachment":[{"href":"https:\/\/bomberos.puyo.gob.ec\/2019\/wp-json\/wp\/v2\/media?parent=2608"}],"wp:term":[{"taxonomy":"category","embeddable":true,"href":"https:\/\/bomberos.puyo.gob.ec\/2019\/wp-json\/wp\/v2\/categories?post=2608"},{"taxonomy":"post_tag","embeddable":true,"href":"https:\/\/bomberos.puyo.gob.ec\/2019\/wp-json\/wp\/v2\/tags?post=2608"}],"curies":[{"name":"wp","href":"https:\/\/api.w.org\/{rel}","templated":true}]}}