{"id":2602,"date":"2022-09-07T00:22:16","date_gmt":"2022-09-07T05:22:16","guid":{"rendered":"https:\/\/bomberos.puyo.gob.ec\/emergencia-medica-la-unidad-a5-se-dirigio-al-km-3-via-a-la-parroquia-10-de\/"},"modified":"2022-12-29T23:49:31","modified_gmt":"2022-12-30T04:49:31","slug":"emergencia-medica-la-unidad-a5-se-dirigio-al-km-3-via-a-la-parroquia-10-de","status":"publish","type":"post","link":"https:\/\/bomberos.puyo.gob.ec\/2019\/emergencia-medica-la-unidad-a5-se-dirigio-al-km-3-via-a-la-parroquia-10-de\/","title":{"rendered":"|EMERGENCIA M\u00c9DICA|\n La unidad A5 se dirigi\u00f3 al Km. 3 V\u00eda a la parroquia 10 de&#8230;"},"content":{"rendered":"<div><span><\/p>\n<p>|EMERGENCIA M\u00c9DICA|<\/p>\n<p> La unidad A5 se dirigi\u00f3 al Km. 3 V\u00eda a la parroquia 10 de agosto, en el lugar se atiende  a una paciente de nombre: M. A. J. E. de 31 a\u00f1os de edad, misma que presenta Politraumatismos por motivo de un accidente en motocicleta por lo que es valorada y trasladada al Hospital General Puyo.<\/p>\n<p><\/span><\/div>\n<p><a href=\"https:\/\/facebook.com\/story.php?story_fbid=pfbid0jTytGg6egfMJQAE6aEfoX2iYJuNVYQAvNrBkVHi9RWeFZvFz1kFr2zEUwRRL336tl&amp;id=465093860312824&amp;eav=AfaP-Yxxx7c_pHU9F0qtSTm2A1LYN9XfB0ipBxeVtUzGVUDqb861ZPr-5VK8g6t2RPY&amp;viewer=465093860312824&amp;m_entstream_source=timeline&amp;__tn__=%2As%2As-R&amp;paipv=1\" aria-label=\"Abrir historia\" class=\"_5msj\"><\/a><\/p>\n<p><a href=\"https:\/\/bomberos.puyo.gob.ec\/2019\/wp-content\/uploads\/EMERGENCIA-MEDICA-La-unidad-A5-se-dirigio-al-Km-3.jpg\"><img decoding=\"async\" class=\"wp_automatic_fb_img\" title=\"\" src=\"https:\/\/bomberos.puyo.gob.ec\/2019\/wp-content\/uploads\/EMERGENCIA-MEDICA-La-unidad-A5-se-dirigio-al-Km-3.jpg\" \/><\/a><br \/>\n<br \/><a href=\"https:\/\/www.facebook.com\/465093860312824\/posts\/2293377130817812\">en facebook&#8230; <\/a>  <\/p>\n","protected":false},"excerpt":{"rendered":"<div><span><\/p>\n<p>|EMERGENCIA M\u00c9DICA|<\/p>\n<p> La unidad A5 se dirigi\u00f3 al Km. 3 V\u00eda a la parroquia 10 de agosto, en el lugar se atiende  a una paciente de nombre: M. A. J. E. de 31 a\u00f1os de edad, misma que presenta Politraumatismos por motivo de un accidente en motocicleta por lo que es valorada y trasladada al Hospital General Puyo.<\/p>\n<p><\/span><\/div>\n<p><a href=\"https:\/\/facebook.com\/story.php?story_fbid=pfbid0jTytGg6egfMJQAE6aEfoX2iYJuNVYQAvNrBkVHi9RWeFZvFz1kFr2zEUwRRL336tl&amp;id=465093860312824&amp;eav=AfaP-Yxxx7c_pHU9F0qtSTm2A1LYN9XfB0ipBxeVtUzGVUDqb861ZPr-5VK8g6t2RPY&amp;viewer=465093860312824&amp;m_entstream_source=timeline&amp;__tn__=%2As%2As-R&amp;paipv=1\" aria-label=\"Abrir historia\" class=\"_5msj\"><\/a><\/p>\n<p><a href=\"https:\/\/scontent.fuio15-1.fna.fbcdn.net\/v\/t39.30808-6\/305774137_2293377104151148_4940645584912689336_n.jpg?stp=cp6_dst-jpg_s720x720&#038;_nc_cat=104&#038;ccb=1-7&#038;_nc_sid=8bfeb9&#038;_nc_ohc=lv1T3Mfgl3EAX-Vko7F&#038;_nc_ht=scontent.fuio15-1.fna&#038;oh=00_AfAGi_6SIL_40cRu3Cu6pkcxo8mQZOLZzC-CAM9S7-m02w&#038;oe=63B365C0\"><img decoding=\"async\" class=\"wp_automatic_fb_img\" title=\"\" src=\"https:\/\/scontent.fuio15-1.fna.fbcdn.net\/v\/t39.30808-6\/305774137_2293377104151148_4940645584912689336_n.jpg?stp=cp6_dst-jpg_s720x720&#038;_nc_cat=104&#038;ccb=1-7&#038;_nc_sid=8bfeb9&#038;_nc_ohc=lv1T3Mfgl3EAX-Vko7F&#038;_nc_ht=scontent.fuio15-1.fna&#038;oh=00_AfAGi_6SIL_40cRu3Cu6pkcxo8mQZOLZzC-CAM9S7-m02w&#038;oe=63B365C0\" \/><\/a><\/p>\n","protected":false},"author":1,"featured_media":2603,"comment_status":"open","ping_status":"open","sticky":false,"template":"","format":"standard","meta":[],"categories":[1],"tags":[831,722,182,251,635,41,609],"_links":{"self":[{"href":"https:\/\/bomberos.puyo.gob.ec\/2019\/wp-json\/wp\/v2\/posts\/2602"}],"collection":[{"href":"https:\/\/bomberos.puyo.gob.ec\/2019\/wp-json\/wp\/v2\/posts"}],"about":[{"href":"https:\/\/bomberos.puyo.gob.ec\/2019\/wp-json\/wp\/v2\/types\/post"}],"author":[{"embeddable":true,"href":"https:\/\/bomberos.puyo.gob.ec\/2019\/wp-json\/wp\/v2\/users\/1"}],"replies":[{"embeddable":true,"href":"https:\/\/bomberos.puyo.gob.ec\/2019\/wp-json\/wp\/v2\/comments?post=2602"}],"version-history":[{"count":1,"href":"https:\/\/bomberos.puyo.gob.ec\/2019\/wp-json\/wp\/v2\/posts\/2602\/revisions"}],"predecessor-version":[{"id":2604,"href":"https:\/\/bomberos.puyo.gob.ec\/2019\/wp-json\/wp\/v2\/posts\/2602\/revisions\/2604"}],"wp:featuredmedia":[{"embeddable":true,"href":"https:\/\/bomberos.puyo.gob.ec\/2019\/wp-json\/wp\/v2\/media\/2603"}],"wp:attachment":[{"href":"https:\/\/bomberos.puyo.gob.ec\/2019\/wp-json\/wp\/v2\/media?parent=2602"}],"wp:term":[{"taxonomy":"category","embeddable":true,"href":"https:\/\/bomberos.puyo.gob.ec\/2019\/wp-json\/wp\/v2\/categories?post=2602"},{"taxonomy":"post_tag","embeddable":true,"href":"https:\/\/bomberos.puyo.gob.ec\/2019\/wp-json\/wp\/v2\/tags?post=2602"}],"curies":[{"name":"wp","href":"https:\/\/api.w.org\/{rel}","templated":true}]}}