{"id":2585,"date":"2022-09-17T16:06:09","date_gmt":"2022-09-17T21:06:09","guid":{"rendered":"https:\/\/bomberos.puyo.gob.ec\/corte-de-arbol-2\/"},"modified":"2022-12-29T22:57:32","modified_gmt":"2022-12-30T03:57:32","slug":"corte-de-arbol-2","status":"publish","type":"post","link":"https:\/\/bomberos.puyo.gob.ec\/2019\/corte-de-arbol-2\/","title":{"rendered":"|CORTE DE \u00c1RBOL|&#8230;"},"content":{"rendered":"<p>|CORTE DE \u00c1RBOL|<\/p>\n<p>Por llamado del #Ecu911, el personal del Cuerpo de bomberos de Pastaza en su labor diaria de prevenci\u00f3n de riesgos y accidentes, se dirige al barrio Eloy Alfaro 2 donde se realiza el corte de un \u00e1rbol de Pig\u00fc\u00e9 que por su fuerte inclinaci\u00f3n natural amenaza con caer sobre las l\u00edneas de fluido el\u00e9ctrico y telef\u00f3nico,<br \/>\nde la misma manera y a\u00fan m\u00e1s importante  presenta el riesgo de caer sobre la vereda y la v\u00eda por d\u00f3nde transitan las personas y veh\u00edculos, una vez realizado el trabajo se deja el lugar seguro.<\/p>\n<p>Posteriormente en el mismo lugar moradores del barrio en conjunto con personal del departamento de parques y jardines del Municipio de PASTAZA  realizan una minga de limpieza de \u00e1reas verdes y aceras. Por petici\u00f3n de varios vecinos del barrio colaboramos podando las ramas de unos \u00e1rboles de guaba que as\u00ed mismo presentaban un nivel de riesgo para los moradores y sus viviendas.<\/p>\n<p><a href=\"https:\/\/bomberos.puyo.gob.ec\/2019\/wp-content\/uploads\/1672372650_777_CORTE-DE-ARBOL.jpg\"><img decoding=\"async\" class=\"wp_automatic_fb_img\" title=\"\" src=\"https:\/\/bomberos.puyo.gob.ec\/2019\/wp-content\/uploads\/1672372650_777_CORTE-DE-ARBOL.jpg\" \/><\/a><br \/><a href=\"https:\/\/bomberos.puyo.gob.ec\/2019\/wp-content\/uploads\/1672372651_542_CORTE-DE-ARBOL.jpg\"><img decoding=\"async\" class=\"wp_automatic_fb_img\" title=\"\" src=\"https:\/\/bomberos.puyo.gob.ec\/2019\/wp-content\/uploads\/1672372651_542_CORTE-DE-ARBOL.jpg\" \/><\/a><br \/><a href=\"https:\/\/bomberos.puyo.gob.ec\/2019\/wp-content\/uploads\/1672372651_558_CORTE-DE-ARBOL.jpg\"><img decoding=\"async\" class=\"wp_automatic_fb_img\" title=\"\" src=\"https:\/\/bomberos.puyo.gob.ec\/2019\/wp-content\/uploads\/1672372651_558_CORTE-DE-ARBOL.jpg\" \/><\/a><br \/>\n<br \/><a href=\"https:\/\/www.facebook.com\/465093860312824\/posts\/2301874319968093\">en facebook&#8230; <\/a>  <\/p>\n","protected":false},"excerpt":{"rendered":"<p>|CORTE DE \u00c1RBOL|<\/p>\n<p>Por llamado del #Ecu911, el personal del Cuerpo de bomberos de Pastaza en su labor diaria de prevenci\u00f3n de riesgos y accidentes, se dirige al barrio Eloy Alfaro 2 donde se realiza el corte de un \u00e1rbol de Pig\u00fc\u00e9 que por su fuerte inclinaci\u00f3n natural amenaza con caer sobre las l\u00edneas de fluido el\u00e9ctrico y telef\u00f3nico,<br \/>\nde la misma manera y a\u00fan m\u00e1s importante  presenta el riesgo de caer sobre la vereda y la v\u00eda por d\u00f3nde transitan las personas y veh\u00edculos, una vez realizado el trabajo se deja el lugar seguro.<\/p>\n<p>Posteriormente en el mismo lugar moradores del barrio en conjunto con personal del departamento de parques y jardines del Municipio de PASTAZA  realizan una minga de limpieza de \u00e1reas verdes y aceras. Por petici\u00f3n de varios vecinos del barrio colaboramos podando las ramas de unos \u00e1rboles de guaba que as\u00ed mismo presentaban un nivel de riesgo para los moradores y sus viviendas.<\/p>\n<p><a href=\"https:\/\/scontent.fuio15-1.fna.fbcdn.net\/v\/t39.30808-6\/307634988_2301874259968099_1801487452623833123_n.jpg?stp=cp6_dst-jpg&#038;_nc_cat=107&#038;ccb=1-7&#038;_nc_sid=8bfeb9&#038;_nc_ohc=tk2W1kONMXAAX8JCX_C&#038;_nc_ht=scontent.fuio15-1.fna&#038;oh=00_AfDjMuf5ksBYUE5mj7ppcz9kTaNyDkYkNtzrQYsgXm3SnQ&#038;oe=63B42BAA\"><img decoding=\"async\" class=\"wp_automatic_fb_img\" title=\"\" src=\"https:\/\/scontent.fuio15-1.fna.fbcdn.net\/v\/t39.30808-6\/307634988_2301874259968099_1801487452623833123_n.jpg?stp=cp6_dst-jpg&#038;_nc_cat=107&#038;ccb=1-7&#038;_nc_sid=8bfeb9&#038;_nc_ohc=tk2W1kONMXAAX8JCX_C&#038;_nc_ht=scontent.fuio15-1.fna&#038;oh=00_AfDjMuf5ksBYUE5mj7ppcz9kTaNyDkYkNtzrQYsgXm3SnQ&#038;oe=63B42BAA\" \/><\/a><br \/><a href=\"https:\/\/scontent.fuio15-1.fna.fbcdn.net\/v\/t39.30808-6\/307514644_2301874236634768_4707121152467326003_n.jpg?stp=cp6_dst-jpg&#038;_nc_cat=103&#038;ccb=1-7&#038;_nc_sid=8bfeb9&#038;_nc_ohc=5tqctSwr220AX_Xayv1&#038;_nc_ht=scontent.fuio15-1.fna&#038;oh=00_AfDuONGC2wlGSgVnW6-mIVinNIhHgEVyKJBQt4dnTQJHrQ&#038;oe=63B30CF8\"><img decoding=\"async\" class=\"wp_automatic_fb_img\" title=\"\" src=\"https:\/\/scontent.fuio15-1.fna.fbcdn.net\/v\/t39.30808-6\/307514644_2301874236634768_4707121152467326003_n.jpg?stp=cp6_dst-jpg&#038;_nc_cat=103&#038;ccb=1-7&#038;_nc_sid=8bfeb9&#038;_nc_ohc=5tqctSwr220AX_Xayv1&#038;_nc_ht=scontent.fuio15-1.fna&#038;oh=00_AfDuONGC2wlGSgVnW6-mIVinNIhHgEVyKJBQt4dnTQJHrQ&#038;oe=63B30CF8\" \/><\/a><br \/><a href=\"https:\/\/scontent.fuio15-1.fna.fbcdn.net\/v\/t39.30808-6\/307532427_2301874263301432_4467180960099726250_n.jpg?stp=cp6_dst-jpg&#038;_nc_cat=105&#038;ccb=1-7&#038;_nc_sid=8bfeb9&#038;_nc_ohc=o7XefNTFqd0AX_m4Ssl&#038;_nc_ht=scontent.fuio15-1.fna&#038;oh=00_AfBDbY_7SRJVFVqfzD2T6oAQ4Hfa9h3_VE2EBX5h_UPZGA&#038;oe=63B35288\"><img decoding=\"async\" class=\"wp_automatic_fb_img\" title=\"\" src=\"https:\/\/scontent.fuio15-1.fna.fbcdn.net\/v\/t39.30808-6\/307532427_2301874263301432_4467180960099726250_n.jpg?stp=cp6_dst-jpg&#038;_nc_cat=105&#038;ccb=1-7&#038;_nc_sid=8bfeb9&#038;_nc_ohc=o7XefNTFqd0AX_m4Ssl&#038;_nc_ht=scontent.fuio15-1.fna&#038;oh=00_AfBDbY_7SRJVFVqfzD2T6oAQ4Hfa9h3_VE2EBX5h_UPZGA&#038;oe=63B35288\" \/><\/a><\/p>\n","protected":false},"author":1,"featured_media":2586,"comment_status":"open","ping_status":"open","sticky":false,"template":"","format":"standard","meta":[],"categories":[1],"tags":[760,759],"_links":{"self":[{"href":"https:\/\/bomberos.puyo.gob.ec\/2019\/wp-json\/wp\/v2\/posts\/2585"}],"collection":[{"href":"https:\/\/bomberos.puyo.gob.ec\/2019\/wp-json\/wp\/v2\/posts"}],"about":[{"href":"https:\/\/bomberos.puyo.gob.ec\/2019\/wp-json\/wp\/v2\/types\/post"}],"author":[{"embeddable":true,"href":"https:\/\/bomberos.puyo.gob.ec\/2019\/wp-json\/wp\/v2\/users\/1"}],"replies":[{"embeddable":true,"href":"https:\/\/bomberos.puyo.gob.ec\/2019\/wp-json\/wp\/v2\/comments?post=2585"}],"version-history":[{"count":1,"href":"https:\/\/bomberos.puyo.gob.ec\/2019\/wp-json\/wp\/v2\/posts\/2585\/revisions"}],"predecessor-version":[{"id":2587,"href":"https:\/\/bomberos.puyo.gob.ec\/2019\/wp-json\/wp\/v2\/posts\/2585\/revisions\/2587"}],"wp:featuredmedia":[{"embeddable":true,"href":"https:\/\/bomberos.puyo.gob.ec\/2019\/wp-json\/wp\/v2\/media\/2586"}],"wp:attachment":[{"href":"https:\/\/bomberos.puyo.gob.ec\/2019\/wp-json\/wp\/v2\/media?parent=2585"}],"wp:term":[{"taxonomy":"category","embeddable":true,"href":"https:\/\/bomberos.puyo.gob.ec\/2019\/wp-json\/wp\/v2\/categories?post=2585"},{"taxonomy":"post_tag","embeddable":true,"href":"https:\/\/bomberos.puyo.gob.ec\/2019\/wp-json\/wp\/v2\/tags?post=2585"}],"curies":[{"name":"wp","href":"https:\/\/api.w.org\/{rel}","templated":true}]}}