{"id":2573,"date":"2022-09-26T17:59:29","date_gmt":"2022-09-26T22:59:29","guid":{"rendered":"https:\/\/bomberos.puyo.gob.ec\/emergencia-medica-26\/"},"modified":"2022-12-29T22:17:43","modified_gmt":"2022-12-30T03:17:43","slug":"emergencia-medica-26","status":"publish","type":"post","link":"https:\/\/bomberos.puyo.gob.ec\/2019\/emergencia-medica-26\/","title":{"rendered":"|EMERGENCIA M\u00c9DICA|&#8230;"},"content":{"rendered":"<p>|EMERGENCIA M\u00c9DICA|<\/p>\n<p>La unidad A5 se dirigi\u00f3 a las calles Amazonas y Tnte. Hugo Ortiz, en el lugar se atiende a un paciente de nombre: W. R. S. G. de 49 a\u00f1os de edad, mismo que presenta halitosis alcoh\u00f3lica m\u00e1s Traumatismo craneoencef\u00e1lico leve producto de una caida de su propia altura, es atendido en el sitio dej\u00e1ndolo estable y bajo responsabilidad cargo de un familiar.<\/p>\n<p><a href=\"https:\/\/bomberos.puyo.gob.ec\/2019\/wp-content\/uploads\/1672370262_887_EMERGENCIA-MEDICA.jpg\"><img decoding=\"async\" class=\"wp_automatic_fb_img\" title=\"\" src=\"https:\/\/bomberos.puyo.gob.ec\/2019\/wp-content\/uploads\/1672370262_887_EMERGENCIA-MEDICA.jpg\" \/><\/a><br \/>\n<br \/><a href=\"https:\/\/www.facebook.com\/465093860312824\/posts\/2310285545793637\">en facebook&#8230; <\/a>  <\/p>\n","protected":false},"excerpt":{"rendered":"<p>|EMERGENCIA M\u00c9DICA|<\/p>\n<p>La unidad A5 se dirigi\u00f3 a las calles Amazonas y Tnte. Hugo Ortiz, en el lugar se atiende a un paciente de nombre: W. R. S. G. de 49 a\u00f1os de edad, mismo que presenta halitosis alcoh\u00f3lica m\u00e1s Traumatismo craneoencef\u00e1lico leve producto de una caida de su propia altura, es atendido en el sitio dej\u00e1ndolo estable y bajo responsabilidad cargo de un familiar.<\/p>\n<p><a href=\"https:\/\/scontent.fuio15-1.fna.fbcdn.net\/v\/t39.30808-6\/309357729_2310285519126973_6442398098526895533_n.jpg?stp=cp6_dst-jpg_s720x720&#038;_nc_cat=108&#038;ccb=1-7&#038;_nc_sid=8bfeb9&#038;_nc_ohc=e4ruD17DUO4AX-sODmg&#038;_nc_ht=scontent.fuio15-1.fna&#038;oh=00_AfBY16E-dYkEEmaZaA2um0Ti3R9Ew0-V3CjYs62-6XGe0A&#038;oe=63B2693D\"><img decoding=\"async\" class=\"wp_automatic_fb_img\" title=\"\" src=\"https:\/\/scontent.fuio15-1.fna.fbcdn.net\/v\/t39.30808-6\/309357729_2310285519126973_6442398098526895533_n.jpg?stp=cp6_dst-jpg_s720x720&#038;_nc_cat=108&#038;ccb=1-7&#038;_nc_sid=8bfeb9&#038;_nc_ohc=e4ruD17DUO4AX-sODmg&#038;_nc_ht=scontent.fuio15-1.fna&#038;oh=00_AfBY16E-dYkEEmaZaA2um0Ti3R9Ew0-V3CjYs62-6XGe0A&#038;oe=63B2693D\" \/><\/a><\/p>\n","protected":false},"author":1,"featured_media":2574,"comment_status":"open","ping_status":"open","sticky":false,"template":"","format":"standard","meta":[],"categories":[1],"tags":[182,251],"_links":{"self":[{"href":"https:\/\/bomberos.puyo.gob.ec\/2019\/wp-json\/wp\/v2\/posts\/2573"}],"collection":[{"href":"https:\/\/bomberos.puyo.gob.ec\/2019\/wp-json\/wp\/v2\/posts"}],"about":[{"href":"https:\/\/bomberos.puyo.gob.ec\/2019\/wp-json\/wp\/v2\/types\/post"}],"author":[{"embeddable":true,"href":"https:\/\/bomberos.puyo.gob.ec\/2019\/wp-json\/wp\/v2\/users\/1"}],"replies":[{"embeddable":true,"href":"https:\/\/bomberos.puyo.gob.ec\/2019\/wp-json\/wp\/v2\/comments?post=2573"}],"version-history":[{"count":1,"href":"https:\/\/bomberos.puyo.gob.ec\/2019\/wp-json\/wp\/v2\/posts\/2573\/revisions"}],"predecessor-version":[{"id":2575,"href":"https:\/\/bomberos.puyo.gob.ec\/2019\/wp-json\/wp\/v2\/posts\/2573\/revisions\/2575"}],"wp:featuredmedia":[{"embeddable":true,"href":"https:\/\/bomberos.puyo.gob.ec\/2019\/wp-json\/wp\/v2\/media\/2574"}],"wp:attachment":[{"href":"https:\/\/bomberos.puyo.gob.ec\/2019\/wp-json\/wp\/v2\/media?parent=2573"}],"wp:term":[{"taxonomy":"category","embeddable":true,"href":"https:\/\/bomberos.puyo.gob.ec\/2019\/wp-json\/wp\/v2\/categories?post=2573"},{"taxonomy":"post_tag","embeddable":true,"href":"https:\/\/bomberos.puyo.gob.ec\/2019\/wp-json\/wp\/v2\/tags?post=2573"}],"curies":[{"name":"wp","href":"https:\/\/api.w.org\/{rel}","templated":true}]}}