{"id":2570,"date":"2022-09-27T06:43:32","date_gmt":"2022-09-27T11:43:32","guid":{"rendered":"https:\/\/bomberos.puyo.gob.ec\/capacitacion-en-la-academia-de-bomberos-colombia-santiago-de-cali-2\/"},"modified":"2022-12-29T22:03:33","modified_gmt":"2022-12-30T03:03:33","slug":"capacitacion-en-la-academia-de-bomberos-colombia-santiago-de-cali-2","status":"publish","type":"post","link":"https:\/\/bomberos.puyo.gob.ec\/2019\/capacitacion-en-la-academia-de-bomberos-colombia-santiago-de-cali-2\/","title":{"rendered":"|CAPACITACI\u00d3N EN LA ACADEMIA DE BOMBEROS COLOMBIA &#8211; SANTIAGO DE CALI&#8230;"},"content":{"rendered":"<p>|CAPACITACI\u00d3N EN LA ACADEMIA DE BOMBEROS COLOMBIA &#8211; SANTIAGO DE CALI<\/p>\n<p>Nuestro personal designado, recibe una capacitaci\u00f3n te\u00f3rico y pr\u00e1ctico de: -Reconocimiento del Equipo de protecci\u00f3n personal (EPP).<br \/>\n-T\u00e9s de consumo de aire, con el equipo de respiraci\u00f3n Aut\u00f3noma.<\/p>\n<p>Evaluando as\u00ed a cada uno de nuestros integrantes, demostrando lo mejor y obteniendo buenos resultados<\/p>\n<p><a href=\"https:\/\/bomberos.puyo.gob.ec\/2019\/wp-content\/uploads\/1672369411_845_CAPACITACION-EN-LA-ACADEMIA-DE-BOMBEROS-COLOMBIA-SANTIAGO-DE.jpg\"><img decoding=\"async\" class=\"wp_automatic_fb_img\" title=\"\" src=\"https:\/\/bomberos.puyo.gob.ec\/2019\/wp-content\/uploads\/1672369411_845_CAPACITACION-EN-LA-ACADEMIA-DE-BOMBEROS-COLOMBIA-SANTIAGO-DE.jpg\" \/><\/a><br \/><a href=\"https:\/\/bomberos.puyo.gob.ec\/2019\/wp-content\/uploads\/1672369411_795_CAPACITACION-EN-LA-ACADEMIA-DE-BOMBEROS-COLOMBIA-SANTIAGO-DE.jpg\"><img decoding=\"async\" class=\"wp_automatic_fb_img\" title=\"\" src=\"https:\/\/bomberos.puyo.gob.ec\/2019\/wp-content\/uploads\/1672369411_795_CAPACITACION-EN-LA-ACADEMIA-DE-BOMBEROS-COLOMBIA-SANTIAGO-DE.jpg\" \/><\/a><br \/><a href=\"https:\/\/bomberos.puyo.gob.ec\/2019\/wp-content\/uploads\/1672369411_69_CAPACITACION-EN-LA-ACADEMIA-DE-BOMBEROS-COLOMBIA-SANTIAGO-DE.jpg\"><img decoding=\"async\" class=\"wp_automatic_fb_img\" title=\"\" src=\"https:\/\/bomberos.puyo.gob.ec\/2019\/wp-content\/uploads\/1672369411_69_CAPACITACION-EN-LA-ACADEMIA-DE-BOMBEROS-COLOMBIA-SANTIAGO-DE.jpg\" \/><\/a><br \/><a href=\"https:\/\/bomberos.puyo.gob.ec\/2019\/wp-content\/uploads\/1672369412_711_CAPACITACION-EN-LA-ACADEMIA-DE-BOMBEROS-COLOMBIA-SANTIAGO-DE.jpg\"><img decoding=\"async\" class=\"wp_automatic_fb_img\" title=\"\" src=\"https:\/\/bomberos.puyo.gob.ec\/2019\/wp-content\/uploads\/1672369412_711_CAPACITACION-EN-LA-ACADEMIA-DE-BOMBEROS-COLOMBIA-SANTIAGO-DE.jpg\" \/><\/a><br \/>\n<br \/><a href=\"https:\/\/www.facebook.com\/465093860312824\/posts\/2310773229078202\">en facebook&#8230; <\/a>  <\/p>\n","protected":false},"excerpt":{"rendered":"<p>|CAPACITACI\u00d3N EN LA ACADEMIA DE BOMBEROS COLOMBIA &#8211; SANTIAGO DE CALI<\/p>\n<p>Nuestro personal designado, recibe una capacitaci\u00f3n te\u00f3rico y pr\u00e1ctico de: -Reconocimiento del Equipo de protecci\u00f3n personal (EPP).<br \/>\n-T\u00e9s de consumo de aire, con el equipo de respiraci\u00f3n Aut\u00f3noma.<\/p>\n<p>Evaluando as\u00ed a cada uno de nuestros integrantes, demostrando lo mejor y obteniendo buenos resultados<\/p>\n<p><a href=\"https:\/\/scontent.fuio15-1.fna.fbcdn.net\/v\/t39.30808-6\/309256835_2310578999097625_5439029332872895160_n.jpg?stp=cp6_dst-jpg&#038;_nc_cat=102&#038;ccb=1-7&#038;_nc_sid=8bfeb9&#038;_nc_ohc=k9Zxt8jBWRcAX9h8A31&#038;_nc_ht=scontent.fuio15-1.fna&#038;oh=00_AfA-UXyg3EecRtRFD1fmOFuZoBEXkqIN7uClv_UG-XVtgA&#038;oe=63B3CF4A\"><img decoding=\"async\" class=\"wp_automatic_fb_img\" title=\"\" src=\"https:\/\/scontent.fuio15-1.fna.fbcdn.net\/v\/t39.30808-6\/309256835_2310578999097625_5439029332872895160_n.jpg?stp=cp6_dst-jpg&#038;_nc_cat=102&#038;ccb=1-7&#038;_nc_sid=8bfeb9&#038;_nc_ohc=k9Zxt8jBWRcAX9h8A31&#038;_nc_ht=scontent.fuio15-1.fna&#038;oh=00_AfA-UXyg3EecRtRFD1fmOFuZoBEXkqIN7uClv_UG-XVtgA&#038;oe=63B3CF4A\" \/><\/a><br \/><a href=\"https:\/\/scontent.fuio15-1.fna.fbcdn.net\/v\/t39.30808-6\/309427782_2310578972430961_8218091654142685964_n.jpg?stp=cp6_dst-jpg&#038;_nc_cat=101&#038;ccb=1-7&#038;_nc_sid=8bfeb9&#038;_nc_ohc=_bmGTRMsbIcAX_yvNQw&#038;_nc_ht=scontent.fuio15-1.fna&#038;oh=00_AfCKuY1OLSsoQXc6VSA2lty16BHez7hZ_lc6eyOjWV3ShQ&#038;oe=63B3ACDE\"><img decoding=\"async\" class=\"wp_automatic_fb_img\" title=\"\" src=\"https:\/\/scontent.fuio15-1.fna.fbcdn.net\/v\/t39.30808-6\/309427782_2310578972430961_8218091654142685964_n.jpg?stp=cp6_dst-jpg&#038;_nc_cat=101&#038;ccb=1-7&#038;_nc_sid=8bfeb9&#038;_nc_ohc=_bmGTRMsbIcAX_yvNQw&#038;_nc_ht=scontent.fuio15-1.fna&#038;oh=00_AfCKuY1OLSsoQXc6VSA2lty16BHez7hZ_lc6eyOjWV3ShQ&#038;oe=63B3ACDE\" \/><\/a><br \/><a href=\"https:\/\/scontent.fuio15-1.fna.fbcdn.net\/v\/t39.30808-6\/309382950_2310578975764294_5781772195268703780_n.jpg?stp=cp6_dst-jpg&#038;_nc_cat=100&#038;ccb=1-7&#038;_nc_sid=8bfeb9&#038;_nc_ohc=_g4LEiiX3E0AX_VUEQM&#038;_nc_ht=scontent.fuio15-1.fna&#038;oh=00_AfCSR623RuGID90PVGgtJ4UY4G7eYj_5lLgisIyfUEiH-Q&#038;oe=63B30B97\"><img decoding=\"async\" class=\"wp_automatic_fb_img\" title=\"\" src=\"https:\/\/scontent.fuio15-1.fna.fbcdn.net\/v\/t39.30808-6\/309382950_2310578975764294_5781772195268703780_n.jpg?stp=cp6_dst-jpg&#038;_nc_cat=100&#038;ccb=1-7&#038;_nc_sid=8bfeb9&#038;_nc_ohc=_g4LEiiX3E0AX_VUEQM&#038;_nc_ht=scontent.fuio15-1.fna&#038;oh=00_AfCSR623RuGID90PVGgtJ4UY4G7eYj_5lLgisIyfUEiH-Q&#038;oe=63B30B97\" \/><\/a><br \/><a href=\"https:\/\/scontent.fuio15-1.fna.fbcdn.net\/v\/t39.30808-6\/309418990_2310578995764292_424989653366913661_n.jpg?stp=cp6_dst-jpg&#038;_nc_cat=110&#038;ccb=1-7&#038;_nc_sid=8bfeb9&#038;_nc_ohc=_gRm9ggQsV0AX_7irl0&#038;_nc_ht=scontent.fuio15-1.fna&#038;oh=00_AfBp6Q6iDhwNWbVbQ7_r0rRJeNjb6ldNx8c491FnO8rVKg&#038;oe=63B40E2D\"><img decoding=\"async\" class=\"wp_automatic_fb_img\" title=\"\" src=\"https:\/\/scontent.fuio15-1.fna.fbcdn.net\/v\/t39.30808-6\/309418990_2310578995764292_424989653366913661_n.jpg?stp=cp6_dst-jpg&#038;_nc_cat=110&#038;ccb=1-7&#038;_nc_sid=8bfeb9&#038;_nc_ohc=_gRm9ggQsV0AX_7irl0&#038;_nc_ht=scontent.fuio15-1.fna&#038;oh=00_AfBp6Q6iDhwNWbVbQ7_r0rRJeNjb6ldNx8c491FnO8rVKg&#038;oe=63B40E2D\" \/><\/a><\/p>\n","protected":false},"author":1,"featured_media":2571,"comment_status":"open","ping_status":"open","sticky":false,"template":"","format":"standard","meta":[],"categories":[1],"tags":[911,73,914,65,912,913],"_links":{"self":[{"href":"https:\/\/bomberos.puyo.gob.ec\/2019\/wp-json\/wp\/v2\/posts\/2570"}],"collection":[{"href":"https:\/\/bomberos.puyo.gob.ec\/2019\/wp-json\/wp\/v2\/posts"}],"about":[{"href":"https:\/\/bomberos.puyo.gob.ec\/2019\/wp-json\/wp\/v2\/types\/post"}],"author":[{"embeddable":true,"href":"https:\/\/bomberos.puyo.gob.ec\/2019\/wp-json\/wp\/v2\/users\/1"}],"replies":[{"embeddable":true,"href":"https:\/\/bomberos.puyo.gob.ec\/2019\/wp-json\/wp\/v2\/comments?post=2570"}],"version-history":[{"count":1,"href":"https:\/\/bomberos.puyo.gob.ec\/2019\/wp-json\/wp\/v2\/posts\/2570\/revisions"}],"predecessor-version":[{"id":2572,"href":"https:\/\/bomberos.puyo.gob.ec\/2019\/wp-json\/wp\/v2\/posts\/2570\/revisions\/2572"}],"wp:featuredmedia":[{"embeddable":true,"href":"https:\/\/bomberos.puyo.gob.ec\/2019\/wp-json\/wp\/v2\/media\/2571"}],"wp:attachment":[{"href":"https:\/\/bomberos.puyo.gob.ec\/2019\/wp-json\/wp\/v2\/media?parent=2570"}],"wp:term":[{"taxonomy":"category","embeddable":true,"href":"https:\/\/bomberos.puyo.gob.ec\/2019\/wp-json\/wp\/v2\/categories?post=2570"},{"taxonomy":"post_tag","embeddable":true,"href":"https:\/\/bomberos.puyo.gob.ec\/2019\/wp-json\/wp\/v2\/tags?post=2570"}],"curies":[{"name":"wp","href":"https:\/\/api.w.org\/{rel}","templated":true}]}}