{"id":2567,"date":"2022-09-29T11:27:58","date_gmt":"2022-09-29T16:27:58","guid":{"rendered":"https:\/\/bomberos.puyo.gob.ec\/capacitacion-nuestro-personal-de-instructores-participo-en-la-induccion-y-c\/"},"modified":"2022-12-29T21:57:31","modified_gmt":"2022-12-30T02:57:31","slug":"capacitacion-nuestro-personal-de-instructores-participo-en-la-induccion-y-c","status":"publish","type":"post","link":"https:\/\/bomberos.puyo.gob.ec\/2019\/capacitacion-nuestro-personal-de-instructores-participo-en-la-induccion-y-c\/","title":{"rendered":"|CAPACITACI\u00d3N|\n Nuestro personal de instructores particip\u00f3 en la inducci\u00f3n y c&#8230;"},"content":{"rendered":"<div><span><\/p>\n<p>|CAPACITACI\u00d3N|<\/p>\n<p> Nuestro personal de instructores particip\u00f3 en la inducci\u00f3n y coordinaci\u00f3n para realizar un simulacro en la escuela Andoas, con el objetivo de preparar al personal de docentes y estudiantes ante eventos adversos.<\/p>\n<p><\/span><\/div>\n<p><a href=\"https:\/\/facebook.com\/story.php?story_fbid=pfbid02KY2dJWdem821UF3ikkDeka8qUh1kNaBzhvJdZKfVSbtzSwXGygLYaqsJVcwu3WFYl&amp;id=465093860312824&amp;eav=AfYsOg-HTL0u06TcMpTTtw6g6HPwvbg62g5LaWvDskkebq8X3ScGXbj-Yrz9weTrrhY&amp;viewer=465093860312824&amp;m_entstream_source=timeline&amp;__tn__=%2As%2As-R&amp;paipv=1\" aria-label=\"Abrir historia\" class=\"_5msj\"><\/a><\/p>\n<p><a href=\"https:\/\/bomberos.puyo.gob.ec\/2019\/wp-content\/uploads\/CAPACITACION-Nuestro-personal-de-instructores-participo-en-la-induccion-y.jpg\"><img decoding=\"async\" class=\"wp_automatic_fb_img\" title=\"\" src=\"https:\/\/bomberos.puyo.gob.ec\/2019\/wp-content\/uploads\/CAPACITACION-Nuestro-personal-de-instructores-participo-en-la-induccion-y.jpg\" \/><\/a><br \/><a href=\"https:\/\/bomberos.puyo.gob.ec\/2019\/wp-content\/uploads\/1672369050_633_CAPACITACION-Nuestro-personal-de-instructores-participo-en-la-induccion-y.jpg\"><img decoding=\"async\" class=\"wp_automatic_fb_img\" title=\"\" src=\"https:\/\/bomberos.puyo.gob.ec\/2019\/wp-content\/uploads\/1672369050_633_CAPACITACION-Nuestro-personal-de-instructores-participo-en-la-induccion-y.jpg\" \/><\/a><br \/><a href=\"https:\/\/bomberos.puyo.gob.ec\/2019\/wp-content\/uploads\/1672369050_936_CAPACITACION-Nuestro-personal-de-instructores-participo-en-la-induccion-y.jpg\"><img decoding=\"async\" class=\"wp_automatic_fb_img\" title=\"\" src=\"https:\/\/bomberos.puyo.gob.ec\/2019\/wp-content\/uploads\/1672369050_936_CAPACITACION-Nuestro-personal-de-instructores-participo-en-la-induccion-y.jpg\" \/><\/a><br \/>\n<br \/><a href=\"https:\/\/www.facebook.com\/465093860312824\/posts\/2312900042198854\">en facebook&#8230; <\/a>  <\/p>\n","protected":false},"excerpt":{"rendered":"<div><span><\/p>\n<p>|CAPACITACI\u00d3N|<\/p>\n<p> Nuestro personal de instructores particip\u00f3 en la inducci\u00f3n y coordinaci\u00f3n para realizar un simulacro en la escuela Andoas, con el objetivo de preparar al personal de docentes y estudiantes ante eventos adversos.<\/p>\n<p><\/span><\/div>\n<p><a href=\"https:\/\/facebook.com\/story.php?story_fbid=pfbid02KY2dJWdem821UF3ikkDeka8qUh1kNaBzhvJdZKfVSbtzSwXGygLYaqsJVcwu3WFYl&amp;id=465093860312824&amp;eav=AfYsOg-HTL0u06TcMpTTtw6g6HPwvbg62g5LaWvDskkebq8X3ScGXbj-Yrz9weTrrhY&amp;viewer=465093860312824&amp;m_entstream_source=timeline&amp;__tn__=%2As%2As-R&amp;paipv=1\" aria-label=\"Abrir historia\" class=\"_5msj\"><\/a><\/p>\n<p><a href=\"https:\/\/scontent.fuio15-1.fna.fbcdn.net\/v\/t39.30808-6\/309964644_2312899965532195_7374374632866361448_n.jpg?stp=cp6_dst-jpg&#038;_nc_cat=102&#038;ccb=1-7&#038;_nc_sid=8bfeb9&#038;_nc_ohc=ewUsP5h4qzIAX9TGUxc&#038;_nc_ht=scontent.fuio15-1.fna&#038;oh=00_AfDGrVniFFxmICZfxEfFiitRfR7o05hynQESIkK8z4B-VA&#038;oe=63B293F3\"><img decoding=\"async\" class=\"wp_automatic_fb_img\" title=\"\" src=\"https:\/\/scontent.fuio15-1.fna.fbcdn.net\/v\/t39.30808-6\/309964644_2312899965532195_7374374632866361448_n.jpg?stp=cp6_dst-jpg&#038;_nc_cat=102&#038;ccb=1-7&#038;_nc_sid=8bfeb9&#038;_nc_ohc=ewUsP5h4qzIAX9TGUxc&#038;_nc_ht=scontent.fuio15-1.fna&#038;oh=00_AfDGrVniFFxmICZfxEfFiitRfR7o05hynQESIkK8z4B-VA&#038;oe=63B293F3\" \/><\/a><br \/><a href=\"https:\/\/scontent.fuio15-1.fna.fbcdn.net\/v\/t39.30808-6\/309710167_2312899955532196_6491301113954960703_n.jpg?stp=cp6_dst-jpg&#038;_nc_cat=103&#038;ccb=1-7&#038;_nc_sid=8bfeb9&#038;_nc_ohc=23fV8nWXOjgAX_1AhMT&#038;_nc_ht=scontent.fuio15-1.fna&#038;oh=00_AfD0aFTyD7XvASiD9ZjMhJ8eZD1kVKCWZ1cFiGbFjNGg9A&#038;oe=63B38C88\"><img decoding=\"async\" class=\"wp_automatic_fb_img\" title=\"\" src=\"https:\/\/scontent.fuio15-1.fna.fbcdn.net\/v\/t39.30808-6\/309710167_2312899955532196_6491301113954960703_n.jpg?stp=cp6_dst-jpg&#038;_nc_cat=103&#038;ccb=1-7&#038;_nc_sid=8bfeb9&#038;_nc_ohc=23fV8nWXOjgAX_1AhMT&#038;_nc_ht=scontent.fuio15-1.fna&#038;oh=00_AfD0aFTyD7XvASiD9ZjMhJ8eZD1kVKCWZ1cFiGbFjNGg9A&#038;oe=63B38C88\" \/><\/a><br \/><a href=\"https:\/\/scontent.fuio15-1.fna.fbcdn.net\/v\/t39.30808-6\/309987038_2312899992198859_5234196476646419147_n.jpg?stp=cp6_dst-jpg&#038;_nc_cat=111&#038;ccb=1-7&#038;_nc_sid=8bfeb9&#038;_nc_ohc=KWxUKjyOnGkAX-nmsXS&#038;_nc_ht=scontent.fuio15-1.fna&#038;oh=00_AfB-_mSVg9YZFbNajVTQnq4s7XpULPMqIQxyQDN5UTrJbA&#038;oe=63B2F682\"><img decoding=\"async\" class=\"wp_automatic_fb_img\" title=\"\" src=\"https:\/\/scontent.fuio15-1.fna.fbcdn.net\/v\/t39.30808-6\/309987038_2312899992198859_5234196476646419147_n.jpg?stp=cp6_dst-jpg&#038;_nc_cat=111&#038;ccb=1-7&#038;_nc_sid=8bfeb9&#038;_nc_ohc=KWxUKjyOnGkAX-nmsXS&#038;_nc_ht=scontent.fuio15-1.fna&#038;oh=00_AfB-_mSVg9YZFbNajVTQnq4s7XpULPMqIQxyQDN5UTrJbA&#038;oe=63B2F682\" \/><\/a><\/p>\n","protected":false},"author":1,"featured_media":2568,"comment_status":"open","ping_status":"open","sticky":false,"template":"","format":"standard","meta":[],"categories":[1],"tags":[832,65,915,880,743,445,34],"_links":{"self":[{"href":"https:\/\/bomberos.puyo.gob.ec\/2019\/wp-json\/wp\/v2\/posts\/2567"}],"collection":[{"href":"https:\/\/bomberos.puyo.gob.ec\/2019\/wp-json\/wp\/v2\/posts"}],"about":[{"href":"https:\/\/bomberos.puyo.gob.ec\/2019\/wp-json\/wp\/v2\/types\/post"}],"author":[{"embeddable":true,"href":"https:\/\/bomberos.puyo.gob.ec\/2019\/wp-json\/wp\/v2\/users\/1"}],"replies":[{"embeddable":true,"href":"https:\/\/bomberos.puyo.gob.ec\/2019\/wp-json\/wp\/v2\/comments?post=2567"}],"version-history":[{"count":1,"href":"https:\/\/bomberos.puyo.gob.ec\/2019\/wp-json\/wp\/v2\/posts\/2567\/revisions"}],"predecessor-version":[{"id":2569,"href":"https:\/\/bomberos.puyo.gob.ec\/2019\/wp-json\/wp\/v2\/posts\/2567\/revisions\/2569"}],"wp:featuredmedia":[{"embeddable":true,"href":"https:\/\/bomberos.puyo.gob.ec\/2019\/wp-json\/wp\/v2\/media\/2568"}],"wp:attachment":[{"href":"https:\/\/bomberos.puyo.gob.ec\/2019\/wp-json\/wp\/v2\/media?parent=2567"}],"wp:term":[{"taxonomy":"category","embeddable":true,"href":"https:\/\/bomberos.puyo.gob.ec\/2019\/wp-json\/wp\/v2\/categories?post=2567"},{"taxonomy":"post_tag","embeddable":true,"href":"https:\/\/bomberos.puyo.gob.ec\/2019\/wp-json\/wp\/v2\/tags?post=2567"}],"curies":[{"name":"wp","href":"https:\/\/api.w.org\/{rel}","templated":true}]}}