{"id":2561,"date":"2022-09-29T19:07:15","date_gmt":"2022-09-30T00:07:15","guid":{"rendered":"https:\/\/bomberos.puyo.gob.ec\/corte-de-arbol-por-las-fuertes-lluvias-que-se-generaron-en-la-ciudad-nues\/"},"modified":"2022-12-29T21:47:31","modified_gmt":"2022-12-30T02:47:31","slug":"corte-de-arbol-por-las-fuertes-lluvias-que-se-generaron-en-la-ciudad-nues","status":"publish","type":"post","link":"https:\/\/bomberos.puyo.gob.ec\/2019\/corte-de-arbol-por-las-fuertes-lluvias-que-se-generaron-en-la-ciudad-nues\/","title":{"rendered":"|CORTE DE \u00c1RBOL|\n  Por las fuertes lluvias que se generaron en la ciudad, nues&#8230;"},"content":{"rendered":"<p>|CORTE DE \u00c1RBOL|<br \/>\n \ud83d\udc68\u200d\ud83d\ude92 Por las fuertes lluvias que se generaron en la ciudad, nuestra unidad especializada en el corte y evacuaci\u00f3n de \u00e1rboles asiste a una emergencia en barrio el Dorado donde se encuentra afectada una vivienda producto de la ca\u00edda de un \u00e1rbol sobre el techo, posterior a ello se deja el lugar seguro sin novedad.<\/p>\n<p><a href=\"https:\/\/facebook.com\/story.php?story_fbid=pfbid0Co4JLBaedbakSj5RSmnMsM4EitH918sxTY5cVaNShnT2p8n6EJriM53ZjXfLZ8gol&amp;id=465093860312824&amp;eav=AfZzAs5APxXylXFVm9wU49up4cTKmSPM6Nz-H8HnpKk3l8kyb4AF5OrzBE5d3j7Mf0s&amp;viewer=465093860312824&amp;m_entstream_source=timeline&amp;__tn__=%2As%2As-R&amp;paipv=1\" aria-label=\"Abrir historia\" class=\"_5msj\"><\/a><\/p>\n<p><a href=\"https:\/\/bomberos.puyo.gob.ec\/2019\/wp-content\/uploads\/CORTE-DE-ARBOL-Por-las-fuertes-lluvias-que-se-generaron.jpg\"><img decoding=\"async\" class=\"wp_automatic_fb_img\" title=\"\" src=\"https:\/\/bomberos.puyo.gob.ec\/2019\/wp-content\/uploads\/CORTE-DE-ARBOL-Por-las-fuertes-lluvias-que-se-generaron.jpg\" \/><\/a><br \/>\n<br \/><a href=\"https:\/\/www.facebook.com\/465093860312824\/posts\/2313226198832905\">en facebook&#8230; <\/a>  <\/p>\n","protected":false},"excerpt":{"rendered":"<p>|CORTE DE \u00c1RBOL|<br \/>\n \ud83d\udc68\u200d\ud83d\ude92 Por las fuertes lluvias que se generaron en la ciudad, nuestra unidad especializada en el corte y evacuaci\u00f3n de \u00e1rboles asiste a una emergencia en barrio el Dorado donde se encuentra afectada una vivienda producto de la ca\u00edda de un \u00e1rbol sobre el techo, posterior a ello se deja el lugar seguro sin novedad.<\/p>\n<p><a href=\"https:\/\/facebook.com\/story.php?story_fbid=pfbid0Co4JLBaedbakSj5RSmnMsM4EitH918sxTY5cVaNShnT2p8n6EJriM53ZjXfLZ8gol&amp;id=465093860312824&amp;eav=AfZzAs5APxXylXFVm9wU49up4cTKmSPM6Nz-H8HnpKk3l8kyb4AF5OrzBE5d3j7Mf0s&amp;viewer=465093860312824&amp;m_entstream_source=timeline&amp;__tn__=%2As%2As-R&amp;paipv=1\" aria-label=\"Abrir historia\" class=\"_5msj\"><\/a><\/p>\n<p><a href=\"https:\/\/scontent.fuio15-1.fna.fbcdn.net\/v\/t39.30808-6\/309612673_2312913565530835_4431682459798110556_n.jpg?stp=cp6_dst-jpg_s720x720&#038;_nc_cat=109&#038;ccb=1-7&#038;_nc_sid=8bfeb9&#038;_nc_ohc=xxXJIu7FvgMAX-wv0za&#038;_nc_ht=scontent.fuio15-1.fna&#038;oh=00_AfAlB6_J8egzc3t0L3Ut0bWyNMRozcbCnqujKqZGdZyHsA&#038;oe=63B303F3\"><img decoding=\"async\" class=\"wp_automatic_fb_img\" title=\"\" src=\"https:\/\/scontent.fuio15-1.fna.fbcdn.net\/v\/t39.30808-6\/309612673_2312913565530835_4431682459798110556_n.jpg?stp=cp6_dst-jpg_s720x720&#038;_nc_cat=109&#038;ccb=1-7&#038;_nc_sid=8bfeb9&#038;_nc_ohc=xxXJIu7FvgMAX-wv0za&#038;_nc_ht=scontent.fuio15-1.fna&#038;oh=00_AfAlB6_J8egzc3t0L3Ut0bWyNMRozcbCnqujKqZGdZyHsA&#038;oe=63B303F3\" \/><\/a><\/p>\n","protected":false},"author":1,"featured_media":2562,"comment_status":"open","ping_status":"open","sticky":false,"template":"","format":"standard","meta":[],"categories":[1],"tags":[760,676,759,284,909,22,908,910,30],"_links":{"self":[{"href":"https:\/\/bomberos.puyo.gob.ec\/2019\/wp-json\/wp\/v2\/posts\/2561"}],"collection":[{"href":"https:\/\/bomberos.puyo.gob.ec\/2019\/wp-json\/wp\/v2\/posts"}],"about":[{"href":"https:\/\/bomberos.puyo.gob.ec\/2019\/wp-json\/wp\/v2\/types\/post"}],"author":[{"embeddable":true,"href":"https:\/\/bomberos.puyo.gob.ec\/2019\/wp-json\/wp\/v2\/users\/1"}],"replies":[{"embeddable":true,"href":"https:\/\/bomberos.puyo.gob.ec\/2019\/wp-json\/wp\/v2\/comments?post=2561"}],"version-history":[{"count":1,"href":"https:\/\/bomberos.puyo.gob.ec\/2019\/wp-json\/wp\/v2\/posts\/2561\/revisions"}],"predecessor-version":[{"id":2563,"href":"https:\/\/bomberos.puyo.gob.ec\/2019\/wp-json\/wp\/v2\/posts\/2561\/revisions\/2563"}],"wp:featuredmedia":[{"embeddable":true,"href":"https:\/\/bomberos.puyo.gob.ec\/2019\/wp-json\/wp\/v2\/media\/2562"}],"wp:attachment":[{"href":"https:\/\/bomberos.puyo.gob.ec\/2019\/wp-json\/wp\/v2\/media?parent=2561"}],"wp:term":[{"taxonomy":"category","embeddable":true,"href":"https:\/\/bomberos.puyo.gob.ec\/2019\/wp-json\/wp\/v2\/categories?post=2561"},{"taxonomy":"post_tag","embeddable":true,"href":"https:\/\/bomberos.puyo.gob.ec\/2019\/wp-json\/wp\/v2\/tags?post=2561"}],"curies":[{"name":"wp","href":"https:\/\/api.w.org\/{rel}","templated":true}]}}