{"id":2555,"date":"2022-10-01T07:27:45","date_gmt":"2022-10-01T12:27:45","guid":{"rendered":"https:\/\/bomberos.puyo.gob.ec\/corte-de-arbol\/"},"modified":"2022-12-29T21:23:26","modified_gmt":"2022-12-30T02:23:26","slug":"corte-de-arbol","status":"publish","type":"post","link":"https:\/\/bomberos.puyo.gob.ec\/2019\/corte-de-arbol\/","title":{"rendered":"|CORTE DE \u00c1RBOL|&#8230;"},"content":{"rendered":"<p>|CORTE DE \u00c1RBOL|<\/p>\n<p>Por llamada del ECU-911, la unidad B3 se dirigi\u00f3 al  sector de Yanacocha v\u00eda Tena para verificar la ca\u00edda de un \u00e1rbol, una vez en el lugar se confirma que por la tormenta de la noche anterior se produjo la ca\u00edda de un \u00e1rbol sobre la v\u00eda y el tendido el\u00e9ctrico por lo que se procede a cortar las ramas dejando el sitio seguro y la v\u00eda habilitada.<\/p>\n<p><a href=\"https:\/\/bomberos.puyo.gob.ec\/2019\/wp-content\/uploads\/CORTE-DE-ARBOL.jpg\"><img decoding=\"async\" class=\"wp_automatic_fb_img\" title=\"\" src=\"https:\/\/bomberos.puyo.gob.ec\/2019\/wp-content\/uploads\/CORTE-DE-ARBOL.jpg\" \/><\/a><br \/><a href=\"https:\/\/bomberos.puyo.gob.ec\/2019\/wp-content\/uploads\/1672367005_946_CORTE-DE-ARBOL.jpg\"><img decoding=\"async\" class=\"wp_automatic_fb_img\" title=\"\" src=\"https:\/\/bomberos.puyo.gob.ec\/2019\/wp-content\/uploads\/1672367005_946_CORTE-DE-ARBOL.jpg\" \/><\/a><br \/>\n<br \/><a href=\"https:\/\/www.facebook.com\/465093860312824\/posts\/2314835928671932\">en facebook&#8230; <\/a>  <\/p>\n","protected":false},"excerpt":{"rendered":"<p>|CORTE DE \u00c1RBOL|<\/p>\n<p>Por llamada del ECU-911, la unidad B3 se dirigi\u00f3 al  sector de Yanacocha v\u00eda Tena para verificar la ca\u00edda de un \u00e1rbol, una vez en el lugar se confirma que por la tormenta de la noche anterior se produjo la ca\u00edda de un \u00e1rbol sobre la v\u00eda y el tendido el\u00e9ctrico por lo que se procede a cortar las ramas dejando el sitio seguro y la v\u00eda habilitada.<\/p>\n<p><a href=\"https:\/\/scontent.fuio15-1.fna.fbcdn.net\/v\/t39.30808-6\/310097487_2314532188702306_8300351902487979701_n.jpg?stp=cp6_dst-jpg&#038;_nc_cat=110&#038;ccb=1-7&#038;_nc_sid=8bfeb9&#038;_nc_ohc=0IToiPeGyiUAX8wtcWo&#038;_nc_ht=scontent.fuio15-1.fna&#038;oh=00_AfBb0lMwe_ix5bMAp8M8uLoIdHN0Wa-etbFT1bcJRldWgw&#038;oe=63B2B58A\"><img decoding=\"async\" class=\"wp_automatic_fb_img\" title=\"\" src=\"https:\/\/scontent.fuio15-1.fna.fbcdn.net\/v\/t39.30808-6\/310097487_2314532188702306_8300351902487979701_n.jpg?stp=cp6_dst-jpg&#038;_nc_cat=110&#038;ccb=1-7&#038;_nc_sid=8bfeb9&#038;_nc_ohc=0IToiPeGyiUAX8wtcWo&#038;_nc_ht=scontent.fuio15-1.fna&#038;oh=00_AfBb0lMwe_ix5bMAp8M8uLoIdHN0Wa-etbFT1bcJRldWgw&#038;oe=63B2B58A\" \/><\/a><br \/><a href=\"https:\/\/scontent.fuio15-1.fna.fbcdn.net\/v\/t39.30808-6\/310337561_2314532205368971_1241260066495048296_n.jpg?stp=cp6_dst-jpg&#038;_nc_cat=100&#038;ccb=1-7&#038;_nc_sid=8bfeb9&#038;_nc_ohc=ToZJogIGzf0AX94Y5GK&#038;_nc_ht=scontent.fuio15-1.fna&#038;oh=00_AfCSv25j-qmaiqMukbmlu2IJX7EZTuf_B3QRixNeK1Zotg&#038;oe=63B41881\"><img decoding=\"async\" class=\"wp_automatic_fb_img\" title=\"\" src=\"https:\/\/scontent.fuio15-1.fna.fbcdn.net\/v\/t39.30808-6\/310337561_2314532205368971_1241260066495048296_n.jpg?stp=cp6_dst-jpg&#038;_nc_cat=100&#038;ccb=1-7&#038;_nc_sid=8bfeb9&#038;_nc_ohc=ToZJogIGzf0AX94Y5GK&#038;_nc_ht=scontent.fuio15-1.fna&#038;oh=00_AfCSv25j-qmaiqMukbmlu2IJX7EZTuf_B3QRixNeK1Zotg&#038;oe=63B41881\" \/><\/a><\/p>\n","protected":false},"author":1,"featured_media":2556,"comment_status":"open","ping_status":"open","sticky":false,"template":"","format":"standard","meta":[],"categories":[1],"tags":[760,759],"_links":{"self":[{"href":"https:\/\/bomberos.puyo.gob.ec\/2019\/wp-json\/wp\/v2\/posts\/2555"}],"collection":[{"href":"https:\/\/bomberos.puyo.gob.ec\/2019\/wp-json\/wp\/v2\/posts"}],"about":[{"href":"https:\/\/bomberos.puyo.gob.ec\/2019\/wp-json\/wp\/v2\/types\/post"}],"author":[{"embeddable":true,"href":"https:\/\/bomberos.puyo.gob.ec\/2019\/wp-json\/wp\/v2\/users\/1"}],"replies":[{"embeddable":true,"href":"https:\/\/bomberos.puyo.gob.ec\/2019\/wp-json\/wp\/v2\/comments?post=2555"}],"version-history":[{"count":1,"href":"https:\/\/bomberos.puyo.gob.ec\/2019\/wp-json\/wp\/v2\/posts\/2555\/revisions"}],"predecessor-version":[{"id":2557,"href":"https:\/\/bomberos.puyo.gob.ec\/2019\/wp-json\/wp\/v2\/posts\/2555\/revisions\/2557"}],"wp:featuredmedia":[{"embeddable":true,"href":"https:\/\/bomberos.puyo.gob.ec\/2019\/wp-json\/wp\/v2\/media\/2556"}],"wp:attachment":[{"href":"https:\/\/bomberos.puyo.gob.ec\/2019\/wp-json\/wp\/v2\/media?parent=2555"}],"wp:term":[{"taxonomy":"category","embeddable":true,"href":"https:\/\/bomberos.puyo.gob.ec\/2019\/wp-json\/wp\/v2\/categories?post=2555"},{"taxonomy":"post_tag","embeddable":true,"href":"https:\/\/bomberos.puyo.gob.ec\/2019\/wp-json\/wp\/v2\/tags?post=2555"}],"curies":[{"name":"wp","href":"https:\/\/api.w.org\/{rel}","templated":true}]}}