{"id":2549,"date":"2022-10-03T14:04:02","date_gmt":"2022-10-03T19:04:02","guid":{"rendered":"https:\/\/bomberos.puyo.gob.ec\/emergencia-medica-por-llamado-del-ecu-911-la-unidad-a5-se-dirigio-a-una-eme\/"},"modified":"2022-12-29T21:09:31","modified_gmt":"2022-12-30T02:09:31","slug":"emergencia-medica-por-llamado-del-ecu-911-la-unidad-a5-se-dirigio-a-una-eme","status":"publish","type":"post","link":"https:\/\/bomberos.puyo.gob.ec\/2019\/emergencia-medica-por-llamado-del-ecu-911-la-unidad-a5-se-dirigio-a-una-eme\/","title":{"rendered":"|EMERGENCIA M\u00c9DICA|\n Por llamado del ECU-911 la unidad A5 se dirigi\u00f3 a una eme&#8230;"},"content":{"rendered":"<div><span><\/p>\n<p>|EMERGENCIA M\u00c9DICA|<\/p>\n<p> Por llamado del ECU-911 la unidad A5 se dirigi\u00f3 a una emergencia m\u00e9dica en la Casa de la Cultura de Pastaza, una vez en el lugar se atiende al se\u00f1or S. V. de 77 a\u00f1os de edad quien presenta un cuadro de deshidrataci\u00f3n por lo que es trasladado hacia el hospital del IESS Puyo en condici\u00f3n estable.<\/p>\n<p><\/span><\/div>\n<p><a href=\"https:\/\/facebook.com\/story.php?story_fbid=pfbid0fn9XJcgq6ZKpv4Ti5xMMCuKFotBewVA4JMHAkdRkHJDYYNwpTfYWWNjeTHoVurrtl&amp;id=465093860312824&amp;eav=AfYAb3_UttA7O3vDZ2-O6LpwfXnBSOQHvtunq5SKMazodaRlYcpDrOGlsHM9mM9tGBM&amp;viewer=465093860312824&amp;m_entstream_source=timeline&amp;__tn__=%2As%2As-R&amp;paipv=1\" aria-label=\"Abrir historia\" class=\"_5msj\"><\/a><\/p>\n<p><a href=\"https:\/\/bomberos.puyo.gob.ec\/2019\/wp-content\/uploads\/1672366170_451_EMERGENCIA-MEDICA-Por-llamado-del-ECU-911-la-unidad-A5-se.jpg\"><img decoding=\"async\" class=\"wp_automatic_fb_img\" title=\"\" src=\"https:\/\/bomberos.puyo.gob.ec\/2019\/wp-content\/uploads\/1672366170_451_EMERGENCIA-MEDICA-Por-llamado-del-ECU-911-la-unidad-A5-se.jpg\" \/><\/a><br \/>\n<br \/><a href=\"https:\/\/www.facebook.com\/465093860312824\/posts\/2317711821717676\">en facebook&#8230; <\/a>  <\/p>\n","protected":false},"excerpt":{"rendered":"<div><span><\/p>\n<p>|EMERGENCIA M\u00c9DICA|<\/p>\n<p> Por llamado del ECU-911 la unidad A5 se dirigi\u00f3 a una emergencia m\u00e9dica en la Casa de la Cultura de Pastaza, una vez en el lugar se atiende al se\u00f1or S. V. de 77 a\u00f1os de edad quien presenta un cuadro de deshidrataci\u00f3n por lo que es trasladado hacia el hospital del IESS Puyo en condici\u00f3n estable.<\/p>\n<p><\/span><\/div>\n<p><a href=\"https:\/\/facebook.com\/story.php?story_fbid=pfbid0fn9XJcgq6ZKpv4Ti5xMMCuKFotBewVA4JMHAkdRkHJDYYNwpTfYWWNjeTHoVurrtl&amp;id=465093860312824&amp;eav=AfYAb3_UttA7O3vDZ2-O6LpwfXnBSOQHvtunq5SKMazodaRlYcpDrOGlsHM9mM9tGBM&amp;viewer=465093860312824&amp;m_entstream_source=timeline&amp;__tn__=%2As%2As-R&amp;paipv=1\" aria-label=\"Abrir historia\" class=\"_5msj\"><\/a><\/p>\n<p><a href=\"https:\/\/scontent.fuio15-1.fna.fbcdn.net\/v\/t39.30808-6\/310480623_2317711788384346_6959724790121659759_n.jpg?stp=cp6_dst-jpg_s640x640&#038;_nc_cat=109&#038;ccb=1-7&#038;_nc_sid=8bfeb9&#038;_nc_ohc=bpvRgHBaV-MAX_TtlXZ&#038;_nc_oc=AQnxtHYkjehE0QWbB5ebooyrKSTtmyUYZreqZPexjcIHT2VKVpwZ5k12Ra1g8Ztf6S0&#038;_nc_ht=scontent.fuio15-1.fna&#038;oh=00_AfB6tB4UGxH8fhIVVkU6b_std4d5uo9wHZpMmnzQGkkmUg&#038;oe=63B3FF27\"><img decoding=\"async\" class=\"wp_automatic_fb_img\" title=\"\" src=\"https:\/\/scontent.fuio15-1.fna.fbcdn.net\/v\/t39.30808-6\/310480623_2317711788384346_6959724790121659759_n.jpg?stp=cp6_dst-jpg_s640x640&#038;_nc_cat=109&#038;ccb=1-7&#038;_nc_sid=8bfeb9&#038;_nc_ohc=bpvRgHBaV-MAX_TtlXZ&#038;_nc_oc=AQnxtHYkjehE0QWbB5ebooyrKSTtmyUYZreqZPexjcIHT2VKVpwZ5k12Ra1g8Ztf6S0&#038;_nc_ht=scontent.fuio15-1.fna&#038;oh=00_AfB6tB4UGxH8fhIVVkU6b_std4d5uo9wHZpMmnzQGkkmUg&#038;oe=63B3FF27\" \/><\/a><\/p>\n","protected":false},"author":1,"featured_media":2550,"comment_status":"open","ping_status":"open","sticky":false,"template":"","format":"standard","meta":[],"categories":[1],"tags":[32,722,69,907,182,31,251,30,119,41],"_links":{"self":[{"href":"https:\/\/bomberos.puyo.gob.ec\/2019\/wp-json\/wp\/v2\/posts\/2549"}],"collection":[{"href":"https:\/\/bomberos.puyo.gob.ec\/2019\/wp-json\/wp\/v2\/posts"}],"about":[{"href":"https:\/\/bomberos.puyo.gob.ec\/2019\/wp-json\/wp\/v2\/types\/post"}],"author":[{"embeddable":true,"href":"https:\/\/bomberos.puyo.gob.ec\/2019\/wp-json\/wp\/v2\/users\/1"}],"replies":[{"embeddable":true,"href":"https:\/\/bomberos.puyo.gob.ec\/2019\/wp-json\/wp\/v2\/comments?post=2549"}],"version-history":[{"count":1,"href":"https:\/\/bomberos.puyo.gob.ec\/2019\/wp-json\/wp\/v2\/posts\/2549\/revisions"}],"predecessor-version":[{"id":2551,"href":"https:\/\/bomberos.puyo.gob.ec\/2019\/wp-json\/wp\/v2\/posts\/2549\/revisions\/2551"}],"wp:featuredmedia":[{"embeddable":true,"href":"https:\/\/bomberos.puyo.gob.ec\/2019\/wp-json\/wp\/v2\/media\/2550"}],"wp:attachment":[{"href":"https:\/\/bomberos.puyo.gob.ec\/2019\/wp-json\/wp\/v2\/media?parent=2549"}],"wp:term":[{"taxonomy":"category","embeddable":true,"href":"https:\/\/bomberos.puyo.gob.ec\/2019\/wp-json\/wp\/v2\/categories?post=2549"},{"taxonomy":"post_tag","embeddable":true,"href":"https:\/\/bomberos.puyo.gob.ec\/2019\/wp-json\/wp\/v2\/tags?post=2549"}],"curies":[{"name":"wp","href":"https:\/\/api.w.org\/{rel}","templated":true}]}}