{"id":2528,"date":"2022-10-12T11:07:20","date_gmt":"2022-10-12T16:07:20","guid":{"rendered":"https:\/\/bomberos.puyo.gob.ec\/en-conmemoracion-de-un-ano-mas-del-dia-del-bombero-ecuatoriano-se-hace-la-entre\/"},"modified":"2022-12-29T19:49:33","modified_gmt":"2022-12-30T00:49:33","slug":"en-conmemoracion-de-un-ano-mas-del-dia-del-bombero-ecuatoriano-se-hace-la-entre","status":"publish","type":"post","link":"https:\/\/bomberos.puyo.gob.ec\/2019\/en-conmemoracion-de-un-ano-mas-del-dia-del-bombero-ecuatoriano-se-hace-la-entre\/","title":{"rendered":"En conmemoraci\u00f3n de un a\u00f1o m\u00e1s del D\u00eda del Bombero Ecuatoriano, se hace la entre&#8230;"},"content":{"rendered":"<p>En conmemoraci\u00f3n de un a\u00f1o m\u00e1s del D\u00eda del Bombero Ecuatoriano, se hace la entrega de un reconocimiento por parte del Cuerpo de Bomberos de Morona Santiago al Cuerpo de Bomberos Municipal del Cant\u00f3n Pastaza, el reconocimiento se enmarca dentro de la cooperaci\u00f3n interinstitucional, el evento  se realiza en la ciudad de Macas a los 11 d\u00edas del mes de Octubre.<\/p>\n<p><a href=\"https:\/\/bomberos.puyo.gob.ec\/2019\/wp-content\/uploads\/En-conmemoracion-de-un-ano-mas-del-Dia-del-Bombero.jpg\"><img decoding=\"async\" class=\"wp_automatic_fb_img\" title=\"\" src=\"https:\/\/bomberos.puyo.gob.ec\/2019\/wp-content\/uploads\/En-conmemoracion-de-un-ano-mas-del-Dia-del-Bombero.jpg\" \/><\/a><br \/><a href=\"https:\/\/bomberos.puyo.gob.ec\/2019\/wp-content\/uploads\/1672361371_896_En-conmemoracion-de-un-ano-mas-del-Dia-del-Bombero.jpg\"><img decoding=\"async\" class=\"wp_automatic_fb_img\" title=\"\" src=\"https:\/\/bomberos.puyo.gob.ec\/2019\/wp-content\/uploads\/1672361371_896_En-conmemoracion-de-un-ano-mas-del-Dia-del-Bombero.jpg\" \/><\/a><br \/><a href=\"https:\/\/bomberos.puyo.gob.ec\/2019\/wp-content\/uploads\/1672361372_959_En-conmemoracion-de-un-ano-mas-del-Dia-del-Bombero.jpg\"><img decoding=\"async\" class=\"wp_automatic_fb_img\" title=\"\" src=\"https:\/\/bomberos.puyo.gob.ec\/2019\/wp-content\/uploads\/1672361372_959_En-conmemoracion-de-un-ano-mas-del-Dia-del-Bombero.jpg\" \/><\/a><br \/><a href=\"https:\/\/bomberos.puyo.gob.ec\/2019\/wp-content\/uploads\/1672361372_172_En-conmemoracion-de-un-ano-mas-del-Dia-del-Bombero.jpg\"><img decoding=\"async\" class=\"wp_automatic_fb_img\" title=\"\" src=\"https:\/\/bomberos.puyo.gob.ec\/2019\/wp-content\/uploads\/1672361372_172_En-conmemoracion-de-un-ano-mas-del-Dia-del-Bombero.jpg\" \/><\/a><br \/>\n<br \/><a href=\"https:\/\/www.facebook.com\/465093860312824\/posts\/2326819394140252\">en facebook&#8230; <\/a>  <\/p>\n","protected":false},"excerpt":{"rendered":"<p>En conmemoraci\u00f3n de un a\u00f1o m\u00e1s del D\u00eda del Bombero Ecuatoriano, se hace la entrega de un reconocimiento por parte del Cuerpo de Bomberos de Morona Santiago al Cuerpo de Bomberos Municipal del Cant\u00f3n Pastaza, el reconocimiento se enmarca dentro de la cooperaci\u00f3n interinstitucional, el evento  se realiza en la ciudad de Macas a los 11 d\u00edas del mes de Octubre.<\/p>\n<p><a href=\"https:\/\/scontent.fuio15-1.fna.fbcdn.net\/v\/t39.30808-6\/311634991_2326819307473594_8949345198449391381_n.jpg?stp=cp6_dst-jpg&#038;_nc_cat=103&#038;ccb=1-7&#038;_nc_sid=8bfeb9&#038;_nc_ohc=40UNV0Y04SkAX_HZuxB&#038;_nc_ht=scontent.fuio15-1.fna&#038;oh=00_AfD2rHhl2FqZxhF3c0Fw61zeEEDmKhq6IScI5ACI-4FWGA&#038;oe=63B340EB\"><img decoding=\"async\" class=\"wp_automatic_fb_img\" title=\"\" src=\"https:\/\/scontent.fuio15-1.fna.fbcdn.net\/v\/t39.30808-6\/311634991_2326819307473594_8949345198449391381_n.jpg?stp=cp6_dst-jpg&#038;_nc_cat=103&#038;ccb=1-7&#038;_nc_sid=8bfeb9&#038;_nc_ohc=40UNV0Y04SkAX_HZuxB&#038;_nc_ht=scontent.fuio15-1.fna&#038;oh=00_AfD2rHhl2FqZxhF3c0Fw61zeEEDmKhq6IScI5ACI-4FWGA&#038;oe=63B340EB\" \/><\/a><br \/><a href=\"https:\/\/scontent.fuio15-1.fna.fbcdn.net\/v\/t39.30808-6\/311699516_2326819280806930_6969488816782310554_n.jpg?stp=cp6_dst-jpg&#038;_nc_cat=109&#038;ccb=1-7&#038;_nc_sid=8bfeb9&#038;_nc_ohc=dqEyhEvM6ewAX9QtAS_&#038;_nc_ht=scontent.fuio15-1.fna&#038;oh=00_AfAEuI_YKYKczgRKa-F91vzcJn8JtY-qpNVIZFyV-ug2_Q&#038;oe=63B2928F\"><img decoding=\"async\" class=\"wp_automatic_fb_img\" title=\"\" src=\"https:\/\/scontent.fuio15-1.fna.fbcdn.net\/v\/t39.30808-6\/311699516_2326819280806930_6969488816782310554_n.jpg?stp=cp6_dst-jpg&#038;_nc_cat=109&#038;ccb=1-7&#038;_nc_sid=8bfeb9&#038;_nc_ohc=dqEyhEvM6ewAX9QtAS_&#038;_nc_ht=scontent.fuio15-1.fna&#038;oh=00_AfAEuI_YKYKczgRKa-F91vzcJn8JtY-qpNVIZFyV-ug2_Q&#038;oe=63B2928F\" \/><\/a><br \/><a href=\"https:\/\/scontent.fuio15-1.fna.fbcdn.net\/v\/t39.30808-6\/311667120_2326819297473595_5664585864164840882_n.jpg?stp=cp6_dst-jpg&#038;_nc_cat=101&#038;ccb=1-7&#038;_nc_sid=8bfeb9&#038;_nc_ohc=2Lz5X4l6R20AX_l949y&#038;_nc_ht=scontent.fuio15-1.fna&#038;oh=00_AfBKv_eZK8W1C1sMP1LUC5rkkWnVKpgj6CmsFjtHtIUGFw&#038;oe=63B3C93E\"><img decoding=\"async\" class=\"wp_automatic_fb_img\" title=\"\" src=\"https:\/\/scontent.fuio15-1.fna.fbcdn.net\/v\/t39.30808-6\/311667120_2326819297473595_5664585864164840882_n.jpg?stp=cp6_dst-jpg&#038;_nc_cat=101&#038;ccb=1-7&#038;_nc_sid=8bfeb9&#038;_nc_ohc=2Lz5X4l6R20AX_l949y&#038;_nc_ht=scontent.fuio15-1.fna&#038;oh=00_AfBKv_eZK8W1C1sMP1LUC5rkkWnVKpgj6CmsFjtHtIUGFw&#038;oe=63B3C93E\" \/><\/a><br \/><a href=\"https:\/\/scontent.fuio15-1.fna.fbcdn.net\/v\/t39.30808-6\/311587177_2326819294140262_2620287272333550078_n.jpg?stp=cp6_dst-jpg&#038;_nc_cat=110&#038;ccb=1-7&#038;_nc_sid=8bfeb9&#038;_nc_ohc=1McrwwGcAq4AX-h-Dol&#038;_nc_ht=scontent.fuio15-1.fna&#038;oh=00_AfDvfJZ2Id29wTTzedyYFCqmyivPwOf7073O_Q3wBdqTVA&#038;oe=63B3CF06\"><img decoding=\"async\" class=\"wp_automatic_fb_img\" title=\"\" src=\"https:\/\/scontent.fuio15-1.fna.fbcdn.net\/v\/t39.30808-6\/311587177_2326819294140262_2620287272333550078_n.jpg?stp=cp6_dst-jpg&#038;_nc_cat=110&#038;ccb=1-7&#038;_nc_sid=8bfeb9&#038;_nc_ohc=1McrwwGcAq4AX-h-Dol&#038;_nc_ht=scontent.fuio15-1.fna&#038;oh=00_AfDvfJZ2Id29wTTzedyYFCqmyivPwOf7073O_Q3wBdqTVA&#038;oe=63B3CF06\" \/><\/a><\/p>\n","protected":false},"author":1,"featured_media":2529,"comment_status":"open","ping_status":"open","sticky":false,"template":"","format":"standard","meta":[],"categories":[1],"tags":[208,67,897,32,24,899,602,900,898],"_links":{"self":[{"href":"https:\/\/bomberos.puyo.gob.ec\/2019\/wp-json\/wp\/v2\/posts\/2528"}],"collection":[{"href":"https:\/\/bomberos.puyo.gob.ec\/2019\/wp-json\/wp\/v2\/posts"}],"about":[{"href":"https:\/\/bomberos.puyo.gob.ec\/2019\/wp-json\/wp\/v2\/types\/post"}],"author":[{"embeddable":true,"href":"https:\/\/bomberos.puyo.gob.ec\/2019\/wp-json\/wp\/v2\/users\/1"}],"replies":[{"embeddable":true,"href":"https:\/\/bomberos.puyo.gob.ec\/2019\/wp-json\/wp\/v2\/comments?post=2528"}],"version-history":[{"count":1,"href":"https:\/\/bomberos.puyo.gob.ec\/2019\/wp-json\/wp\/v2\/posts\/2528\/revisions"}],"predecessor-version":[{"id":2530,"href":"https:\/\/bomberos.puyo.gob.ec\/2019\/wp-json\/wp\/v2\/posts\/2528\/revisions\/2530"}],"wp:featuredmedia":[{"embeddable":true,"href":"https:\/\/bomberos.puyo.gob.ec\/2019\/wp-json\/wp\/v2\/media\/2529"}],"wp:attachment":[{"href":"https:\/\/bomberos.puyo.gob.ec\/2019\/wp-json\/wp\/v2\/media?parent=2528"}],"wp:term":[{"taxonomy":"category","embeddable":true,"href":"https:\/\/bomberos.puyo.gob.ec\/2019\/wp-json\/wp\/v2\/categories?post=2528"},{"taxonomy":"post_tag","embeddable":true,"href":"https:\/\/bomberos.puyo.gob.ec\/2019\/wp-json\/wp\/v2\/tags?post=2528"}],"curies":[{"name":"wp","href":"https:\/\/api.w.org\/{rel}","templated":true}]}}