{"id":2525,"date":"2022-10-12T12:35:59","date_gmt":"2022-10-12T17:35:59","guid":{"rendered":"https:\/\/bomberos.puyo.gob.ec\/casa-abierta-el-personal-del-cuerpo-de-bomberos-de-pastaza-en-coordinacion\/"},"modified":"2022-12-29T19:42:32","modified_gmt":"2022-12-30T00:42:32","slug":"casa-abierta-el-personal-del-cuerpo-de-bomberos-de-pastaza-en-coordinacion","status":"publish","type":"post","link":"https:\/\/bomberos.puyo.gob.ec\/2019\/casa-abierta-el-personal-del-cuerpo-de-bomberos-de-pastaza-en-coordinacion\/","title":{"rendered":"|CASA ABIERTA|\n El personal del Cuerpo de Bomberos de Pastaza en coordinaci\u00f3n &#8230;"},"content":{"rendered":"<div><span><\/p>\n<p>|CASA ABIERTA|<\/p>\n<p> El personal del Cuerpo de Bomberos de Pastaza en coordinaci\u00f3n con la Secretaria de Nacional de Gesti\u00f3n de Riesgos y en conmemoraci\u00f3n al d\u00eda Internacional de Reducci\u00f3n de Riesgos y Desastres participa de una casa abierta en la escuela Proyecto Encuentro de la ciudad de Puyo.<\/p>\n<p><\/span><\/div>\n<p><a href=\"https:\/\/facebook.com\/story.php?story_fbid=pfbid0GckhRbh9Dw1BMYJwrrAwCbPPeDS3vj4NzjkmFSBEwxZzFaU2dJfw3kA5VSyvwt3Ql&amp;id=465093860312824&amp;eav=AfayhRFoCPdi0BVtA2vz9rYmFVUctE8227LhymJj5Rqa_ieiCfLssfd6wxYjgwXl9rk&amp;viewer=465093860312824&amp;m_entstream_source=timeline&amp;__tn__=%2As%2As-R&amp;paipv=1\" aria-label=\"Abrir historia\" class=\"_5msj\"><\/a><\/p>\n<p><a href=\"https:\/\/bomberos.puyo.gob.ec\/2019\/wp-content\/uploads\/CASA-ABIERTA-El-personal-del-Cuerpo-de-Bomberos-de-Pastaza.jpg\"><img decoding=\"async\" class=\"wp_automatic_fb_img\" title=\"\" src=\"https:\/\/bomberos.puyo.gob.ec\/2019\/wp-content\/uploads\/CASA-ABIERTA-El-personal-del-Cuerpo-de-Bomberos-de-Pastaza.jpg\" \/><\/a><br \/><a href=\"https:\/\/bomberos.puyo.gob.ec\/2019\/wp-content\/uploads\/1672360950_585_CASA-ABIERTA-El-personal-del-Cuerpo-de-Bomberos-de-Pastaza.jpg\"><img decoding=\"async\" class=\"wp_automatic_fb_img\" title=\"\" src=\"https:\/\/bomberos.puyo.gob.ec\/2019\/wp-content\/uploads\/1672360950_585_CASA-ABIERTA-El-personal-del-Cuerpo-de-Bomberos-de-Pastaza.jpg\" \/><\/a><br \/><a href=\"https:\/\/bomberos.puyo.gob.ec\/2019\/wp-content\/uploads\/1672360950_382_CASA-ABIERTA-El-personal-del-Cuerpo-de-Bomberos-de-Pastaza.jpg\"><img decoding=\"async\" class=\"wp_automatic_fb_img\" title=\"\" src=\"https:\/\/bomberos.puyo.gob.ec\/2019\/wp-content\/uploads\/1672360950_382_CASA-ABIERTA-El-personal-del-Cuerpo-de-Bomberos-de-Pastaza.jpg\" \/><\/a><br \/>\n<br \/><a href=\"https:\/\/www.facebook.com\/465093860312824\/posts\/2326875944134597\">en facebook&#8230; <\/a>  <\/p>\n","protected":false},"excerpt":{"rendered":"<div><span><\/p>\n<p>|CASA ABIERTA|<\/p>\n<p> El personal del Cuerpo de Bomberos de Pastaza en coordinaci\u00f3n con la Secretaria de Nacional de Gesti\u00f3n de Riesgos y en conmemoraci\u00f3n al d\u00eda Internacional de Reducci\u00f3n de Riesgos y Desastres participa de una casa abierta en la escuela Proyecto Encuentro de la ciudad de Puyo.<\/p>\n<p><\/span><\/div>\n<p><a href=\"https:\/\/facebook.com\/story.php?story_fbid=pfbid0GckhRbh9Dw1BMYJwrrAwCbPPeDS3vj4NzjkmFSBEwxZzFaU2dJfw3kA5VSyvwt3Ql&amp;id=465093860312824&amp;eav=AfayhRFoCPdi0BVtA2vz9rYmFVUctE8227LhymJj5Rqa_ieiCfLssfd6wxYjgwXl9rk&amp;viewer=465093860312824&amp;m_entstream_source=timeline&amp;__tn__=%2As%2As-R&amp;paipv=1\" aria-label=\"Abrir historia\" class=\"_5msj\"><\/a><\/p>\n<p><a href=\"https:\/\/scontent.fuio15-1.fna.fbcdn.net\/v\/t39.30808-6\/311650845_2326824690806389_8635779947223877792_n.jpg?stp=cp6_dst-jpg&#038;_nc_cat=104&#038;ccb=1-7&#038;_nc_sid=8bfeb9&#038;_nc_ohc=tCMgCMcmSEkAX9j3TrC&#038;_nc_ht=scontent.fuio15-1.fna&#038;oh=00_AfCcgXW0dXJ8j--LV65W0G3XiEUwnm1ByEH060p4LEtbLw&#038;oe=63B24911\"><img decoding=\"async\" class=\"wp_automatic_fb_img\" title=\"\" src=\"https:\/\/scontent.fuio15-1.fna.fbcdn.net\/v\/t39.30808-6\/311650845_2326824690806389_8635779947223877792_n.jpg?stp=cp6_dst-jpg&#038;_nc_cat=104&#038;ccb=1-7&#038;_nc_sid=8bfeb9&#038;_nc_ohc=tCMgCMcmSEkAX9j3TrC&#038;_nc_ht=scontent.fuio15-1.fna&#038;oh=00_AfCcgXW0dXJ8j--LV65W0G3XiEUwnm1ByEH060p4LEtbLw&#038;oe=63B24911\" \/><\/a><br \/><a href=\"https:\/\/scontent.fuio15-1.fna.fbcdn.net\/v\/t39.30808-6\/311715311_2326824694139722_3076175449410696572_n.jpg?stp=cp6_dst-jpg&#038;_nc_cat=111&#038;ccb=1-7&#038;_nc_sid=8bfeb9&#038;_nc_ohc=LwxjY9CROuYAX-3I8MM&#038;_nc_ht=scontent.fuio15-1.fna&#038;oh=00_AfCipkD8imo7t15avjLd-rI_OkOgx3prWZwcSYNqVLpY4w&#038;oe=63B36A9B\"><img decoding=\"async\" class=\"wp_automatic_fb_img\" title=\"\" src=\"https:\/\/scontent.fuio15-1.fna.fbcdn.net\/v\/t39.30808-6\/311715311_2326824694139722_3076175449410696572_n.jpg?stp=cp6_dst-jpg&#038;_nc_cat=111&#038;ccb=1-7&#038;_nc_sid=8bfeb9&#038;_nc_ohc=LwxjY9CROuYAX-3I8MM&#038;_nc_ht=scontent.fuio15-1.fna&#038;oh=00_AfCipkD8imo7t15avjLd-rI_OkOgx3prWZwcSYNqVLpY4w&#038;oe=63B36A9B\" \/><\/a><br \/><a href=\"https:\/\/scontent.fuio15-1.fna.fbcdn.net\/v\/t39.30808-6\/311631500_2326824680806390_3619267706764809145_n.jpg?stp=cp6_dst-jpg&#038;_nc_cat=105&#038;ccb=1-7&#038;_nc_sid=8bfeb9&#038;_nc_ohc=b0sQ-lIswcUAX-omhTs&#038;_nc_ht=scontent.fuio15-1.fna&#038;oh=00_AfDUzd4GsHlvxLxsA5j0rzVog1lV84Ymq41RfD49lvPuzw&#038;oe=63B2E343\"><img decoding=\"async\" class=\"wp_automatic_fb_img\" title=\"\" src=\"https:\/\/scontent.fuio15-1.fna.fbcdn.net\/v\/t39.30808-6\/311631500_2326824680806390_3619267706764809145_n.jpg?stp=cp6_dst-jpg&#038;_nc_cat=105&#038;ccb=1-7&#038;_nc_sid=8bfeb9&#038;_nc_ohc=b0sQ-lIswcUAX-omhTs&#038;_nc_ht=scontent.fuio15-1.fna&#038;oh=00_AfDUzd4GsHlvxLxsA5j0rzVog1lV84Ymq41RfD49lvPuzw&#038;oe=63B2E343\" \/><\/a><\/p>\n","protected":false},"author":1,"featured_media":2526,"comment_status":"open","ping_status":"open","sticky":false,"template":"","format":"standard","meta":[],"categories":[1],"tags":[896,73,895,82,64,32,74,34],"_links":{"self":[{"href":"https:\/\/bomberos.puyo.gob.ec\/2019\/wp-json\/wp\/v2\/posts\/2525"}],"collection":[{"href":"https:\/\/bomberos.puyo.gob.ec\/2019\/wp-json\/wp\/v2\/posts"}],"about":[{"href":"https:\/\/bomberos.puyo.gob.ec\/2019\/wp-json\/wp\/v2\/types\/post"}],"author":[{"embeddable":true,"href":"https:\/\/bomberos.puyo.gob.ec\/2019\/wp-json\/wp\/v2\/users\/1"}],"replies":[{"embeddable":true,"href":"https:\/\/bomberos.puyo.gob.ec\/2019\/wp-json\/wp\/v2\/comments?post=2525"}],"version-history":[{"count":1,"href":"https:\/\/bomberos.puyo.gob.ec\/2019\/wp-json\/wp\/v2\/posts\/2525\/revisions"}],"predecessor-version":[{"id":2527,"href":"https:\/\/bomberos.puyo.gob.ec\/2019\/wp-json\/wp\/v2\/posts\/2525\/revisions\/2527"}],"wp:featuredmedia":[{"embeddable":true,"href":"https:\/\/bomberos.puyo.gob.ec\/2019\/wp-json\/wp\/v2\/media\/2526"}],"wp:attachment":[{"href":"https:\/\/bomberos.puyo.gob.ec\/2019\/wp-json\/wp\/v2\/media?parent=2525"}],"wp:term":[{"taxonomy":"category","embeddable":true,"href":"https:\/\/bomberos.puyo.gob.ec\/2019\/wp-json\/wp\/v2\/categories?post=2525"},{"taxonomy":"post_tag","embeddable":true,"href":"https:\/\/bomberos.puyo.gob.ec\/2019\/wp-json\/wp\/v2\/tags?post=2525"}],"curies":[{"name":"wp","href":"https:\/\/api.w.org\/{rel}","templated":true}]}}