{"id":2513,"date":"2022-10-16T19:34:16","date_gmt":"2022-10-17T00:34:16","guid":{"rendered":"https:\/\/bomberos.puyo.gob.ec\/rescate-fauna-silvestre-el-dia-de-hoy-nuestra-unidad-especializada-en-res\/"},"modified":"2022-12-29T19:01:32","modified_gmt":"2022-12-30T00:01:32","slug":"rescate-fauna-silvestre-el-dia-de-hoy-nuestra-unidad-especializada-en-res","status":"publish","type":"post","link":"https:\/\/bomberos.puyo.gob.ec\/2019\/rescate-fauna-silvestre-el-dia-de-hoy-nuestra-unidad-especializada-en-res\/","title":{"rendered":"|RESCATE FAUNA SILVESTRE| \n  El d\u00eda de hoy nuestra unidad especializada en res&#8230;"},"content":{"rendered":"<p>|RESCATE FAUNA SILVESTRE|<br \/>\n \ud83d\ude92 El d\u00eda de hoy nuestra unidad especializada en rescate de fauna silvestre, realiza el rescate y evacuaci\u00f3n de una boa constrictor en un domicilio ubicado en el sector del pabell\u00f3n de los deportes.<br \/>\n \ud83d\ude92 Se hace la entrega recepci\u00f3n en el centro de rescate YANACOCHA TAMANDUA.<\/p>\n<p><a href=\"https:\/\/facebook.com\/story.php?story_fbid=pfbid0jNC9YhTVeARbdGY4TSj4MMjiEVaxHRm7doFmPRNiUCXr8ppSxGpG5b1YpBdBaQ5ol&amp;id=465093860312824&amp;eav=Afbfg3xPNTByNizVvFx9mHA8q4ue5XYvDiE9owuOw37m1BnxbCb5F7FKbnY3G7QcTAc&amp;viewer=465093860312824&amp;m_entstream_source=timeline&amp;__tn__=%2As%2As-R&amp;paipv=1\" aria-label=\"Abrir historia\" class=\"_5msj\"><\/a><\/p>\n<p><a href=\"https:\/\/bomberos.puyo.gob.ec\/2019\/wp-content\/uploads\/RESCATE-FAUNA-SILVESTRE-El-dia-de-hoy-nuestra-unidad-especializada.jpg\"><img decoding=\"async\" class=\"wp_automatic_fb_img\" title=\"\" src=\"https:\/\/bomberos.puyo.gob.ec\/2019\/wp-content\/uploads\/RESCATE-FAUNA-SILVESTRE-El-dia-de-hoy-nuestra-unidad-especializada.jpg\" \/><\/a><br \/><a href=\"https:\/\/bomberos.puyo.gob.ec\/2019\/wp-content\/uploads\/1672358491_632_RESCATE-FAUNA-SILVESTRE-El-dia-de-hoy-nuestra-unidad-especializada.jpg\"><img decoding=\"async\" class=\"wp_automatic_fb_img\" title=\"\" src=\"https:\/\/bomberos.puyo.gob.ec\/2019\/wp-content\/uploads\/1672358491_632_RESCATE-FAUNA-SILVESTRE-El-dia-de-hoy-nuestra-unidad-especializada.jpg\" \/><\/a><br \/>\n<br \/><a href=\"https:\/\/www.facebook.com\/465093860312824\/posts\/2330702827085242\">en facebook&#8230; <\/a>  <\/p>\n","protected":false},"excerpt":{"rendered":"<p>|RESCATE FAUNA SILVESTRE|<br \/>\n \ud83d\ude92 El d\u00eda de hoy nuestra unidad especializada en rescate de fauna silvestre, realiza el rescate y evacuaci\u00f3n de una boa constrictor en un domicilio ubicado en el sector del pabell\u00f3n de los deportes.<br \/>\n \ud83d\ude92 Se hace la entrega recepci\u00f3n en el centro de rescate YANACOCHA TAMANDUA.<\/p>\n<p><a href=\"https:\/\/facebook.com\/story.php?story_fbid=pfbid0jNC9YhTVeARbdGY4TSj4MMjiEVaxHRm7doFmPRNiUCXr8ppSxGpG5b1YpBdBaQ5ol&amp;id=465093860312824&amp;eav=Afbfg3xPNTByNizVvFx9mHA8q4ue5XYvDiE9owuOw37m1BnxbCb5F7FKbnY3G7QcTAc&amp;viewer=465093860312824&amp;m_entstream_source=timeline&amp;__tn__=%2As%2As-R&amp;paipv=1\" aria-label=\"Abrir historia\" class=\"_5msj\"><\/a><\/p>\n<p><a href=\"https:\/\/scontent.fuio15-1.fna.fbcdn.net\/v\/t39.30808-6\/312057889_2330702767085248_1764675158570869583_n.jpg?stp=cp6_dst-jpg&#038;_nc_cat=104&#038;ccb=1-7&#038;_nc_sid=8bfeb9&#038;_nc_ohc=ZivG1ivrShwAX-0Oozg&#038;_nc_ht=scontent.fuio15-1.fna&#038;oh=00_AfALGmzxDJcbfDxgy7RdOOABomM4SA9JM1ybUy0VRPFP1w&#038;oe=63B3ADF9\"><img decoding=\"async\" class=\"wp_automatic_fb_img\" title=\"\" src=\"https:\/\/scontent.fuio15-1.fna.fbcdn.net\/v\/t39.30808-6\/312057889_2330702767085248_1764675158570869583_n.jpg?stp=cp6_dst-jpg&#038;_nc_cat=104&#038;ccb=1-7&#038;_nc_sid=8bfeb9&#038;_nc_ohc=ZivG1ivrShwAX-0Oozg&#038;_nc_ht=scontent.fuio15-1.fna&#038;oh=00_AfALGmzxDJcbfDxgy7RdOOABomM4SA9JM1ybUy0VRPFP1w&#038;oe=63B3ADF9\" \/><\/a><br \/><a href=\"https:\/\/scontent.fuio15-1.fna.fbcdn.net\/v\/t39.30808-6\/312062915_2330702777085247_7853921011714762285_n.jpg?stp=cp6_dst-jpg&#038;_nc_cat=111&#038;ccb=1-7&#038;_nc_sid=8bfeb9&#038;_nc_ohc=XLympk9wlykAX_QRFq6&#038;_nc_ht=scontent.fuio15-1.fna&#038;oh=00_AfAXYu7jkF7WN6eIq09zHJzHvVMpQis_641VeLgNwyJcIA&#038;oe=63B2B6C3\"><img decoding=\"async\" class=\"wp_automatic_fb_img\" title=\"\" src=\"https:\/\/scontent.fuio15-1.fna.fbcdn.net\/v\/t39.30808-6\/312062915_2330702777085247_7853921011714762285_n.jpg?stp=cp6_dst-jpg&#038;_nc_cat=111&#038;ccb=1-7&#038;_nc_sid=8bfeb9&#038;_nc_ohc=XLympk9wlykAX_QRFq6&#038;_nc_ht=scontent.fuio15-1.fna&#038;oh=00_AfAXYu7jkF7WN6eIq09zHJzHvVMpQis_641VeLgNwyJcIA&#038;oe=63B2B6C3\" \/><\/a><\/p>\n","protected":false},"author":1,"featured_media":2514,"comment_status":"open","ping_status":"open","sticky":false,"template":"","format":"standard","meta":[],"categories":[1],"tags":[24,892,798,202,236,893,183,630,41],"_links":{"self":[{"href":"https:\/\/bomberos.puyo.gob.ec\/2019\/wp-json\/wp\/v2\/posts\/2513"}],"collection":[{"href":"https:\/\/bomberos.puyo.gob.ec\/2019\/wp-json\/wp\/v2\/posts"}],"about":[{"href":"https:\/\/bomberos.puyo.gob.ec\/2019\/wp-json\/wp\/v2\/types\/post"}],"author":[{"embeddable":true,"href":"https:\/\/bomberos.puyo.gob.ec\/2019\/wp-json\/wp\/v2\/users\/1"}],"replies":[{"embeddable":true,"href":"https:\/\/bomberos.puyo.gob.ec\/2019\/wp-json\/wp\/v2\/comments?post=2513"}],"version-history":[{"count":1,"href":"https:\/\/bomberos.puyo.gob.ec\/2019\/wp-json\/wp\/v2\/posts\/2513\/revisions"}],"predecessor-version":[{"id":2515,"href":"https:\/\/bomberos.puyo.gob.ec\/2019\/wp-json\/wp\/v2\/posts\/2513\/revisions\/2515"}],"wp:featuredmedia":[{"embeddable":true,"href":"https:\/\/bomberos.puyo.gob.ec\/2019\/wp-json\/wp\/v2\/media\/2514"}],"wp:attachment":[{"href":"https:\/\/bomberos.puyo.gob.ec\/2019\/wp-json\/wp\/v2\/media?parent=2513"}],"wp:term":[{"taxonomy":"category","embeddable":true,"href":"https:\/\/bomberos.puyo.gob.ec\/2019\/wp-json\/wp\/v2\/categories?post=2513"},{"taxonomy":"post_tag","embeddable":true,"href":"https:\/\/bomberos.puyo.gob.ec\/2019\/wp-json\/wp\/v2\/tags?post=2513"}],"curies":[{"name":"wp","href":"https:\/\/api.w.org\/{rel}","templated":true}]}}