{"id":2510,"date":"2022-10-18T17:23:33","date_gmt":"2022-10-18T22:23:33","guid":{"rendered":"https:\/\/bomberos.puyo.gob.ec\/el-cuerpo-de-bomberos-municipal-del-canton-preocupados-por-el-bienestar-de-su\/"},"modified":"2022-12-29T18:45:37","modified_gmt":"2022-12-29T23:45:37","slug":"el-cuerpo-de-bomberos-municipal-del-canton-preocupados-por-el-bienestar-de-su","status":"publish","type":"post","link":"https:\/\/bomberos.puyo.gob.ec\/2019\/el-cuerpo-de-bomberos-municipal-del-canton-preocupados-por-el-bienestar-de-su\/","title":{"rendered":"El Cuerpo de Bomberos Municipal del Cant\u00f3n, preocupados por el bienestar de su&#8230;"},"content":{"rendered":"<p><div><span><\/p>\n<p>El Cuerpo de Bomberos Municipal del Cant\u00f3n, preocupados por el bienestar de su personal, se encuentra realizando la capacitaci\u00f3n de Apoyo Psicoemocional en Situaciones de Emergencia y Desastres, en coordinaci\u00f3n Interinstitucional con el Hospital B\u00e1sico IESS Puyo.<\/p>\n<p><\/span><\/div>\n<p><a href=\"https:\/\/facebook.com\/story.php?story_fbid=pfbid0s5JJkRLpPFWyaGvdyTbk3f4EE4pC27vp4hqpp17Mbx5p5uxckrpc8xDctNzi4duGl&amp;id=465093860312824&amp;eav=AfYMWNPRvYWts60yOkfgq0CvsGoxizEHkP12Oyzwsbow-K0xiPLnp1hT8hPNerxoFpI&amp;viewer=465093860312824&amp;m_entstream_source=timeline&amp;__tn__=%2As%2As-R&amp;paipv=1\" aria-label=\"Abrir historia\" class=\"_5msj\"><\/a><\/p>\n<p><a href=\"https:\/\/bomberos.puyo.gob.ec\/2019\/wp-content\/uploads\/El-Cuerpo-de-Bomberos-Municipal-del-Canton-preocupados-por-el.jpg\"><img decoding=\"async\" class=\"wp_automatic_fb_img\" title=\"\" src=\"https:\/\/bomberos.puyo.gob.ec\/2019\/wp-content\/uploads\/El-Cuerpo-de-Bomberos-Municipal-del-Canton-preocupados-por-el.jpg\" \/><\/a><br \/><a href=\"https:\/\/bomberos.puyo.gob.ec\/2019\/wp-content\/uploads\/1672357535_967_El-Cuerpo-de-Bomberos-Municipal-del-Canton-preocupados-por-el.jpg\"><img decoding=\"async\" class=\"wp_automatic_fb_img\" title=\"\" src=\"https:\/\/bomberos.puyo.gob.ec\/2019\/wp-content\/uploads\/1672357535_967_El-Cuerpo-de-Bomberos-Municipal-del-Canton-preocupados-por-el.jpg\" \/><\/a><br \/><a href=\"https:\/\/bomberos.puyo.gob.ec\/2019\/wp-content\/uploads\/1672357536_516_El-Cuerpo-de-Bomberos-Municipal-del-Canton-preocupados-por-el.jpg\"><img decoding=\"async\" class=\"wp_automatic_fb_img\" title=\"\" src=\"https:\/\/bomberos.puyo.gob.ec\/2019\/wp-content\/uploads\/1672357536_516_El-Cuerpo-de-Bomberos-Municipal-del-Canton-preocupados-por-el.jpg\" \/><\/a><br \/><a href=\"https:\/\/bomberos.puyo.gob.ec\/2019\/wp-content\/uploads\/1672357536_982_El-Cuerpo-de-Bomberos-Municipal-del-Canton-preocupados-por-el.jpg\"><img decoding=\"async\" class=\"wp_automatic_fb_img\" title=\"\" src=\"https:\/\/bomberos.puyo.gob.ec\/2019\/wp-content\/uploads\/1672357536_982_El-Cuerpo-de-Bomberos-Municipal-del-Canton-preocupados-por-el.jpg\" \/><\/a><br \/>\n<br \/><a href=\"https:\/\/www.facebook.com\/465093860312824\/posts\/2332363103585881\">en facebook&#8230; <\/a>  <\/p>\n","protected":false},"excerpt":{"rendered":"<p><div><span><\/p>\n<p>El Cuerpo de Bomberos Municipal del Cant\u00f3n, preocupados por el bienestar de su personal, se encuentra realizando la capacitaci\u00f3n de Apoyo Psicoemocional en Situaciones de Emergencia y Desastres, en coordinaci\u00f3n Interinstitucional con el Hospital B\u00e1sico IESS Puyo.<\/p>\n<p><\/span><\/div>\n<p><a href=\"https:\/\/facebook.com\/story.php?story_fbid=pfbid0s5JJkRLpPFWyaGvdyTbk3f4EE4pC27vp4hqpp17Mbx5p5uxckrpc8xDctNzi4duGl&amp;id=465093860312824&amp;eav=AfYMWNPRvYWts60yOkfgq0CvsGoxizEHkP12Oyzwsbow-K0xiPLnp1hT8hPNerxoFpI&amp;viewer=465093860312824&amp;m_entstream_source=timeline&amp;__tn__=%2As%2As-R&amp;paipv=1\" aria-label=\"Abrir historia\" class=\"_5msj\"><\/a><\/p>\n<p><a href=\"https:\/\/scontent.fuio15-1.fna.fbcdn.net\/v\/t39.30808-6\/312245004_2332363010252557_646360033038003858_n.jpg?stp=cp6_dst-jpg&#038;_nc_cat=106&#038;ccb=1-7&#038;_nc_sid=8bfeb9&#038;_nc_ohc=LBC_ccFOCJsAX-MenWr&#038;_nc_ht=scontent.fuio15-1.fna&#038;oh=00_AfD_gep6rknNUHmpyfrlhOzTCLshkfnewUE15NdnEzIVrg&#038;oe=63B37C62\"><img decoding=\"async\" class=\"wp_automatic_fb_img\" title=\"\" src=\"https:\/\/scontent.fuio15-1.fna.fbcdn.net\/v\/t39.30808-6\/312245004_2332363010252557_646360033038003858_n.jpg?stp=cp6_dst-jpg&#038;_nc_cat=106&#038;ccb=1-7&#038;_nc_sid=8bfeb9&#038;_nc_ohc=LBC_ccFOCJsAX-MenWr&#038;_nc_ht=scontent.fuio15-1.fna&#038;oh=00_AfD_gep6rknNUHmpyfrlhOzTCLshkfnewUE15NdnEzIVrg&#038;oe=63B37C62\" \/><\/a><br \/><a href=\"https:\/\/scontent.fuio15-1.fna.fbcdn.net\/v\/t39.30808-6\/312267440_2332362993585892_8835722621489772075_n.jpg?stp=cp6_dst-jpg&#038;_nc_cat=105&#038;ccb=1-7&#038;_nc_sid=8bfeb9&#038;_nc_ohc=ItlDLSFpZkQAX-LE580&#038;_nc_ht=scontent.fuio15-1.fna&#038;oh=00_AfDIqKGitQwzr4K-cZ3EuAv5Fyx1zHcbM-1WdbaOAmaCyQ&#038;oe=63B3FB9E\"><img decoding=\"async\" class=\"wp_automatic_fb_img\" title=\"\" src=\"https:\/\/scontent.fuio15-1.fna.fbcdn.net\/v\/t39.30808-6\/312267440_2332362993585892_8835722621489772075_n.jpg?stp=cp6_dst-jpg&#038;_nc_cat=105&#038;ccb=1-7&#038;_nc_sid=8bfeb9&#038;_nc_ohc=ItlDLSFpZkQAX-LE580&#038;_nc_ht=scontent.fuio15-1.fna&#038;oh=00_AfDIqKGitQwzr4K-cZ3EuAv5Fyx1zHcbM-1WdbaOAmaCyQ&#038;oe=63B3FB9E\" \/><\/a><br \/><a href=\"https:\/\/scontent.fuio15-1.fna.fbcdn.net\/v\/t39.30808-6\/312258275_2332363030252555_1116783186731820822_n.jpg?stp=cp6_dst-jpg&#038;_nc_cat=102&#038;ccb=1-7&#038;_nc_sid=8bfeb9&#038;_nc_ohc=BT6NLrCH1UsAX8-tZSd&#038;_nc_ht=scontent.fuio15-1.fna&#038;oh=00_AfBfITLyQhOxQYXjtG93DCQRy6Q1YZPuNCkP0S5qlycwJw&#038;oe=63B36433\"><img decoding=\"async\" class=\"wp_automatic_fb_img\" title=\"\" src=\"https:\/\/scontent.fuio15-1.fna.fbcdn.net\/v\/t39.30808-6\/312258275_2332363030252555_1116783186731820822_n.jpg?stp=cp6_dst-jpg&#038;_nc_cat=102&#038;ccb=1-7&#038;_nc_sid=8bfeb9&#038;_nc_ohc=BT6NLrCH1UsAX8-tZSd&#038;_nc_ht=scontent.fuio15-1.fna&#038;oh=00_AfBfITLyQhOxQYXjtG93DCQRy6Q1YZPuNCkP0S5qlycwJw&#038;oe=63B36433\" \/><\/a><br \/><a href=\"https:\/\/scontent.fuio15-1.fna.fbcdn.net\/v\/t39.30808-6\/312070425_2332363013585890_3225106895440651370_n.jpg?stp=cp6_dst-jpg&#038;_nc_cat=104&#038;ccb=1-7&#038;_nc_sid=8bfeb9&#038;_nc_ohc=_-pyKwIgU3wAX8D2jhS&#038;_nc_ht=scontent.fuio15-1.fna&#038;oh=00_AfA6kbCSZdJh_efHT7BR1DFlICRJm1819n0QO2Ovs1YixA&#038;oe=63B39101\"><img decoding=\"async\" class=\"wp_automatic_fb_img\" title=\"\" src=\"https:\/\/scontent.fuio15-1.fna.fbcdn.net\/v\/t39.30808-6\/312070425_2332363013585890_3225106895440651370_n.jpg?stp=cp6_dst-jpg&#038;_nc_cat=104&#038;ccb=1-7&#038;_nc_sid=8bfeb9&#038;_nc_ohc=_-pyKwIgU3wAX8D2jhS&#038;_nc_ht=scontent.fuio15-1.fna&#038;oh=00_AfA6kbCSZdJh_efHT7BR1DFlICRJm1819n0QO2Ovs1YixA&#038;oe=63B39101\" \/><\/a><\/p>\n","protected":false},"author":1,"featured_media":2511,"comment_status":"open","ping_status":"open","sticky":false,"template":"","format":"standard","meta":[],"categories":[1],"tags":[661,73,141,64,32,138,30,890,891],"_links":{"self":[{"href":"https:\/\/bomberos.puyo.gob.ec\/2019\/wp-json\/wp\/v2\/posts\/2510"}],"collection":[{"href":"https:\/\/bomberos.puyo.gob.ec\/2019\/wp-json\/wp\/v2\/posts"}],"about":[{"href":"https:\/\/bomberos.puyo.gob.ec\/2019\/wp-json\/wp\/v2\/types\/post"}],"author":[{"embeddable":true,"href":"https:\/\/bomberos.puyo.gob.ec\/2019\/wp-json\/wp\/v2\/users\/1"}],"replies":[{"embeddable":true,"href":"https:\/\/bomberos.puyo.gob.ec\/2019\/wp-json\/wp\/v2\/comments?post=2510"}],"version-history":[{"count":1,"href":"https:\/\/bomberos.puyo.gob.ec\/2019\/wp-json\/wp\/v2\/posts\/2510\/revisions"}],"predecessor-version":[{"id":2512,"href":"https:\/\/bomberos.puyo.gob.ec\/2019\/wp-json\/wp\/v2\/posts\/2510\/revisions\/2512"}],"wp:featuredmedia":[{"embeddable":true,"href":"https:\/\/bomberos.puyo.gob.ec\/2019\/wp-json\/wp\/v2\/media\/2511"}],"wp:attachment":[{"href":"https:\/\/bomberos.puyo.gob.ec\/2019\/wp-json\/wp\/v2\/media?parent=2510"}],"wp:term":[{"taxonomy":"category","embeddable":true,"href":"https:\/\/bomberos.puyo.gob.ec\/2019\/wp-json\/wp\/v2\/categories?post=2510"},{"taxonomy":"post_tag","embeddable":true,"href":"https:\/\/bomberos.puyo.gob.ec\/2019\/wp-json\/wp\/v2\/tags?post=2510"}],"curies":[{"name":"wp","href":"https:\/\/api.w.org\/{rel}","templated":true}]}}