{"id":2501,"date":"2022-10-19T23:43:10","date_gmt":"2022-10-20T04:43:10","guid":{"rendered":"https:\/\/bomberos.puyo.gob.ec\/hoy-en-el-programa-de-radio-hablemos-de-prevencion-con-el-subof-b-abg-cri\/"},"modified":"2022-12-29T18:23:35","modified_gmt":"2022-12-29T23:23:35","slug":"hoy-en-el-programa-de-radio-hablemos-de-prevencion-con-el-subof-b-abg-cri","status":"publish","type":"post","link":"https:\/\/bomberos.puyo.gob.ec\/2019\/hoy-en-el-programa-de-radio-hablemos-de-prevencion-con-el-subof-b-abg-cri\/","title":{"rendered":"Hoy en el programa de radio \u00abHablemos de Prevenci\u00f3n\u00bb con el Subof.(B) Abg. Cri&#8230;"},"content":{"rendered":"<p><div><span><\/p>\n<p>Hoy en el programa de radio \u00abHablemos de Prevenci\u00f3n\u00bb con el Subof.(B) Abg. Cristian Cabrera, Director de la Escuela de Bomberos de Machala, se di\u00f3 a conocer sobre el trabajo, las acciones de prevenci\u00f3n y respuesta del Cuerpo de Bomberos Municipal del Cant\u00f3n Pastaza<\/p>\n<p><\/span><\/div>\n<p><a href=\"https:\/\/facebook.com\/story.php?story_fbid=pfbid02X9kDpmbKsn25bsymmwukg4btoy9ssNkRcaE5ZgdWJVBMELxssmDpKs3kiiTxLSdwl&amp;id=465093860312824&amp;eav=AfZTbpza6hKCn1sUV4HTGq-7QtajnD7RvuwBdVwupF2gL_2vibqmT-q12eZrpCfLTWI&amp;viewer=465093860312824&amp;m_entstream_source=timeline&amp;__tn__=%2As%2As-R&amp;paipv=1\" aria-label=\"Abrir historia\" class=\"_5msj\"><\/a><\/p>\n<p><a href=\"https:\/\/bomberos.puyo.gob.ec\/2019\/wp-content\/uploads\/Hoy-en-el-programa-de-radio-Hablemos-de-Prevencion-con.jpg\"><img decoding=\"async\" class=\"wp_automatic_fb_img\" title=\"\" src=\"https:\/\/bomberos.puyo.gob.ec\/2019\/wp-content\/uploads\/Hoy-en-el-programa-de-radio-Hablemos-de-Prevencion-con.jpg\" \/><\/a><br \/><a href=\"https:\/\/bomberos.puyo.gob.ec\/2019\/wp-content\/uploads\/1672356214_185_Hoy-en-el-programa-de-radio-Hablemos-de-Prevencion-con.jpg\"><img decoding=\"async\" class=\"wp_automatic_fb_img\" title=\"\" src=\"https:\/\/bomberos.puyo.gob.ec\/2019\/wp-content\/uploads\/1672356214_185_Hoy-en-el-programa-de-radio-Hablemos-de-Prevencion-con.jpg\" \/><\/a><br \/><a href=\"https:\/\/bomberos.puyo.gob.ec\/2019\/wp-content\/uploads\/1672356214_795_Hoy-en-el-programa-de-radio-Hablemos-de-Prevencion-con.jpg\"><img decoding=\"async\" class=\"wp_automatic_fb_img\" title=\"\" src=\"https:\/\/bomberos.puyo.gob.ec\/2019\/wp-content\/uploads\/1672356214_795_Hoy-en-el-programa-de-radio-Hablemos-de-Prevencion-con.jpg\" \/><\/a><br \/>\n<br \/><a href=\"https:\/\/www.facebook.com\/465093860312824\/posts\/2333586526796872\">en facebook&#8230; <\/a>  <\/p>\n","protected":false},"excerpt":{"rendered":"<p><div><span><\/p>\n<p>Hoy en el programa de radio \u00abHablemos de Prevenci\u00f3n\u00bb con el Subof.(B) Abg. Cristian Cabrera, Director de la Escuela de Bomberos de Machala, se di\u00f3 a conocer sobre el trabajo, las acciones de prevenci\u00f3n y respuesta del Cuerpo de Bomberos Municipal del Cant\u00f3n Pastaza<\/p>\n<p><\/span><\/div>\n<p><a href=\"https:\/\/facebook.com\/story.php?story_fbid=pfbid02X9kDpmbKsn25bsymmwukg4btoy9ssNkRcaE5ZgdWJVBMELxssmDpKs3kiiTxLSdwl&amp;id=465093860312824&amp;eav=AfZTbpza6hKCn1sUV4HTGq-7QtajnD7RvuwBdVwupF2gL_2vibqmT-q12eZrpCfLTWI&amp;viewer=465093860312824&amp;m_entstream_source=timeline&amp;__tn__=%2As%2As-R&amp;paipv=1\" aria-label=\"Abrir historia\" class=\"_5msj\"><\/a><\/p>\n<p><a href=\"https:\/\/scontent.fuio15-1.fna.fbcdn.net\/v\/t39.30808-6\/312440023_2333586446796880_2854335299665464432_n.jpg?stp=cp6_dst-jpg&#038;_nc_cat=107&#038;ccb=1-7&#038;_nc_sid=8bfeb9&#038;_nc_ohc=pKppUFwV63AAX8KpI2P&#038;_nc_ht=scontent.fuio15-1.fna&#038;oh=00_AfC4QRhm8d0dSm_PDzv0K8OIsYjtPx6njagw3xygZkTOFQ&#038;oe=63B3CBE5\"><img decoding=\"async\" class=\"wp_automatic_fb_img\" title=\"\" src=\"https:\/\/scontent.fuio15-1.fna.fbcdn.net\/v\/t39.30808-6\/312440023_2333586446796880_2854335299665464432_n.jpg?stp=cp6_dst-jpg&#038;_nc_cat=107&#038;ccb=1-7&#038;_nc_sid=8bfeb9&#038;_nc_ohc=pKppUFwV63AAX8KpI2P&#038;_nc_ht=scontent.fuio15-1.fna&#038;oh=00_AfC4QRhm8d0dSm_PDzv0K8OIsYjtPx6njagw3xygZkTOFQ&#038;oe=63B3CBE5\" \/><\/a><br \/><a href=\"https:\/\/scontent.fuio15-1.fna.fbcdn.net\/v\/t39.30808-6\/312400228_2333586466796878_2888332127692528833_n.jpg?stp=cp6_dst-jpg&#038;_nc_cat=101&#038;ccb=1-7&#038;_nc_sid=8bfeb9&#038;_nc_ohc=b7uZNXYEnXcAX8IpOY_&#038;_nc_ht=scontent.fuio15-1.fna&#038;oh=00_AfDs4uLTvECj7meM3teOmJIyIZ9OAti17zdbPnVGvdVSNA&#038;oe=63B2DB0D\"><img decoding=\"async\" class=\"wp_automatic_fb_img\" title=\"\" src=\"https:\/\/scontent.fuio15-1.fna.fbcdn.net\/v\/t39.30808-6\/312400228_2333586466796878_2888332127692528833_n.jpg?stp=cp6_dst-jpg&#038;_nc_cat=101&#038;ccb=1-7&#038;_nc_sid=8bfeb9&#038;_nc_ohc=b7uZNXYEnXcAX8IpOY_&#038;_nc_ht=scontent.fuio15-1.fna&#038;oh=00_AfDs4uLTvECj7meM3teOmJIyIZ9OAti17zdbPnVGvdVSNA&#038;oe=63B2DB0D\" \/><\/a><br \/><a href=\"https:\/\/scontent.fuio15-1.fna.fbcdn.net\/v\/t39.30808-6\/312055223_2333586456796879_8148053121791580273_n.jpg?stp=cp6_dst-jpg&#038;_nc_cat=108&#038;ccb=1-7&#038;_nc_sid=8bfeb9&#038;_nc_ohc=HcQ_pYK_c5AAX_5bKR5&#038;_nc_ht=scontent.fuio15-1.fna&#038;oh=00_AfBi7ngg5JADs_gOlG3cLxZPqSXJzbYv1vbq-FAGFQgCwA&#038;oe=63B3600E\"><img decoding=\"async\" class=\"wp_automatic_fb_img\" title=\"\" src=\"https:\/\/scontent.fuio15-1.fna.fbcdn.net\/v\/t39.30808-6\/312055223_2333586456796879_8148053121791580273_n.jpg?stp=cp6_dst-jpg&#038;_nc_cat=108&#038;ccb=1-7&#038;_nc_sid=8bfeb9&#038;_nc_ohc=HcQ_pYK_c5AAX_5bKR5&#038;_nc_ht=scontent.fuio15-1.fna&#038;oh=00_AfBi7ngg5JADs_gOlG3cLxZPqSXJzbYv1vbq-FAGFQgCwA&#038;oe=63B3600E\" \/><\/a><\/p>\n","protected":false},"author":1,"featured_media":2502,"comment_status":"open","ping_status":"open","sticky":false,"template":"","format":"standard","meta":[],"categories":[1],"tags":[885,42,886,883,202,39,881,882,884],"_links":{"self":[{"href":"https:\/\/bomberos.puyo.gob.ec\/2019\/wp-json\/wp\/v2\/posts\/2501"}],"collection":[{"href":"https:\/\/bomberos.puyo.gob.ec\/2019\/wp-json\/wp\/v2\/posts"}],"about":[{"href":"https:\/\/bomberos.puyo.gob.ec\/2019\/wp-json\/wp\/v2\/types\/post"}],"author":[{"embeddable":true,"href":"https:\/\/bomberos.puyo.gob.ec\/2019\/wp-json\/wp\/v2\/users\/1"}],"replies":[{"embeddable":true,"href":"https:\/\/bomberos.puyo.gob.ec\/2019\/wp-json\/wp\/v2\/comments?post=2501"}],"version-history":[{"count":1,"href":"https:\/\/bomberos.puyo.gob.ec\/2019\/wp-json\/wp\/v2\/posts\/2501\/revisions"}],"predecessor-version":[{"id":2503,"href":"https:\/\/bomberos.puyo.gob.ec\/2019\/wp-json\/wp\/v2\/posts\/2501\/revisions\/2503"}],"wp:featuredmedia":[{"embeddable":true,"href":"https:\/\/bomberos.puyo.gob.ec\/2019\/wp-json\/wp\/v2\/media\/2502"}],"wp:attachment":[{"href":"https:\/\/bomberos.puyo.gob.ec\/2019\/wp-json\/wp\/v2\/media?parent=2501"}],"wp:term":[{"taxonomy":"category","embeddable":true,"href":"https:\/\/bomberos.puyo.gob.ec\/2019\/wp-json\/wp\/v2\/categories?post=2501"},{"taxonomy":"post_tag","embeddable":true,"href":"https:\/\/bomberos.puyo.gob.ec\/2019\/wp-json\/wp\/v2\/tags?post=2501"}],"curies":[{"name":"wp","href":"https:\/\/api.w.org\/{rel}","templated":true}]}}