{"id":2495,"date":"2022-10-27T08:35:07","date_gmt":"2022-10-27T13:35:07","guid":{"rendered":"https:\/\/bomberos.puyo.gob.ec\/capacitacion-el-dia-de-hoy-nuestro-personal-de-instructores-participo-en-la\/"},"modified":"2022-12-29T18:07:07","modified_gmt":"2022-12-29T23:07:07","slug":"capacitacion-el-dia-de-hoy-nuestro-personal-de-instructores-participo-en-la","status":"publish","type":"post","link":"https:\/\/bomberos.puyo.gob.ec\/2019\/capacitacion-el-dia-de-hoy-nuestro-personal-de-instructores-participo-en-la\/","title":{"rendered":"|CAPACITACI\u00d3N|\n El d\u00eda de hoy nuestro personal de instructores particip\u00f3 en la&#8230;"},"content":{"rendered":"<div><span><\/p>\n<p>|CAPACITACI\u00d3N|<\/p>\n<p> El d\u00eda de hoy nuestro personal de instructores particip\u00f3 en la capacitaci\u00f3n sobre \u201cEl manejo y respuesta en caso de emergencias\u201d en la escuela Doce de Febrero, con el objetivo de preparar al personal de docentes y estudiantes ante eventos adversos.<\/p>\n<p><\/span><\/div>\n<p><a href=\"https:\/\/facebook.com\/story.php?story_fbid=pfbid02BwUX4x2oiqxTBCJosX7tXjybxCXbsivewL5nYf3sBCVJAwADXRgcSTwnQTuy43gTl&amp;id=465093860312824&amp;eav=AfYsI6feAU2SNd-_605CDSsWBGH1NXdUV9q2qWWxoQi9yLVhYmyT4jpAG6OfbSVxnYg&amp;viewer=465093860312824&amp;m_entstream_source=timeline&amp;__tn__=%2As%2As-R&amp;paipv=1\" aria-label=\"Abrir historia\" class=\"_5msj\"><\/a><\/p>\n<p><a href=\"https:\/\/bomberos.puyo.gob.ec\/2019\/wp-content\/uploads\/CAPACITACION-El-dia-de-hoy-nuestro-personal-de-instructores-participo.jpg\"><img decoding=\"async\" class=\"wp_automatic_fb_img\" title=\"\" src=\"https:\/\/bomberos.puyo.gob.ec\/2019\/wp-content\/uploads\/CAPACITACION-El-dia-de-hoy-nuestro-personal-de-instructores-participo.jpg\" \/><\/a><br \/>\n<br \/><a href=\"https:\/\/www.facebook.com\/465093860312824\/posts\/2340174046138120\">en facebook&#8230; <\/a>  <\/p>\n","protected":false},"excerpt":{"rendered":"<div><span><\/p>\n<p>|CAPACITACI\u00d3N|<\/p>\n<p> El d\u00eda de hoy nuestro personal de instructores particip\u00f3 en la capacitaci\u00f3n sobre \u201cEl manejo y respuesta en caso de emergencias\u201d en la escuela Doce de Febrero, con el objetivo de preparar al personal de docentes y estudiantes ante eventos adversos.<\/p>\n<p><\/span><\/div>\n<p><a href=\"https:\/\/facebook.com\/story.php?story_fbid=pfbid02BwUX4x2oiqxTBCJosX7tXjybxCXbsivewL5nYf3sBCVJAwADXRgcSTwnQTuy43gTl&amp;id=465093860312824&amp;eav=AfYsI6feAU2SNd-_605CDSsWBGH1NXdUV9q2qWWxoQi9yLVhYmyT4jpAG6OfbSVxnYg&amp;viewer=465093860312824&amp;m_entstream_source=timeline&amp;__tn__=%2As%2As-R&amp;paipv=1\" aria-label=\"Abrir historia\" class=\"_5msj\"><\/a><\/p>\n<p><a href=\"https:\/\/scontent.fuio15-1.fna.fbcdn.net\/v\/t39.30808-6\/313125547_2340173992804792_6292197477202327582_n.jpg?stp=cp6_dst-jpg_s720x720&#038;_nc_cat=107&#038;ccb=1-7&#038;_nc_sid=8bfeb9&#038;_nc_ohc=z3R8OqoI6yEAX8gdj8Y&#038;_nc_ht=scontent.fuio15-1.fna&#038;oh=00_AfCdL0suYUSc8RtSTkAMN9DvfHp967vhdNtRZBvHhYjPUg&#038;oe=63B2EA9F\"><img decoding=\"async\" class=\"wp_automatic_fb_img\" title=\"\" src=\"https:\/\/scontent.fuio15-1.fna.fbcdn.net\/v\/t39.30808-6\/313125547_2340173992804792_6292197477202327582_n.jpg?stp=cp6_dst-jpg_s720x720&#038;_nc_cat=107&#038;ccb=1-7&#038;_nc_sid=8bfeb9&#038;_nc_ohc=z3R8OqoI6yEAX8gdj8Y&#038;_nc_ht=scontent.fuio15-1.fna&#038;oh=00_AfCdL0suYUSc8RtSTkAMN9DvfHp967vhdNtRZBvHhYjPUg&#038;oe=63B2EA9F\" \/><\/a><\/p>\n","protected":false},"author":1,"featured_media":2496,"comment_status":"open","ping_status":"open","sticky":false,"template":"","format":"standard","meta":[],"categories":[1],"tags":[65,24,202,880,839,743,445,34],"_links":{"self":[{"href":"https:\/\/bomberos.puyo.gob.ec\/2019\/wp-json\/wp\/v2\/posts\/2495"}],"collection":[{"href":"https:\/\/bomberos.puyo.gob.ec\/2019\/wp-json\/wp\/v2\/posts"}],"about":[{"href":"https:\/\/bomberos.puyo.gob.ec\/2019\/wp-json\/wp\/v2\/types\/post"}],"author":[{"embeddable":true,"href":"https:\/\/bomberos.puyo.gob.ec\/2019\/wp-json\/wp\/v2\/users\/1"}],"replies":[{"embeddable":true,"href":"https:\/\/bomberos.puyo.gob.ec\/2019\/wp-json\/wp\/v2\/comments?post=2495"}],"version-history":[{"count":1,"href":"https:\/\/bomberos.puyo.gob.ec\/2019\/wp-json\/wp\/v2\/posts\/2495\/revisions"}],"predecessor-version":[{"id":2497,"href":"https:\/\/bomberos.puyo.gob.ec\/2019\/wp-json\/wp\/v2\/posts\/2495\/revisions\/2497"}],"wp:featuredmedia":[{"embeddable":true,"href":"https:\/\/bomberos.puyo.gob.ec\/2019\/wp-json\/wp\/v2\/media\/2496"}],"wp:attachment":[{"href":"https:\/\/bomberos.puyo.gob.ec\/2019\/wp-json\/wp\/v2\/media?parent=2495"}],"wp:term":[{"taxonomy":"category","embeddable":true,"href":"https:\/\/bomberos.puyo.gob.ec\/2019\/wp-json\/wp\/v2\/categories?post=2495"},{"taxonomy":"post_tag","embeddable":true,"href":"https:\/\/bomberos.puyo.gob.ec\/2019\/wp-json\/wp\/v2\/tags?post=2495"}],"curies":[{"name":"wp","href":"https:\/\/api.w.org\/{rel}","templated":true}]}}