{"id":2492,"date":"2022-10-27T08:43:36","date_gmt":"2022-10-27T13:43:36","guid":{"rendered":"https:\/\/bomberos.puyo.gob.ec\/accidente-de-transito-10\/"},"modified":"2022-12-29T17:59:50","modified_gmt":"2022-12-29T22:59:50","slug":"accidente-de-transito-10","status":"publish","type":"post","link":"https:\/\/bomberos.puyo.gob.ec\/2019\/accidente-de-transito-10\/","title":{"rendered":"|ACCIDENTE DE TR\u00c1NSITO|&#8230;"},"content":{"rendered":"<p>|ACCIDENTE DE TR\u00c1NSITO|<\/p>\n<p>Por llamado del Ecu911, la unidad B3 se dirigi\u00f3 al barrio las Palmas (paso lateral), en el lugar se verifica accidente de tr\u00e1nsito que involucra a un veh\u00edculo, al parecer el conductor perdi\u00f3 pista y cay\u00f3 en una alcantarilla, afortunadamente a pocos metros de una gran quebrada, el conductor qued\u00f3 atrapado en el interior del veh\u00edculo raz\u00f3n por la cual se realiz\u00f3 la recuperaci\u00f3n del mismo con el uso de una wincha de la unidad B3, una vez recuperado el veh\u00edculo se extrae al conductor quien se encontraba sin lesiones pero con aparente (halitosis) aliento parecido al alcohol, al no existir da\u00f1os materiales ni v\u00edctimas se deja a cargo de Polic\u00eda Nacional.<\/p>\n<p><a href=\"https:\/\/bomberos.puyo.gob.ec\/2019\/wp-content\/uploads\/1672354788_483_ACCIDENTE-DE-TRANSITO.jpg\"><img decoding=\"async\" class=\"wp_automatic_fb_img\" title=\"\" src=\"https:\/\/bomberos.puyo.gob.ec\/2019\/wp-content\/uploads\/1672354788_483_ACCIDENTE-DE-TRANSITO.jpg\" \/><\/a><br \/><a href=\"https:\/\/bomberos.puyo.gob.ec\/2019\/wp-content\/uploads\/1672354788_236_ACCIDENTE-DE-TRANSITO.jpg\"><img decoding=\"async\" class=\"wp_automatic_fb_img\" title=\"\" src=\"https:\/\/bomberos.puyo.gob.ec\/2019\/wp-content\/uploads\/1672354788_236_ACCIDENTE-DE-TRANSITO.jpg\" \/><\/a><br \/><a href=\"https:\/\/bomberos.puyo.gob.ec\/2019\/wp-content\/uploads\/1672354789_459_ACCIDENTE-DE-TRANSITO.jpg\"><img decoding=\"async\" class=\"wp_automatic_fb_img\" title=\"\" src=\"https:\/\/bomberos.puyo.gob.ec\/2019\/wp-content\/uploads\/1672354789_459_ACCIDENTE-DE-TRANSITO.jpg\" \/><\/a><br \/>\n<br \/><a href=\"https:\/\/www.facebook.com\/465093860312824\/posts\/2340180042804187\">en facebook&#8230; <\/a>  <\/p>\n","protected":false},"excerpt":{"rendered":"<p>|ACCIDENTE DE TR\u00c1NSITO|<\/p>\n<p>Por llamado del Ecu911, la unidad B3 se dirigi\u00f3 al barrio las Palmas (paso lateral), en el lugar se verifica accidente de tr\u00e1nsito que involucra a un veh\u00edculo, al parecer el conductor perdi\u00f3 pista y cay\u00f3 en una alcantarilla, afortunadamente a pocos metros de una gran quebrada, el conductor qued\u00f3 atrapado en el interior del veh\u00edculo raz\u00f3n por la cual se realiz\u00f3 la recuperaci\u00f3n del mismo con el uso de una wincha de la unidad B3, una vez recuperado el veh\u00edculo se extrae al conductor quien se encontraba sin lesiones pero con aparente (halitosis) aliento parecido al alcohol, al no existir da\u00f1os materiales ni v\u00edctimas se deja a cargo de Polic\u00eda Nacional.<\/p>\n<p><a href=\"https:\/\/scontent.fuio15-1.fna.fbcdn.net\/v\/t39.30808-6\/313119346_2340179946137530_2991917538777895186_n.jpg?stp=cp6_dst-jpg&#038;_nc_cat=110&#038;ccb=1-7&#038;_nc_sid=8bfeb9&#038;_nc_ohc=nA4BO8kCzbsAX9hBRX8&#038;_nc_ht=scontent.fuio15-1.fna&#038;oh=00_AfA96f5U6ES8bLeHgSoONVBYCTy8Wx6AInAL1JzDU9GJeQ&#038;oe=63B3981B\"><img decoding=\"async\" class=\"wp_automatic_fb_img\" title=\"\" src=\"https:\/\/scontent.fuio15-1.fna.fbcdn.net\/v\/t39.30808-6\/313119346_2340179946137530_2991917538777895186_n.jpg?stp=cp6_dst-jpg&#038;_nc_cat=110&#038;ccb=1-7&#038;_nc_sid=8bfeb9&#038;_nc_ohc=nA4BO8kCzbsAX9hBRX8&#038;_nc_ht=scontent.fuio15-1.fna&#038;oh=00_AfA96f5U6ES8bLeHgSoONVBYCTy8Wx6AInAL1JzDU9GJeQ&#038;oe=63B3981B\" \/><\/a><br \/><a href=\"https:\/\/scontent.fuio15-1.fna.fbcdn.net\/v\/t39.30808-6\/313325790_2340179986137526_2922800229277469132_n.jpg?stp=cp6_dst-jpg&#038;_nc_cat=106&#038;ccb=1-7&#038;_nc_sid=8bfeb9&#038;_nc_ohc=8Irk1ty1aTwAX-SSJxr&#038;_nc_ht=scontent.fuio15-1.fna&#038;oh=00_AfCTblXnyW2P3F4dGBJTHBuXySSNNiffn-PBJ2zDoxJdVg&#038;oe=63B37E36\"><img decoding=\"async\" class=\"wp_automatic_fb_img\" title=\"\" src=\"https:\/\/scontent.fuio15-1.fna.fbcdn.net\/v\/t39.30808-6\/313325790_2340179986137526_2922800229277469132_n.jpg?stp=cp6_dst-jpg&#038;_nc_cat=106&#038;ccb=1-7&#038;_nc_sid=8bfeb9&#038;_nc_ohc=8Irk1ty1aTwAX-SSJxr&#038;_nc_ht=scontent.fuio15-1.fna&#038;oh=00_AfCTblXnyW2P3F4dGBJTHBuXySSNNiffn-PBJ2zDoxJdVg&#038;oe=63B37E36\" \/><\/a><br \/><a href=\"https:\/\/scontent.fuio15-1.fna.fbcdn.net\/v\/t39.30808-6\/312798165_2340179966137528_5707857954515398350_n.jpg?stp=cp6_dst-jpg&#038;_nc_cat=103&#038;ccb=1-7&#038;_nc_sid=8bfeb9&#038;_nc_ohc=O1BwpscAmLIAX84pUmK&#038;_nc_ht=scontent.fuio15-1.fna&#038;oh=00_AfC_RG-QbtD-nul6K6u2fjXUotINsjBQQzUG6JDEX9uJLA&#038;oe=63B2A3E4\"><img decoding=\"async\" class=\"wp_automatic_fb_img\" title=\"\" src=\"https:\/\/scontent.fuio15-1.fna.fbcdn.net\/v\/t39.30808-6\/312798165_2340179966137528_5707857954515398350_n.jpg?stp=cp6_dst-jpg&#038;_nc_cat=103&#038;ccb=1-7&#038;_nc_sid=8bfeb9&#038;_nc_ohc=O1BwpscAmLIAX84pUmK&#038;_nc_ht=scontent.fuio15-1.fna&#038;oh=00_AfC_RG-QbtD-nul6K6u2fjXUotINsjBQQzUG6JDEX9uJLA&#038;oe=63B2A3E4\" \/><\/a><\/p>\n","protected":false},"author":1,"featured_media":2493,"comment_status":"open","ping_status":"open","sticky":false,"template":"","format":"standard","meta":[],"categories":[1],"tags":[27,734],"_links":{"self":[{"href":"https:\/\/bomberos.puyo.gob.ec\/2019\/wp-json\/wp\/v2\/posts\/2492"}],"collection":[{"href":"https:\/\/bomberos.puyo.gob.ec\/2019\/wp-json\/wp\/v2\/posts"}],"about":[{"href":"https:\/\/bomberos.puyo.gob.ec\/2019\/wp-json\/wp\/v2\/types\/post"}],"author":[{"embeddable":true,"href":"https:\/\/bomberos.puyo.gob.ec\/2019\/wp-json\/wp\/v2\/users\/1"}],"replies":[{"embeddable":true,"href":"https:\/\/bomberos.puyo.gob.ec\/2019\/wp-json\/wp\/v2\/comments?post=2492"}],"version-history":[{"count":1,"href":"https:\/\/bomberos.puyo.gob.ec\/2019\/wp-json\/wp\/v2\/posts\/2492\/revisions"}],"predecessor-version":[{"id":2494,"href":"https:\/\/bomberos.puyo.gob.ec\/2019\/wp-json\/wp\/v2\/posts\/2492\/revisions\/2494"}],"wp:featuredmedia":[{"embeddable":true,"href":"https:\/\/bomberos.puyo.gob.ec\/2019\/wp-json\/wp\/v2\/media\/2493"}],"wp:attachment":[{"href":"https:\/\/bomberos.puyo.gob.ec\/2019\/wp-json\/wp\/v2\/media?parent=2492"}],"wp:term":[{"taxonomy":"category","embeddable":true,"href":"https:\/\/bomberos.puyo.gob.ec\/2019\/wp-json\/wp\/v2\/categories?post=2492"},{"taxonomy":"post_tag","embeddable":true,"href":"https:\/\/bomberos.puyo.gob.ec\/2019\/wp-json\/wp\/v2\/tags?post=2492"}],"curies":[{"name":"wp","href":"https:\/\/api.w.org\/{rel}","templated":true}]}}