{"id":2486,"date":"2022-11-01T12:25:36","date_gmt":"2022-11-01T17:25:36","guid":{"rendered":"https:\/\/bomberos.puyo.gob.ec\/emergencia-medica-por-llamado-del-ecu-911-la-unidad-a5-se-dirigio-a-una-em\/"},"modified":"2022-12-29T17:38:18","modified_gmt":"2022-12-29T22:38:18","slug":"emergencia-medica-por-llamado-del-ecu-911-la-unidad-a5-se-dirigio-a-una-em","status":"publish","type":"post","link":"https:\/\/bomberos.puyo.gob.ec\/2019\/emergencia-medica-por-llamado-del-ecu-911-la-unidad-a5-se-dirigio-a-una-em\/","title":{"rendered":"|EMERGENCIA M\u00c9DICA|\n Por llamado del ECU-911, la unidad A5 se dirigi\u00f3 a una em&#8230;"},"content":{"rendered":"<div><span><\/p>\n<p>|EMERGENCIA M\u00c9DICA|<\/p>\n<p> Por llamado del ECU-911, la unidad A5 se dirigi\u00f3 a una emergencia m\u00e9dica en el sector del Paico, una vez en el lugar se atiende a un paciente de nombre: T. R. de 14 a\u00f1os de edad quien presenta un trauma lumbar por lo que es trasladado hacia el Hospital General de Puyo en condici\u00f3n estable.<\/p>\n<p><\/span><\/div>\n<p><a href=\"https:\/\/facebook.com\/story.php?story_fbid=pfbid02GYiGnssKSRzcZA9jB65KNT6YXcp3cYst4VkHAKjewpiwQ5crdodvPQk1oTGLUQ9Vl&amp;id=465093860312824&amp;eav=AfbzOfgDV3r8il1s7AxZmY0tjxQcMRdNA14kwUSE9VSunfUZB9CAxMwM5vZftP-n1Kg&amp;viewer=465093860312824&amp;m_entstream_source=timeline&amp;__tn__=%2As%2As-R&amp;paipv=1\" aria-label=\"Abrir historia\" class=\"_5msj\"><\/a><\/p>\n<p><a href=\"https:\/\/bomberos.puyo.gob.ec\/2019\/wp-content\/uploads\/EMERGENCIA-MEDICA-Por-llamado-del-ECU-911-la-unidad-A5-se.jpg\"><img decoding=\"async\" class=\"wp_automatic_fb_img\" title=\"\" src=\"https:\/\/bomberos.puyo.gob.ec\/2019\/wp-content\/uploads\/EMERGENCIA-MEDICA-Por-llamado-del-ECU-911-la-unidad-A5-se.jpg\" \/><\/a><br \/>\n<br \/><a href=\"https:\/\/www.facebook.com\/465093860312824\/posts\/2344604829028375\">en facebook&#8230; <\/a>  <\/p>\n","protected":false},"excerpt":{"rendered":"<div><span><\/p>\n<p>|EMERGENCIA M\u00c9DICA|<\/p>\n<p> Por llamado del ECU-911, la unidad A5 se dirigi\u00f3 a una emergencia m\u00e9dica en el sector del Paico, una vez en el lugar se atiende a un paciente de nombre: T. R. de 14 a\u00f1os de edad quien presenta un trauma lumbar por lo que es trasladado hacia el Hospital General de Puyo en condici\u00f3n estable.<\/p>\n<p><\/span><\/div>\n<p><a href=\"https:\/\/facebook.com\/story.php?story_fbid=pfbid02GYiGnssKSRzcZA9jB65KNT6YXcp3cYst4VkHAKjewpiwQ5crdodvPQk1oTGLUQ9Vl&amp;id=465093860312824&amp;eav=AfbzOfgDV3r8il1s7AxZmY0tjxQcMRdNA14kwUSE9VSunfUZB9CAxMwM5vZftP-n1Kg&amp;viewer=465093860312824&amp;m_entstream_source=timeline&amp;__tn__=%2As%2As-R&amp;paipv=1\" aria-label=\"Abrir historia\" class=\"_5msj\"><\/a><\/p>\n<p><a href=\"https:\/\/scontent.fuio15-1.fna.fbcdn.net\/v\/t39.30808-6\/313917310_2344604759028382_4794585232175669527_n.jpg?stp=cp6_dst-jpg_s640x640&#038;_nc_cat=106&#038;ccb=1-7&#038;_nc_sid=8bfeb9&#038;_nc_ohc=ZiRHHnisFBQAX_92zbp&#038;_nc_ht=scontent.fuio15-1.fna&#038;oh=00_AfDQU8buP3YTi8ql3hSnmTyAUqo6YMkqxY4rBng_sTWWvg&#038;oe=63B27CFA\"><img decoding=\"async\" class=\"wp_automatic_fb_img\" title=\"\" src=\"https:\/\/scontent.fuio15-1.fna.fbcdn.net\/v\/t39.30808-6\/313917310_2344604759028382_4794585232175669527_n.jpg?stp=cp6_dst-jpg_s640x640&#038;_nc_cat=106&#038;ccb=1-7&#038;_nc_sid=8bfeb9&#038;_nc_ohc=ZiRHHnisFBQAX_92zbp&#038;_nc_ht=scontent.fuio15-1.fna&#038;oh=00_AfDQU8buP3YTi8ql3hSnmTyAUqo6YMkqxY4rBng_sTWWvg&#038;oe=63B27CFA\" \/><\/a><\/p>\n","protected":false},"author":1,"featured_media":2487,"comment_status":"open","ping_status":"open","sticky":false,"template":"","format":"standard","meta":[],"categories":[1],"tags":[32,722,69,875,182,31,251,30,119,41],"_links":{"self":[{"href":"https:\/\/bomberos.puyo.gob.ec\/2019\/wp-json\/wp\/v2\/posts\/2486"}],"collection":[{"href":"https:\/\/bomberos.puyo.gob.ec\/2019\/wp-json\/wp\/v2\/posts"}],"about":[{"href":"https:\/\/bomberos.puyo.gob.ec\/2019\/wp-json\/wp\/v2\/types\/post"}],"author":[{"embeddable":true,"href":"https:\/\/bomberos.puyo.gob.ec\/2019\/wp-json\/wp\/v2\/users\/1"}],"replies":[{"embeddable":true,"href":"https:\/\/bomberos.puyo.gob.ec\/2019\/wp-json\/wp\/v2\/comments?post=2486"}],"version-history":[{"count":1,"href":"https:\/\/bomberos.puyo.gob.ec\/2019\/wp-json\/wp\/v2\/posts\/2486\/revisions"}],"predecessor-version":[{"id":2488,"href":"https:\/\/bomberos.puyo.gob.ec\/2019\/wp-json\/wp\/v2\/posts\/2486\/revisions\/2488"}],"wp:featuredmedia":[{"embeddable":true,"href":"https:\/\/bomberos.puyo.gob.ec\/2019\/wp-json\/wp\/v2\/media\/2487"}],"wp:attachment":[{"href":"https:\/\/bomberos.puyo.gob.ec\/2019\/wp-json\/wp\/v2\/media?parent=2486"}],"wp:term":[{"taxonomy":"category","embeddable":true,"href":"https:\/\/bomberos.puyo.gob.ec\/2019\/wp-json\/wp\/v2\/categories?post=2486"},{"taxonomy":"post_tag","embeddable":true,"href":"https:\/\/bomberos.puyo.gob.ec\/2019\/wp-json\/wp\/v2\/tags?post=2486"}],"curies":[{"name":"wp","href":"https:\/\/api.w.org\/{rel}","templated":true}]}}