{"id":2483,"date":"2022-11-03T09:38:29","date_gmt":"2022-11-03T14:38:29","guid":{"rendered":"https:\/\/bomberos.puyo.gob.ec\/accidente-de-transito-9\/"},"modified":"2022-12-29T17:31:35","modified_gmt":"2022-12-29T22:31:35","slug":"accidente-de-transito-9","status":"publish","type":"post","link":"https:\/\/bomberos.puyo.gob.ec\/2019\/accidente-de-transito-9\/","title":{"rendered":"|ACCIDENTE DE TR\u00c1NSITO|&#8230;"},"content":{"rendered":"<p>|ACCIDENTE DE TR\u00c1NSITO| <\/p>\n<p>\ud83d\ude92\ud83d\udc68\u200d\ud83d\ude92 El d\u00eda de hoy en horas de la madrugada nuestro personal de guardia acudio a un accidente de tr\u00e1nsito en la v\u00eda puyo Shell &#8211; sector La Primavera, donde se realiz\u00f3 operaciones de rescate Vehicular con herramientas hidr\u00e1ulicas para extraer un cuerpo sin signos vitales que se encontraba atrapada en el interior de un veh\u00edculo liviano color negro de marca chevrolet vitara.<\/p>\n<p><a href=\"https:\/\/bomberos.puyo.gob.ec\/2019\/wp-content\/uploads\/1672353092_528_ACCIDENTE-DE-TRANSITO.jpg\"><img decoding=\"async\" class=\"wp_automatic_fb_img\" title=\"\" src=\"https:\/\/bomberos.puyo.gob.ec\/2019\/wp-content\/uploads\/1672353092_528_ACCIDENTE-DE-TRANSITO.jpg\" \/><\/a><br \/><a href=\"https:\/\/bomberos.puyo.gob.ec\/2019\/wp-content\/uploads\/1672353093_722_ACCIDENTE-DE-TRANSITO.jpg\"><img decoding=\"async\" class=\"wp_automatic_fb_img\" title=\"\" src=\"https:\/\/bomberos.puyo.gob.ec\/2019\/wp-content\/uploads\/1672353093_722_ACCIDENTE-DE-TRANSITO.jpg\" \/><\/a><br \/><a href=\"https:\/\/bomberos.puyo.gob.ec\/2019\/wp-content\/uploads\/1672353093_789_ACCIDENTE-DE-TRANSITO.jpg\"><img decoding=\"async\" class=\"wp_automatic_fb_img\" title=\"\" src=\"https:\/\/bomberos.puyo.gob.ec\/2019\/wp-content\/uploads\/1672353093_789_ACCIDENTE-DE-TRANSITO.jpg\" \/><\/a><br \/><a href=\"https:\/\/bomberos.puyo.gob.ec\/2019\/wp-content\/uploads\/1672353093_319_ACCIDENTE-DE-TRANSITO.jpg\"><img decoding=\"async\" class=\"wp_automatic_fb_img\" title=\"\" src=\"https:\/\/bomberos.puyo.gob.ec\/2019\/wp-content\/uploads\/1672353093_319_ACCIDENTE-DE-TRANSITO.jpg\" \/><\/a><br \/>\n<br \/><a href=\"https:\/\/www.facebook.com\/465093860312824\/posts\/2346089302213261\">en facebook&#8230; <\/a>  <\/p>\n","protected":false},"excerpt":{"rendered":"<p>|ACCIDENTE DE TR\u00c1NSITO| <\/p>\n<p>\ud83d\ude92\ud83d\udc68\u200d\ud83d\ude92 El d\u00eda de hoy en horas de la madrugada nuestro personal de guardia acudio a un accidente de tr\u00e1nsito en la v\u00eda puyo Shell &#8211; sector La Primavera, donde se realiz\u00f3 operaciones de rescate Vehicular con herramientas hidr\u00e1ulicas para extraer un cuerpo sin signos vitales que se encontraba atrapada en el interior de un veh\u00edculo liviano color negro de marca chevrolet vitara.<\/p>\n<p><a href=\"https:\/\/scontent.fuio15-1.fna.fbcdn.net\/v\/t39.30808-6\/314318680_2346089218879936_7796463473439316986_n.jpg?stp=cp6_dst-jpg&#038;_nc_cat=102&#038;ccb=1-7&#038;_nc_sid=8bfeb9&#038;_nc_ohc=Kbz6lrF7TS0AX82bv0h&#038;_nc_ht=scontent.fuio15-1.fna&#038;oh=00_AfC22lFlS-ExMU9GgFfP0iL2Ui2Hcw8QE6iJ6EolxUgKGQ&#038;oe=63B27F6A\"><img decoding=\"async\" class=\"wp_automatic_fb_img\" title=\"\" src=\"https:\/\/scontent.fuio15-1.fna.fbcdn.net\/v\/t39.30808-6\/314318680_2346089218879936_7796463473439316986_n.jpg?stp=cp6_dst-jpg&#038;_nc_cat=102&#038;ccb=1-7&#038;_nc_sid=8bfeb9&#038;_nc_ohc=Kbz6lrF7TS0AX82bv0h&#038;_nc_ht=scontent.fuio15-1.fna&#038;oh=00_AfC22lFlS-ExMU9GgFfP0iL2Ui2Hcw8QE6iJ6EolxUgKGQ&#038;oe=63B27F6A\" \/><\/a><br \/><a href=\"https:\/\/scontent.fuio15-1.fna.fbcdn.net\/v\/t39.30808-6\/314362192_2346089205546604_4098015558141448407_n.jpg?stp=cp6_dst-jpg&#038;_nc_cat=111&#038;ccb=1-7&#038;_nc_sid=8bfeb9&#038;_nc_ohc=NYEPqkm_bMgAX_MsGVD&#038;_nc_ht=scontent.fuio15-1.fna&#038;oh=00_AfCKfesSRSbWHOOBAfnxMe5fGwQrfFVomQbSWsfIKzczkg&#038;oe=63B34F94\"><img decoding=\"async\" class=\"wp_automatic_fb_img\" title=\"\" src=\"https:\/\/scontent.fuio15-1.fna.fbcdn.net\/v\/t39.30808-6\/314362192_2346089205546604_4098015558141448407_n.jpg?stp=cp6_dst-jpg&#038;_nc_cat=111&#038;ccb=1-7&#038;_nc_sid=8bfeb9&#038;_nc_ohc=NYEPqkm_bMgAX_MsGVD&#038;_nc_ht=scontent.fuio15-1.fna&#038;oh=00_AfCKfesSRSbWHOOBAfnxMe5fGwQrfFVomQbSWsfIKzczkg&#038;oe=63B34F94\" \/><\/a><br \/><a href=\"https:\/\/scontent.fuio15-1.fna.fbcdn.net\/v\/t39.30808-6\/314370125_2346089215546603_3720446484339887178_n.jpg?stp=cp6_dst-jpg&#038;_nc_cat=103&#038;ccb=1-7&#038;_nc_sid=8bfeb9&#038;_nc_ohc=_q5EFuEqcsUAX8T4Ips&#038;_nc_ht=scontent.fuio15-1.fna&#038;oh=00_AfASSylBNAb_KjRS9zXsxJyPLRlLvz1eJz8wWbdLbccokQ&#038;oe=63B380D4\"><img decoding=\"async\" class=\"wp_automatic_fb_img\" title=\"\" src=\"https:\/\/scontent.fuio15-1.fna.fbcdn.net\/v\/t39.30808-6\/314370125_2346089215546603_3720446484339887178_n.jpg?stp=cp6_dst-jpg&#038;_nc_cat=103&#038;ccb=1-7&#038;_nc_sid=8bfeb9&#038;_nc_ohc=_q5EFuEqcsUAX8T4Ips&#038;_nc_ht=scontent.fuio15-1.fna&#038;oh=00_AfASSylBNAb_KjRS9zXsxJyPLRlLvz1eJz8wWbdLbccokQ&#038;oe=63B380D4\" \/><\/a><br \/><a href=\"https:\/\/scontent.fuio15-1.fna.fbcdn.net\/v\/t39.30808-6\/314350085_2346089228879935_5020983750334034649_n.jpg?stp=cp6_dst-jpg&#038;_nc_cat=108&#038;ccb=1-7&#038;_nc_sid=8bfeb9&#038;_nc_ohc=SPkve2jESCsAX_Ovzds&#038;_nc_ht=scontent.fuio15-1.fna&#038;oh=00_AfBFki2uRFUzdxoHDkg3iqnvlYwrL0NzogqY7W9lGweq6g&#038;oe=63B2C927\"><img decoding=\"async\" class=\"wp_automatic_fb_img\" title=\"\" src=\"https:\/\/scontent.fuio15-1.fna.fbcdn.net\/v\/t39.30808-6\/314350085_2346089228879935_5020983750334034649_n.jpg?stp=cp6_dst-jpg&#038;_nc_cat=108&#038;ccb=1-7&#038;_nc_sid=8bfeb9&#038;_nc_ohc=SPkve2jESCsAX_Ovzds&#038;_nc_ht=scontent.fuio15-1.fna&#038;oh=00_AfBFki2uRFUzdxoHDkg3iqnvlYwrL0NzogqY7W9lGweq6g&#038;oe=63B2C927\" \/><\/a><\/p>\n","protected":false},"author":1,"featured_media":2484,"comment_status":"open","ping_status":"open","sticky":false,"template":"","format":"standard","meta":[],"categories":[1],"tags":[27,734],"_links":{"self":[{"href":"https:\/\/bomberos.puyo.gob.ec\/2019\/wp-json\/wp\/v2\/posts\/2483"}],"collection":[{"href":"https:\/\/bomberos.puyo.gob.ec\/2019\/wp-json\/wp\/v2\/posts"}],"about":[{"href":"https:\/\/bomberos.puyo.gob.ec\/2019\/wp-json\/wp\/v2\/types\/post"}],"author":[{"embeddable":true,"href":"https:\/\/bomberos.puyo.gob.ec\/2019\/wp-json\/wp\/v2\/users\/1"}],"replies":[{"embeddable":true,"href":"https:\/\/bomberos.puyo.gob.ec\/2019\/wp-json\/wp\/v2\/comments?post=2483"}],"version-history":[{"count":1,"href":"https:\/\/bomberos.puyo.gob.ec\/2019\/wp-json\/wp\/v2\/posts\/2483\/revisions"}],"predecessor-version":[{"id":2485,"href":"https:\/\/bomberos.puyo.gob.ec\/2019\/wp-json\/wp\/v2\/posts\/2483\/revisions\/2485"}],"wp:featuredmedia":[{"embeddable":true,"href":"https:\/\/bomberos.puyo.gob.ec\/2019\/wp-json\/wp\/v2\/media\/2484"}],"wp:attachment":[{"href":"https:\/\/bomberos.puyo.gob.ec\/2019\/wp-json\/wp\/v2\/media?parent=2483"}],"wp:term":[{"taxonomy":"category","embeddable":true,"href":"https:\/\/bomberos.puyo.gob.ec\/2019\/wp-json\/wp\/v2\/categories?post=2483"},{"taxonomy":"post_tag","embeddable":true,"href":"https:\/\/bomberos.puyo.gob.ec\/2019\/wp-json\/wp\/v2\/tags?post=2483"}],"curies":[{"name":"wp","href":"https:\/\/api.w.org\/{rel}","templated":true}]}}