{"id":2477,"date":"2022-11-05T16:55:27","date_gmt":"2022-11-05T21:55:27","guid":{"rendered":"https:\/\/bomberos.puyo.gob.ec\/operativo-por-las-fiestas-de-la-provincia-y-finados\/"},"modified":"2022-12-29T17:16:29","modified_gmt":"2022-12-29T22:16:29","slug":"operativo-por-las-fiestas-de-la-provincia-y-finados","status":"publish","type":"post","link":"https:\/\/bomberos.puyo.gob.ec\/2019\/operativo-por-las-fiestas-de-la-provincia-y-finados\/","title":{"rendered":"|OPERATIVO POR LAS FIESTAS DE LA PROVINCIA Y FINADOS|&#8230;"},"content":{"rendered":"<p>|OPERATIVO POR LAS FIESTAS DE LA PROVINCIA Y FINADOS|<\/p>\n<p>Nuestra instituci\u00f3n a trav\u00e9s de su personal operativo y acorde a sus funciones institucionales brinda seguridad en atenci\u00f3n pre Hospitalaria, control de incendios y rescate acu\u00e1tico en los diferentes puntos de concentraci\u00f3n masiva (eventos art\u00edsticos, deportivos, culturales, etc.) organizados por las fiestas de provincializaci\u00f3n y por el feriado del d\u00eda de los difuntos.<\/p>\n<p><a href=\"https:\/\/bomberos.puyo.gob.ec\/2019\/wp-content\/uploads\/OPERATIVO-POR-LAS-FIESTAS-DE-LA-PROVINCIA-Y-FINADOS.jpg\"><img decoding=\"async\" class=\"wp_automatic_fb_img\" title=\"\" src=\"https:\/\/bomberos.puyo.gob.ec\/2019\/wp-content\/uploads\/OPERATIVO-POR-LAS-FIESTAS-DE-LA-PROVINCIA-Y-FINADOS.jpg\" \/><\/a><br \/><a href=\"https:\/\/bomberos.puyo.gob.ec\/2019\/wp-content\/uploads\/1672352187_939_OPERATIVO-POR-LAS-FIESTAS-DE-LA-PROVINCIA-Y-FINADOS.jpg\"><img decoding=\"async\" class=\"wp_automatic_fb_img\" title=\"\" src=\"https:\/\/bomberos.puyo.gob.ec\/2019\/wp-content\/uploads\/1672352187_939_OPERATIVO-POR-LAS-FIESTAS-DE-LA-PROVINCIA-Y-FINADOS.jpg\" \/><\/a><br \/><a href=\"https:\/\/bomberos.puyo.gob.ec\/2019\/wp-content\/uploads\/1672352187_196_OPERATIVO-POR-LAS-FIESTAS-DE-LA-PROVINCIA-Y-FINADOS.jpg\"><img decoding=\"async\" class=\"wp_automatic_fb_img\" title=\"\" src=\"https:\/\/bomberos.puyo.gob.ec\/2019\/wp-content\/uploads\/1672352187_196_OPERATIVO-POR-LAS-FIESTAS-DE-LA-PROVINCIA-Y-FINADOS.jpg\" \/><\/a><br \/><a href=\"https:\/\/bomberos.puyo.gob.ec\/2019\/wp-content\/uploads\/1672352188_494_OPERATIVO-POR-LAS-FIESTAS-DE-LA-PROVINCIA-Y-FINADOS.jpg\"><img decoding=\"async\" class=\"wp_automatic_fb_img\" title=\"\" src=\"https:\/\/bomberos.puyo.gob.ec\/2019\/wp-content\/uploads\/1672352188_494_OPERATIVO-POR-LAS-FIESTAS-DE-LA-PROVINCIA-Y-FINADOS.jpg\" \/><\/a><br \/>\n<br \/><a href=\"https:\/\/www.facebook.com\/465093860312824\/posts\/2347979888690869\">en facebook&#8230; <\/a>  <\/p>\n","protected":false},"excerpt":{"rendered":"<p>|OPERATIVO POR LAS FIESTAS DE LA PROVINCIA Y FINADOS|<\/p>\n<p>Nuestra instituci\u00f3n a trav\u00e9s de su personal operativo y acorde a sus funciones institucionales brinda seguridad en atenci\u00f3n pre Hospitalaria, control de incendios y rescate acu\u00e1tico en los diferentes puntos de concentraci\u00f3n masiva (eventos art\u00edsticos, deportivos, culturales, etc.) organizados por las fiestas de provincializaci\u00f3n y por el feriado del d\u00eda de los difuntos.<\/p>\n<p><a href=\"https:\/\/scontent.fuio15-1.fna.fbcdn.net\/v\/t39.30808-6\/314603367_2347979792024212_7037779280508187548_n.jpg?stp=cp6_dst-jpg&#038;_nc_cat=107&#038;ccb=1-7&#038;_nc_sid=8bfeb9&#038;_nc_ohc=2dcf_4RE1koAX_OfGGs&#038;_nc_ht=scontent.fuio15-1.fna&#038;oh=00_AfCt3RaRNalI42s7se38l1TLSEKfJBxcS-_WQjyOpdd6Lg&#038;oe=63B22290\"><img decoding=\"async\" class=\"wp_automatic_fb_img\" title=\"\" src=\"https:\/\/scontent.fuio15-1.fna.fbcdn.net\/v\/t39.30808-6\/314603367_2347979792024212_7037779280508187548_n.jpg?stp=cp6_dst-jpg&#038;_nc_cat=107&#038;ccb=1-7&#038;_nc_sid=8bfeb9&#038;_nc_ohc=2dcf_4RE1koAX_OfGGs&#038;_nc_ht=scontent.fuio15-1.fna&#038;oh=00_AfCt3RaRNalI42s7se38l1TLSEKfJBxcS-_WQjyOpdd6Lg&#038;oe=63B22290\" \/><\/a><br \/><a href=\"https:\/\/scontent.fuio15-1.fna.fbcdn.net\/v\/t39.30808-6\/314608705_2347979825357542_918721308746340542_n.jpg?stp=cp6_dst-jpg&#038;_nc_cat=102&#038;ccb=1-7&#038;_nc_sid=8bfeb9&#038;_nc_ohc=ZYcjRB4k7e4AX-ANxT-&#038;_nc_ht=scontent.fuio15-1.fna&#038;oh=00_AfDp-7Ym6wU4Lo-oCxPxIZSeTpvFxnDQVrbP1vVJey07Ew&#038;oe=63B3D3BA\"><img decoding=\"async\" class=\"wp_automatic_fb_img\" title=\"\" src=\"https:\/\/scontent.fuio15-1.fna.fbcdn.net\/v\/t39.30808-6\/314608705_2347979825357542_918721308746340542_n.jpg?stp=cp6_dst-jpg&#038;_nc_cat=102&#038;ccb=1-7&#038;_nc_sid=8bfeb9&#038;_nc_ohc=ZYcjRB4k7e4AX-ANxT-&#038;_nc_ht=scontent.fuio15-1.fna&#038;oh=00_AfDp-7Ym6wU4Lo-oCxPxIZSeTpvFxnDQVrbP1vVJey07Ew&#038;oe=63B3D3BA\" \/><\/a><br \/><a href=\"https:\/\/scontent.fuio15-1.fna.fbcdn.net\/v\/t39.30808-6\/314662002_2347979812024210_7736132310754707124_n.jpg?stp=cp6_dst-jpg&#038;_nc_cat=106&#038;ccb=1-7&#038;_nc_sid=8bfeb9&#038;_nc_ohc=JtAGEzNnMLEAX9alGo8&#038;_nc_ht=scontent.fuio15-1.fna&#038;oh=00_AfD1Z4fG9l-1mfeoojIsS67fKyI1SfvbCZTGWx9s-vMeSg&#038;oe=63B310C0\"><img decoding=\"async\" class=\"wp_automatic_fb_img\" title=\"\" src=\"https:\/\/scontent.fuio15-1.fna.fbcdn.net\/v\/t39.30808-6\/314662002_2347979812024210_7736132310754707124_n.jpg?stp=cp6_dst-jpg&#038;_nc_cat=106&#038;ccb=1-7&#038;_nc_sid=8bfeb9&#038;_nc_ohc=JtAGEzNnMLEAX9alGo8&#038;_nc_ht=scontent.fuio15-1.fna&#038;oh=00_AfD1Z4fG9l-1mfeoojIsS67fKyI1SfvbCZTGWx9s-vMeSg&#038;oe=63B310C0\" \/><\/a><br \/><a href=\"https:\/\/scontent.fuio15-1.fna.fbcdn.net\/v\/t39.30808-6\/314864139_2347979808690877_4431770696815476118_n.jpg?stp=cp6_dst-jpg&#038;_nc_cat=101&#038;ccb=1-7&#038;_nc_sid=8bfeb9&#038;_nc_ohc=aJMpF7aZFMsAX8Wv7Yc&#038;_nc_ht=scontent.fuio15-1.fna&#038;oh=00_AfDoTZuCMpljKVZ3VuPIWDfCCqPldErqslGpToEWBl8EMw&#038;oe=63B2073A\"><img decoding=\"async\" class=\"wp_automatic_fb_img\" title=\"\" src=\"https:\/\/scontent.fuio15-1.fna.fbcdn.net\/v\/t39.30808-6\/314864139_2347979808690877_4431770696815476118_n.jpg?stp=cp6_dst-jpg&#038;_nc_cat=101&#038;ccb=1-7&#038;_nc_sid=8bfeb9&#038;_nc_ohc=aJMpF7aZFMsAX8Wv7Yc&#038;_nc_ht=scontent.fuio15-1.fna&#038;oh=00_AfDoTZuCMpljKVZ3VuPIWDfCCqPldErqslGpToEWBl8EMw&#038;oe=63B2073A\" \/><\/a><\/p>\n","protected":false},"author":1,"featured_media":2478,"comment_status":"open","ping_status":"open","sticky":false,"template":"","format":"standard","meta":[],"categories":[1],"tags":[874,232,22,494,30,570],"_links":{"self":[{"href":"https:\/\/bomberos.puyo.gob.ec\/2019\/wp-json\/wp\/v2\/posts\/2477"}],"collection":[{"href":"https:\/\/bomberos.puyo.gob.ec\/2019\/wp-json\/wp\/v2\/posts"}],"about":[{"href":"https:\/\/bomberos.puyo.gob.ec\/2019\/wp-json\/wp\/v2\/types\/post"}],"author":[{"embeddable":true,"href":"https:\/\/bomberos.puyo.gob.ec\/2019\/wp-json\/wp\/v2\/users\/1"}],"replies":[{"embeddable":true,"href":"https:\/\/bomberos.puyo.gob.ec\/2019\/wp-json\/wp\/v2\/comments?post=2477"}],"version-history":[{"count":1,"href":"https:\/\/bomberos.puyo.gob.ec\/2019\/wp-json\/wp\/v2\/posts\/2477\/revisions"}],"predecessor-version":[{"id":2479,"href":"https:\/\/bomberos.puyo.gob.ec\/2019\/wp-json\/wp\/v2\/posts\/2477\/revisions\/2479"}],"wp:featuredmedia":[{"embeddable":true,"href":"https:\/\/bomberos.puyo.gob.ec\/2019\/wp-json\/wp\/v2\/media\/2478"}],"wp:attachment":[{"href":"https:\/\/bomberos.puyo.gob.ec\/2019\/wp-json\/wp\/v2\/media?parent=2477"}],"wp:term":[{"taxonomy":"category","embeddable":true,"href":"https:\/\/bomberos.puyo.gob.ec\/2019\/wp-json\/wp\/v2\/categories?post=2477"},{"taxonomy":"post_tag","embeddable":true,"href":"https:\/\/bomberos.puyo.gob.ec\/2019\/wp-json\/wp\/v2\/tags?post=2477"}],"curies":[{"name":"wp","href":"https:\/\/api.w.org\/{rel}","templated":true}]}}