{"id":2459,"date":"2022-11-10T15:00:06","date_gmt":"2022-11-10T20:00:06","guid":{"rendered":"https:\/\/bomberos.puyo.gob.ec\/operativo-en-el-desfile-civico-el-personal-del-cuerpo-de-bomberos-de-pastaz\/"},"modified":"2022-12-29T16:52:02","modified_gmt":"2022-12-29T21:52:02","slug":"operativo-en-el-desfile-civico-el-personal-del-cuerpo-de-bomberos-de-pastaz","status":"publish","type":"post","link":"https:\/\/bomberos.puyo.gob.ec\/2019\/operativo-en-el-desfile-civico-el-personal-del-cuerpo-de-bomberos-de-pastaz\/","title":{"rendered":"|OPERATIVO EN EL DESFILE C\u00cdVICO|\n El personal del Cuerpo de Bomberos de Pastaz&#8230;"},"content":{"rendered":"<div><span><\/p>\n<p>|OPERATIVO EN EL DESFILE C\u00cdVICO|<\/p>\n<p> El personal del Cuerpo de Bomberos de Pastaza brinda seguridad en el desfile c\u00edvico por las calles de la ciudad por motivo de los 63 a\u00f1os de provincializaci\u00f3n de Pastaza.<\/p>\n<p><\/span><\/div>\n<p><a href=\"https:\/\/facebook.com\/story.php?story_fbid=pfbid022W7aTBJNjPd2NbEpvqcdbx9LE4m3j7ijJpeoA5vdACA9NyfaMLWaMQ88q6YMsjQUl&amp;id=465093860312824&amp;eav=AfaLENBg2iUeHQgcMAX_BjeEVdedpGMJ05UX1UYiKI9GgiMKTvTwR44zVeVvPtPe1Jw&amp;viewer=465093860312824&amp;m_entstream_source=timeline&amp;__tn__=%2As%2As-R&amp;paipv=1\" aria-label=\"Abrir historia\" class=\"_5msj\"><\/a><\/p>\n<p><a href=\"https:\/\/bomberos.puyo.gob.ec\/2019\/wp-content\/uploads\/OPERATIVO-EN-EL-DESFILE-CIVICO-El-personal-del-Cuerpo-de.jpg\"><img decoding=\"async\" class=\"wp_automatic_fb_img\" title=\"\" src=\"https:\/\/bomberos.puyo.gob.ec\/2019\/wp-content\/uploads\/OPERATIVO-EN-EL-DESFILE-CIVICO-El-personal-del-Cuerpo-de.jpg\" \/><\/a><br \/>\n<br \/><a href=\"https:\/\/www.facebook.com\/465093860312824\/posts\/2352272311594960\">en facebook&#8230; <\/a>  <\/p>\n","protected":false},"excerpt":{"rendered":"<div><span><\/p>\n<p>|OPERATIVO EN EL DESFILE C\u00cdVICO|<\/p>\n<p> El personal del Cuerpo de Bomberos de Pastaza brinda seguridad en el desfile c\u00edvico por las calles de la ciudad por motivo de los 63 a\u00f1os de provincializaci\u00f3n de Pastaza.<\/p>\n<p><\/span><\/div>\n<p><a href=\"https:\/\/facebook.com\/story.php?story_fbid=pfbid022W7aTBJNjPd2NbEpvqcdbx9LE4m3j7ijJpeoA5vdACA9NyfaMLWaMQ88q6YMsjQUl&amp;id=465093860312824&amp;eav=AfaLENBg2iUeHQgcMAX_BjeEVdedpGMJ05UX1UYiKI9GgiMKTvTwR44zVeVvPtPe1Jw&amp;viewer=465093860312824&amp;m_entstream_source=timeline&amp;__tn__=%2As%2As-R&amp;paipv=1\" aria-label=\"Abrir historia\" class=\"_5msj\"><\/a><\/p>\n<p><a href=\"https:\/\/scontent.fuio15-1.fna.fbcdn.net\/v\/t39.30808-6\/315115532_2352272288261629_6178917622869704653_n.jpg?stp=cp6_dst-jpg_s720x720&#038;_nc_cat=107&#038;ccb=1-7&#038;_nc_sid=8bfeb9&#038;_nc_ohc=KnINRsN7QCsAX8LRzpB&#038;_nc_ht=scontent.fuio15-1.fna&#038;oh=00_AfCUo7pZPzGmvVkSCIYS-h8-Xm3ElPzyb50v3jpkIR2-Dw&#038;oe=63B23B3B\"><img decoding=\"async\" class=\"wp_automatic_fb_img\" title=\"\" src=\"https:\/\/scontent.fuio15-1.fna.fbcdn.net\/v\/t39.30808-6\/315115532_2352272288261629_6178917622869704653_n.jpg?stp=cp6_dst-jpg_s720x720&#038;_nc_cat=107&#038;ccb=1-7&#038;_nc_sid=8bfeb9&#038;_nc_ohc=KnINRsN7QCsAX8LRzpB&#038;_nc_ht=scontent.fuio15-1.fna&#038;oh=00_AfCUo7pZPzGmvVkSCIYS-h8-Xm3ElPzyb50v3jpkIR2-Dw&#038;oe=63B23B3B\" \/><\/a><\/p>\n","protected":false},"author":1,"featured_media":2460,"comment_status":"open","ping_status":"open","sticky":false,"template":"","format":"standard","meta":[],"categories":[1],"tags":[73,872,64,32,871,494,298,34],"_links":{"self":[{"href":"https:\/\/bomberos.puyo.gob.ec\/2019\/wp-json\/wp\/v2\/posts\/2459"}],"collection":[{"href":"https:\/\/bomberos.puyo.gob.ec\/2019\/wp-json\/wp\/v2\/posts"}],"about":[{"href":"https:\/\/bomberos.puyo.gob.ec\/2019\/wp-json\/wp\/v2\/types\/post"}],"author":[{"embeddable":true,"href":"https:\/\/bomberos.puyo.gob.ec\/2019\/wp-json\/wp\/v2\/users\/1"}],"replies":[{"embeddable":true,"href":"https:\/\/bomberos.puyo.gob.ec\/2019\/wp-json\/wp\/v2\/comments?post=2459"}],"version-history":[{"count":1,"href":"https:\/\/bomberos.puyo.gob.ec\/2019\/wp-json\/wp\/v2\/posts\/2459\/revisions"}],"predecessor-version":[{"id":2461,"href":"https:\/\/bomberos.puyo.gob.ec\/2019\/wp-json\/wp\/v2\/posts\/2459\/revisions\/2461"}],"wp:featuredmedia":[{"embeddable":true,"href":"https:\/\/bomberos.puyo.gob.ec\/2019\/wp-json\/wp\/v2\/media\/2460"}],"wp:attachment":[{"href":"https:\/\/bomberos.puyo.gob.ec\/2019\/wp-json\/wp\/v2\/media?parent=2459"}],"wp:term":[{"taxonomy":"category","embeddable":true,"href":"https:\/\/bomberos.puyo.gob.ec\/2019\/wp-json\/wp\/v2\/categories?post=2459"},{"taxonomy":"post_tag","embeddable":true,"href":"https:\/\/bomberos.puyo.gob.ec\/2019\/wp-json\/wp\/v2\/tags?post=2459"}],"curies":[{"name":"wp","href":"https:\/\/api.w.org\/{rel}","templated":true}]}}