{"id":2450,"date":"2022-11-12T22:35:38","date_gmt":"2022-11-13T03:35:38","guid":{"rendered":"https:\/\/bomberos.puyo.gob.ec\/capacitacion-el-dia-de-hoy-nuestro-personal-de-bomberos-dicto-una-capacitac\/"},"modified":"2022-12-29T16:31:49","modified_gmt":"2022-12-29T21:31:49","slug":"capacitacion-el-dia-de-hoy-nuestro-personal-de-bomberos-dicto-una-capacitac","status":"publish","type":"post","link":"https:\/\/bomberos.puyo.gob.ec\/2019\/capacitacion-el-dia-de-hoy-nuestro-personal-de-bomberos-dicto-una-capacitac\/","title":{"rendered":"|CAPACITACI\u00d3N|\n El d\u00eda de hoy nuestro personal de bomberos dicto una capacitac&#8230;"},"content":{"rendered":"<div><span><\/p>\n<p>|CAPACITACI\u00d3N|<\/p>\n<p> El d\u00eda de hoy nuestro personal de bomberos dicto una capacitaci\u00f3n sobre Primeros Auxilios B\u00e1sicos a los moradores del Barrio La Merced, con el objetivo de preparar a la ciudadan\u00eda ante eventos adversos.<\/p>\n<p><\/span><\/div>\n<p><a href=\"https:\/\/facebook.com\/story.php?story_fbid=pfbid031gH9KBpvfzZrYYjGNJoS7pgLRnetZ5ubptPFBp68nkySPNN64GbMUP3hBNdJNAtpl&amp;id=465093860312824&amp;eav=AfYIM496e_kGGJmySeg-eJL4_WATzMxz22m9KxXU2ykqq_IGF-f6V5-8xVQUpNvHBKo&amp;viewer=465093860312824&amp;m_entstream_source=timeline&amp;__tn__=%2As%2As-R&amp;paipv=1\" aria-label=\"Abrir historia\" class=\"_5msj\"><\/a><\/p>\n<p><a href=\"https:\/\/bomberos.puyo.gob.ec\/2019\/wp-content\/uploads\/CAPACITACION-El-dia-de-hoy-nuestro-personal-de-bomberos-dicto.jpg\"><img decoding=\"async\" class=\"wp_automatic_fb_img\" title=\"\" src=\"https:\/\/bomberos.puyo.gob.ec\/2019\/wp-content\/uploads\/CAPACITACION-El-dia-de-hoy-nuestro-personal-de-bomberos-dicto.jpg\" \/><\/a><br \/>\n<br \/><a href=\"https:\/\/www.facebook.com\/465093860312824\/posts\/2354267608062097\">en facebook&#8230; <\/a>  <\/p>\n","protected":false},"excerpt":{"rendered":"<div><span><\/p>\n<p>|CAPACITACI\u00d3N|<\/p>\n<p> El d\u00eda de hoy nuestro personal de bomberos dicto una capacitaci\u00f3n sobre Primeros Auxilios B\u00e1sicos a los moradores del Barrio La Merced, con el objetivo de preparar a la ciudadan\u00eda ante eventos adversos.<\/p>\n<p><\/span><\/div>\n<p><a href=\"https:\/\/facebook.com\/story.php?story_fbid=pfbid031gH9KBpvfzZrYYjGNJoS7pgLRnetZ5ubptPFBp68nkySPNN64GbMUP3hBNdJNAtpl&amp;id=465093860312824&amp;eav=AfYIM496e_kGGJmySeg-eJL4_WATzMxz22m9KxXU2ykqq_IGF-f6V5-8xVQUpNvHBKo&amp;viewer=465093860312824&amp;m_entstream_source=timeline&amp;__tn__=%2As%2As-R&amp;paipv=1\" aria-label=\"Abrir historia\" class=\"_5msj\"><\/a><\/p>\n<p><a href=\"https:\/\/scontent.fuio15-1.fna.fbcdn.net\/v\/t39.30808-6\/315554457_2354267568062101_8462355562045524003_n.jpg?stp=cp6_dst-jpg_s720x720&#038;_nc_cat=103&#038;ccb=1-7&#038;_nc_sid=8bfeb9&#038;_nc_ohc=rMmLCKNn-kkAX9J2KhO&#038;_nc_ht=scontent.fuio15-1.fna&#038;oh=00_AfDk3VQhfPysfnXFawTi1ky0yjJrcOjsUZGGueF9piWR1g&#038;oe=63B375F6\"><img decoding=\"async\" class=\"wp_automatic_fb_img\" title=\"\" src=\"https:\/\/scontent.fuio15-1.fna.fbcdn.net\/v\/t39.30808-6\/315554457_2354267568062101_8462355562045524003_n.jpg?stp=cp6_dst-jpg_s720x720&#038;_nc_cat=103&#038;ccb=1-7&#038;_nc_sid=8bfeb9&#038;_nc_ohc=rMmLCKNn-kkAX9J2KhO&#038;_nc_ht=scontent.fuio15-1.fna&#038;oh=00_AfDk3VQhfPysfnXFawTi1ky0yjJrcOjsUZGGueF9piWR1g&#038;oe=63B375F6\" \/><\/a><\/p>\n","protected":false},"author":1,"featured_media":2451,"comment_status":"open","ping_status":"open","sticky":false,"template":"","format":"standard","meta":[],"categories":[1],"tags":[73,870,65,24,869,202,743,34,119],"_links":{"self":[{"href":"https:\/\/bomberos.puyo.gob.ec\/2019\/wp-json\/wp\/v2\/posts\/2450"}],"collection":[{"href":"https:\/\/bomberos.puyo.gob.ec\/2019\/wp-json\/wp\/v2\/posts"}],"about":[{"href":"https:\/\/bomberos.puyo.gob.ec\/2019\/wp-json\/wp\/v2\/types\/post"}],"author":[{"embeddable":true,"href":"https:\/\/bomberos.puyo.gob.ec\/2019\/wp-json\/wp\/v2\/users\/1"}],"replies":[{"embeddable":true,"href":"https:\/\/bomberos.puyo.gob.ec\/2019\/wp-json\/wp\/v2\/comments?post=2450"}],"version-history":[{"count":1,"href":"https:\/\/bomberos.puyo.gob.ec\/2019\/wp-json\/wp\/v2\/posts\/2450\/revisions"}],"predecessor-version":[{"id":2452,"href":"https:\/\/bomberos.puyo.gob.ec\/2019\/wp-json\/wp\/v2\/posts\/2450\/revisions\/2452"}],"wp:featuredmedia":[{"embeddable":true,"href":"https:\/\/bomberos.puyo.gob.ec\/2019\/wp-json\/wp\/v2\/media\/2451"}],"wp:attachment":[{"href":"https:\/\/bomberos.puyo.gob.ec\/2019\/wp-json\/wp\/v2\/media?parent=2450"}],"wp:term":[{"taxonomy":"category","embeddable":true,"href":"https:\/\/bomberos.puyo.gob.ec\/2019\/wp-json\/wp\/v2\/categories?post=2450"},{"taxonomy":"post_tag","embeddable":true,"href":"https:\/\/bomberos.puyo.gob.ec\/2019\/wp-json\/wp\/v2\/tags?post=2450"}],"curies":[{"name":"wp","href":"https:\/\/api.w.org\/{rel}","templated":true}]}}