{"id":2438,"date":"2022-11-15T15:56:07","date_gmt":"2022-11-15T20:56:07","guid":{"rendered":"https:\/\/bomberos.puyo.gob.ec\/inundaciones-3\/"},"modified":"2022-12-29T16:28:42","modified_gmt":"2022-12-29T21:28:42","slug":"inundaciones-3","status":"publish","type":"post","link":"https:\/\/bomberos.puyo.gob.ec\/2019\/inundaciones-3\/","title":{"rendered":"|INUNDACIONES|&#8230;"},"content":{"rendered":"<p>|INUNDACIONES|<\/p>\n<p>Por llamado del ECU-911 la unidad B1, se dirigi\u00f3 a verificar una inundaci\u00f3n en las calles \u00c1lvaro Valladares y Puerto Baquerizo procucto de la fuerte lluvia de la noche anterior, una vez en el lugar se procede a realizar la succi\u00f3n de agua acumulada aproximadamente 40 metros c\u00fabicos bajo la vivienda de la Sra. S. S.<\/p>\n<p><a href=\"https:\/\/bomberos.puyo.gob.ec\/2019\/wp-content\/uploads\/1672349320_416_INUNDACIONES.jpg\"><img decoding=\"async\" class=\"wp_automatic_fb_img\" title=\"\" src=\"https:\/\/bomberos.puyo.gob.ec\/2019\/wp-content\/uploads\/1672349320_416_INUNDACIONES.jpg\" \/><\/a><br \/><a href=\"https:\/\/bomberos.puyo.gob.ec\/2019\/wp-content\/uploads\/1672349320_232_INUNDACIONES.jpg\"><img decoding=\"async\" class=\"wp_automatic_fb_img\" title=\"\" src=\"https:\/\/bomberos.puyo.gob.ec\/2019\/wp-content\/uploads\/1672349320_232_INUNDACIONES.jpg\" \/><\/a><br \/><a href=\"https:\/\/bomberos.puyo.gob.ec\/2019\/wp-content\/uploads\/1672349320_702_INUNDACIONES.jpg\"><img decoding=\"async\" class=\"wp_automatic_fb_img\" title=\"\" src=\"https:\/\/bomberos.puyo.gob.ec\/2019\/wp-content\/uploads\/1672349320_702_INUNDACIONES.jpg\" \/><\/a><br \/>\n<br \/><a href=\"https:\/\/www.facebook.com\/465093860312824\/posts\/2356727107816147\">en facebook&#8230; <\/a>  <\/p>\n","protected":false},"excerpt":{"rendered":"<p>|INUNDACIONES|<\/p>\n<p>Por llamado del ECU-911 la unidad B1, se dirigi\u00f3 a verificar una inundaci\u00f3n en las calles \u00c1lvaro Valladares y Puerto Baquerizo procucto de la fuerte lluvia de la noche anterior, una vez en el lugar se procede a realizar la succi\u00f3n de agua acumulada aproximadamente 40 metros c\u00fabicos bajo la vivienda de la Sra. S. S.<\/p>\n<p><a href=\"https:\/\/scontent.fuio15-1.fna.fbcdn.net\/v\/t39.30808-6\/315843158_2356650184490506_8936155882361657001_n.jpg?stp=cp6_dst-jpg&#038;_nc_cat=107&#038;ccb=1-7&#038;_nc_sid=8bfeb9&#038;_nc_ohc=dAJB3eVE3woAX-uFPP0&#038;_nc_ht=scontent.fuio15-1.fna&#038;oh=00_AfDlM4xyJF6Im5rgq3llBIUY8J0imvzcA4YeFQJDeY47uw&#038;oe=63B1FBDB\"><img decoding=\"async\" class=\"wp_automatic_fb_img\" title=\"\" src=\"https:\/\/scontent.fuio15-1.fna.fbcdn.net\/v\/t39.30808-6\/315843158_2356650184490506_8936155882361657001_n.jpg?stp=cp6_dst-jpg&#038;_nc_cat=107&#038;ccb=1-7&#038;_nc_sid=8bfeb9&#038;_nc_ohc=dAJB3eVE3woAX-uFPP0&#038;_nc_ht=scontent.fuio15-1.fna&#038;oh=00_AfDlM4xyJF6Im5rgq3llBIUY8J0imvzcA4YeFQJDeY47uw&#038;oe=63B1FBDB\" \/><\/a><br \/><a href=\"https:\/\/scontent.fuio15-1.fna.fbcdn.net\/v\/t39.30808-6\/315649535_2356650194490505_5627538527357955157_n.jpg?stp=cp6_dst-jpg&#038;_nc_cat=103&#038;ccb=1-7&#038;_nc_sid=8bfeb9&#038;_nc_ohc=n98Jk_RSzFcAX_8L8TO&#038;_nc_ht=scontent.fuio15-1.fna&#038;oh=00_AfBpy7tVvL65wo1lce1uCC0Fxe0hKfFqgrajvcmn_bjpVw&#038;oe=63B24459\"><img decoding=\"async\" class=\"wp_automatic_fb_img\" title=\"\" src=\"https:\/\/scontent.fuio15-1.fna.fbcdn.net\/v\/t39.30808-6\/315649535_2356650194490505_5627538527357955157_n.jpg?stp=cp6_dst-jpg&#038;_nc_cat=103&#038;ccb=1-7&#038;_nc_sid=8bfeb9&#038;_nc_ohc=n98Jk_RSzFcAX_8L8TO&#038;_nc_ht=scontent.fuio15-1.fna&#038;oh=00_AfBpy7tVvL65wo1lce1uCC0Fxe0hKfFqgrajvcmn_bjpVw&#038;oe=63B24459\" \/><\/a><br \/><a href=\"https:\/\/scontent.fuio15-1.fna.fbcdn.net\/v\/t39.30808-6\/315677809_2356650204490504_518976392266190887_n.jpg?stp=cp6_dst-jpg&#038;_nc_cat=107&#038;ccb=1-7&#038;_nc_sid=8bfeb9&#038;_nc_ohc=Qp6o3y8x6GEAX_NbgE2&#038;_nc_ht=scontent.fuio15-1.fna&#038;oh=00_AfAetPhAEShp4wvdBP4NVaC23Vk6SHK7XO2RV2kFdrQDrw&#038;oe=63B3A973\"><img decoding=\"async\" class=\"wp_automatic_fb_img\" title=\"\" src=\"https:\/\/scontent.fuio15-1.fna.fbcdn.net\/v\/t39.30808-6\/315677809_2356650204490504_518976392266190887_n.jpg?stp=cp6_dst-jpg&#038;_nc_cat=107&#038;ccb=1-7&#038;_nc_sid=8bfeb9&#038;_nc_ohc=Qp6o3y8x6GEAX_NbgE2&#038;_nc_ht=scontent.fuio15-1.fna&#038;oh=00_AfAetPhAEShp4wvdBP4NVaC23Vk6SHK7XO2RV2kFdrQDrw&#038;oe=63B3A973\" \/><\/a><\/p>\n","protected":false},"author":1,"featured_media":2439,"comment_status":"open","ping_status":"open","sticky":false,"template":"","format":"standard","meta":[],"categories":[1],"tags":[273],"_links":{"self":[{"href":"https:\/\/bomberos.puyo.gob.ec\/2019\/wp-json\/wp\/v2\/posts\/2438"}],"collection":[{"href":"https:\/\/bomberos.puyo.gob.ec\/2019\/wp-json\/wp\/v2\/posts"}],"about":[{"href":"https:\/\/bomberos.puyo.gob.ec\/2019\/wp-json\/wp\/v2\/types\/post"}],"author":[{"embeddable":true,"href":"https:\/\/bomberos.puyo.gob.ec\/2019\/wp-json\/wp\/v2\/users\/1"}],"replies":[{"embeddable":true,"href":"https:\/\/bomberos.puyo.gob.ec\/2019\/wp-json\/wp\/v2\/comments?post=2438"}],"version-history":[{"count":1,"href":"https:\/\/bomberos.puyo.gob.ec\/2019\/wp-json\/wp\/v2\/posts\/2438\/revisions"}],"predecessor-version":[{"id":2440,"href":"https:\/\/bomberos.puyo.gob.ec\/2019\/wp-json\/wp\/v2\/posts\/2438\/revisions\/2440"}],"wp:featuredmedia":[{"embeddable":true,"href":"https:\/\/bomberos.puyo.gob.ec\/2019\/wp-json\/wp\/v2\/media\/2439"}],"wp:attachment":[{"href":"https:\/\/bomberos.puyo.gob.ec\/2019\/wp-json\/wp\/v2\/media?parent=2438"}],"wp:term":[{"taxonomy":"category","embeddable":true,"href":"https:\/\/bomberos.puyo.gob.ec\/2019\/wp-json\/wp\/v2\/categories?post=2438"},{"taxonomy":"post_tag","embeddable":true,"href":"https:\/\/bomberos.puyo.gob.ec\/2019\/wp-json\/wp\/v2\/tags?post=2438"}],"curies":[{"name":"wp","href":"https:\/\/api.w.org\/{rel}","templated":true}]}}