{"id":2435,"date":"2022-11-16T12:03:18","date_gmt":"2022-11-16T17:03:18","guid":{"rendered":"https:\/\/bomberos.puyo.gob.ec\/emergencia-medica-la-unidad-a5-se-dirigio-al-barrio-cdla-del-chofer-en-el\/"},"modified":"2022-12-29T16:27:37","modified_gmt":"2022-12-29T21:27:37","slug":"emergencia-medica-la-unidad-a5-se-dirigio-al-barrio-cdla-del-chofer-en-el","status":"publish","type":"post","link":"https:\/\/bomberos.puyo.gob.ec\/2019\/emergencia-medica-la-unidad-a5-se-dirigio-al-barrio-cdla-del-chofer-en-el\/","title":{"rendered":"|EMERGENCIA M\u00c9DICA|\n La unidad A5 se dirigi\u00f3 al barrio Cdla. del Chofer, en el&#8230;"},"content":{"rendered":"<div><span><\/p>\n<p>|EMERGENCIA M\u00c9DICA|<\/p>\n<p> La unidad A5 se dirigi\u00f3 al barrio Cdla. del Chofer, en el lugar se atiende a una paciente de nombre: E. V. de 29 a\u00f1os de edad, misma que presenta un trauma cr\u00e1neo encef\u00e1lico leve debido a un accidente de tr\u00e1nsito (veh\u00edculo) fue atendida en el lugar dej\u00e1ndola estable y quedando a cargo de un familiar.<\/p>\n<p><\/span><\/div>\n<p><a href=\"https:\/\/facebook.com\/story.php?story_fbid=pfbid02aJteneHNkUb5r9tmxi2hfekSevdrDpAsN8RzMSBx7vQnXq45aPtizCVxUSTq2VCSl&amp;id=465093860312824&amp;eav=AfYCYbgQDf8sg9JxfoaSrJIy9oi2d1GrSPGMgaakg1BAdIAcrJnTb4td3hchBS9UHb0&amp;viewer=465093860312824&amp;m_entstream_source=timeline&amp;__tn__=%2As%2As-R&amp;paipv=1\" aria-label=\"Abrir historia\" class=\"_5msj\"><\/a><\/p>\n<p><a href=\"https:\/\/bomberos.puyo.gob.ec\/2019\/wp-content\/uploads\/EMERGENCIA-MEDICA-La-unidad-A5-se-dirigio-al-barrio-Cdla.jpg\"><img decoding=\"async\" class=\"wp_automatic_fb_img\" title=\"\" src=\"https:\/\/bomberos.puyo.gob.ec\/2019\/wp-content\/uploads\/EMERGENCIA-MEDICA-La-unidad-A5-se-dirigio-al-barrio-Cdla.jpg\" \/><\/a><br \/>\n<br \/><a href=\"https:\/\/www.facebook.com\/465093860312824\/posts\/2357511104404414\">en facebook&#8230; <\/a>  <\/p>\n","protected":false},"excerpt":{"rendered":"<div><span><\/p>\n<p>|EMERGENCIA M\u00c9DICA|<\/p>\n<p> La unidad A5 se dirigi\u00f3 al barrio Cdla. del Chofer, en el lugar se atiende a una paciente de nombre: E. V. de 29 a\u00f1os de edad, misma que presenta un trauma cr\u00e1neo encef\u00e1lico leve debido a un accidente de tr\u00e1nsito (veh\u00edculo) fue atendida en el lugar dej\u00e1ndola estable y quedando a cargo de un familiar.<\/p>\n<p><\/span><\/div>\n<p><a href=\"https:\/\/facebook.com\/story.php?story_fbid=pfbid02aJteneHNkUb5r9tmxi2hfekSevdrDpAsN8RzMSBx7vQnXq45aPtizCVxUSTq2VCSl&amp;id=465093860312824&amp;eav=AfYCYbgQDf8sg9JxfoaSrJIy9oi2d1GrSPGMgaakg1BAdIAcrJnTb4td3hchBS9UHb0&amp;viewer=465093860312824&amp;m_entstream_source=timeline&amp;__tn__=%2As%2As-R&amp;paipv=1\" aria-label=\"Abrir historia\" class=\"_5msj\"><\/a><\/p>\n<p><a href=\"https:\/\/scontent.fuio15-1.fna.fbcdn.net\/v\/t39.30808-6\/315904691_2357511074404417_5809902759662289413_n.jpg?stp=cp6_dst-jpg_s640x640&#038;_nc_cat=107&#038;ccb=1-7&#038;_nc_sid=8bfeb9&#038;_nc_ohc=T52z5sVeJT8AX9DkOxk&#038;_nc_ht=scontent.fuio15-1.fna&#038;oh=00_AfC2KW1xw4KYO5mmb7RmY6uY71taNAXb5DunvRZ97MxJ7g&#038;oe=63B392CB\"><img decoding=\"async\" class=\"wp_automatic_fb_img\" title=\"\" src=\"https:\/\/scontent.fuio15-1.fna.fbcdn.net\/v\/t39.30808-6\/315904691_2357511074404417_5809902759662289413_n.jpg?stp=cp6_dst-jpg_s640x640&#038;_nc_cat=107&#038;ccb=1-7&#038;_nc_sid=8bfeb9&#038;_nc_ohc=T52z5sVeJT8AX9DkOxk&#038;_nc_ht=scontent.fuio15-1.fna&#038;oh=00_AfC2KW1xw4KYO5mmb7RmY6uY71taNAXb5DunvRZ97MxJ7g&#038;oe=63B392CB\" \/><\/a><\/p>\n","protected":false},"author":1,"featured_media":2436,"comment_status":"open","ping_status":"open","sticky":false,"template":"","format":"standard","meta":[],"categories":[1],"tags":[408,862,863,32,722,371,182,251,41],"_links":{"self":[{"href":"https:\/\/bomberos.puyo.gob.ec\/2019\/wp-json\/wp\/v2\/posts\/2435"}],"collection":[{"href":"https:\/\/bomberos.puyo.gob.ec\/2019\/wp-json\/wp\/v2\/posts"}],"about":[{"href":"https:\/\/bomberos.puyo.gob.ec\/2019\/wp-json\/wp\/v2\/types\/post"}],"author":[{"embeddable":true,"href":"https:\/\/bomberos.puyo.gob.ec\/2019\/wp-json\/wp\/v2\/users\/1"}],"replies":[{"embeddable":true,"href":"https:\/\/bomberos.puyo.gob.ec\/2019\/wp-json\/wp\/v2\/comments?post=2435"}],"version-history":[{"count":1,"href":"https:\/\/bomberos.puyo.gob.ec\/2019\/wp-json\/wp\/v2\/posts\/2435\/revisions"}],"predecessor-version":[{"id":2437,"href":"https:\/\/bomberos.puyo.gob.ec\/2019\/wp-json\/wp\/v2\/posts\/2435\/revisions\/2437"}],"wp:featuredmedia":[{"embeddable":true,"href":"https:\/\/bomberos.puyo.gob.ec\/2019\/wp-json\/wp\/v2\/media\/2436"}],"wp:attachment":[{"href":"https:\/\/bomberos.puyo.gob.ec\/2019\/wp-json\/wp\/v2\/media?parent=2435"}],"wp:term":[{"taxonomy":"category","embeddable":true,"href":"https:\/\/bomberos.puyo.gob.ec\/2019\/wp-json\/wp\/v2\/categories?post=2435"},{"taxonomy":"post_tag","embeddable":true,"href":"https:\/\/bomberos.puyo.gob.ec\/2019\/wp-json\/wp\/v2\/tags?post=2435"}],"curies":[{"name":"wp","href":"https:\/\/api.w.org\/{rel}","templated":true}]}}