{"id":2432,"date":"2022-11-17T14:53:22","date_gmt":"2022-11-17T19:53:22","guid":{"rendered":"https:\/\/bomberos.puyo.gob.ec\/capacitacion-prevencion-cbmcp-se-realiza-la-capacitacion-segun-el-cronogram-2\/"},"modified":"2022-12-29T16:26:38","modified_gmt":"2022-12-29T21:26:38","slug":"capacitacion-prevencion-cbmcp-se-realiza-la-capacitacion-segun-el-cronogram-2","status":"publish","type":"post","link":"https:\/\/bomberos.puyo.gob.ec\/2019\/capacitacion-prevencion-cbmcp-se-realiza-la-capacitacion-segun-el-cronogram-2\/","title":{"rendered":"|CAPACITACI\u00d3N PREVENCI\u00d3N CBMCP|\n Se realiza la capacitaci\u00f3n seg\u00fan el cronogram&#8230;"},"content":{"rendered":"<div><span><\/p>\n<p>|CAPACITACI\u00d3N PREVENCI\u00d3N CBMCP|<\/p>\n<p> Se realiza la capacitaci\u00f3n seg\u00fan el cronograma de trabajo previo la autorizaci\u00f3n de Comandancia del CBMCP y del DISTRITO DE EDUCACI\u00d3N 16D01 PASTAZA.<\/p>\n<p> Tema: Pirotecnia Segura.<br \/> Capacitador: Bro. Castillo Hector.<br \/> Dirigida a los estudiantes de EBGU 2dos a 8vos, donde se trabaja con 100 alumnos.<\/p>\n<p><\/span><\/div>\n<p><a href=\"https:\/\/facebook.com\/story.php?story_fbid=pfbid0YYTFBmEwNdoDYw5i3ZwnWgyo4yrP1NK8gFpVds4SELAqYkM43q9AUKWCqPAxrb2Ml&amp;id=465093860312824&amp;eav=AfY3iPeSGj6JHUomzAdWuJyTVX1U_Wa7tbi6uftdDjbXs9tpdShbBNl_qHm37t8xvLw&amp;viewer=465093860312824&amp;m_entstream_source=timeline&amp;__tn__=%2As%2As-R&amp;paipv=1\" aria-label=\"Abrir historia\" class=\"_5msj\"><\/a><\/p>\n<p><a href=\"https:\/\/bomberos.puyo.gob.ec\/2019\/wp-content\/uploads\/1672349196_810_CAPACITACION-PREVENCION-CBMCP-Se-realiza-la-capacitacion-segun-el-cronogram.jpg\"><img decoding=\"async\" class=\"wp_automatic_fb_img\" title=\"\" src=\"https:\/\/bomberos.puyo.gob.ec\/2019\/wp-content\/uploads\/1672349196_810_CAPACITACION-PREVENCION-CBMCP-Se-realiza-la-capacitacion-segun-el-cronogram.jpg\" \/><\/a><br \/><a href=\"https:\/\/bomberos.puyo.gob.ec\/2019\/wp-content\/uploads\/1672349197_100_CAPACITACION-PREVENCION-CBMCP-Se-realiza-la-capacitacion-segun-el-cronogram.jpg\"><img decoding=\"async\" class=\"wp_automatic_fb_img\" title=\"\" src=\"https:\/\/bomberos.puyo.gob.ec\/2019\/wp-content\/uploads\/1672349197_100_CAPACITACION-PREVENCION-CBMCP-Se-realiza-la-capacitacion-segun-el-cronogram.jpg\" \/><\/a><br \/>\n<br \/><a href=\"https:\/\/www.facebook.com\/465093860312824\/posts\/2358575690964622\">en facebook&#8230; <\/a>  <\/p>\n","protected":false},"excerpt":{"rendered":"<div><span><\/p>\n<p>|CAPACITACI\u00d3N PREVENCI\u00d3N CBMCP|<\/p>\n<p> Se realiza la capacitaci\u00f3n seg\u00fan el cronograma de trabajo previo la autorizaci\u00f3n de Comandancia del CBMCP y del DISTRITO DE EDUCACI\u00d3N 16D01 PASTAZA.<\/p>\n<p> Tema: Pirotecnia Segura.<br \/> Capacitador: Bro. Castillo Hector.<br \/> Dirigida a los estudiantes de EBGU 2dos a 8vos, donde se trabaja con 100 alumnos.<\/p>\n<p><\/span><\/div>\n<p><a href=\"https:\/\/facebook.com\/story.php?story_fbid=pfbid0YYTFBmEwNdoDYw5i3ZwnWgyo4yrP1NK8gFpVds4SELAqYkM43q9AUKWCqPAxrb2Ml&amp;id=465093860312824&amp;eav=AfY3iPeSGj6JHUomzAdWuJyTVX1U_Wa7tbi6uftdDjbXs9tpdShbBNl_qHm37t8xvLw&amp;viewer=465093860312824&amp;m_entstream_source=timeline&amp;__tn__=%2As%2As-R&amp;paipv=1\" aria-label=\"Abrir historia\" class=\"_5msj\"><\/a><\/p>\n<p><a href=\"https:\/\/scontent.fuio15-1.fna.fbcdn.net\/v\/t39.30808-6\/316015836_2358575637631294_7720208663587279834_n.jpg?stp=cp6_dst-jpg&#038;_nc_cat=108&#038;ccb=1-7&#038;_nc_sid=8bfeb9&#038;_nc_ohc=Dbo6gteAmCEAX-VwUdF&#038;_nc_ht=scontent.fuio15-1.fna&#038;oh=00_AfBTAKlh3uxYC1godk51E3_8mHNCE1C4ymbURcHrLGnYww&#038;oe=63B3EF54\"><img decoding=\"async\" class=\"wp_automatic_fb_img\" title=\"\" src=\"https:\/\/scontent.fuio15-1.fna.fbcdn.net\/v\/t39.30808-6\/316015836_2358575637631294_7720208663587279834_n.jpg?stp=cp6_dst-jpg&#038;_nc_cat=108&#038;ccb=1-7&#038;_nc_sid=8bfeb9&#038;_nc_ohc=Dbo6gteAmCEAX-VwUdF&#038;_nc_ht=scontent.fuio15-1.fna&#038;oh=00_AfBTAKlh3uxYC1godk51E3_8mHNCE1C4ymbURcHrLGnYww&#038;oe=63B3EF54\" \/><\/a><br \/><a href=\"https:\/\/scontent.fuio15-1.fna.fbcdn.net\/v\/t39.30808-6\/316030354_2358575627631295_6110161639489036384_n.jpg?stp=cp6_dst-jpg&#038;_nc_cat=106&#038;ccb=1-7&#038;_nc_sid=8bfeb9&#038;_nc_ohc=6wIesQ5br_wAX95mXLU&#038;_nc_ht=scontent.fuio15-1.fna&#038;oh=00_AfDKCggVcy8izRz-F7h7AbzALzb8uLA6fcHemklOcK4Kpg&#038;oe=63B21847\"><img decoding=\"async\" class=\"wp_automatic_fb_img\" title=\"\" src=\"https:\/\/scontent.fuio15-1.fna.fbcdn.net\/v\/t39.30808-6\/316030354_2358575627631295_6110161639489036384_n.jpg?stp=cp6_dst-jpg&#038;_nc_cat=106&#038;ccb=1-7&#038;_nc_sid=8bfeb9&#038;_nc_ohc=6wIesQ5br_wAX95mXLU&#038;_nc_ht=scontent.fuio15-1.fna&#038;oh=00_AfDKCggVcy8izRz-F7h7AbzALzb8uLA6fcHemklOcK4Kpg&#038;oe=63B21847\" \/><\/a><\/p>\n","protected":false},"author":1,"featured_media":2433,"comment_status":"open","ping_status":"open","sticky":false,"template":"","format":"standard","meta":[],"categories":[1],"tags":[65,852,853,39,692,840],"_links":{"self":[{"href":"https:\/\/bomberos.puyo.gob.ec\/2019\/wp-json\/wp\/v2\/posts\/2432"}],"collection":[{"href":"https:\/\/bomberos.puyo.gob.ec\/2019\/wp-json\/wp\/v2\/posts"}],"about":[{"href":"https:\/\/bomberos.puyo.gob.ec\/2019\/wp-json\/wp\/v2\/types\/post"}],"author":[{"embeddable":true,"href":"https:\/\/bomberos.puyo.gob.ec\/2019\/wp-json\/wp\/v2\/users\/1"}],"replies":[{"embeddable":true,"href":"https:\/\/bomberos.puyo.gob.ec\/2019\/wp-json\/wp\/v2\/comments?post=2432"}],"version-history":[{"count":1,"href":"https:\/\/bomberos.puyo.gob.ec\/2019\/wp-json\/wp\/v2\/posts\/2432\/revisions"}],"predecessor-version":[{"id":2434,"href":"https:\/\/bomberos.puyo.gob.ec\/2019\/wp-json\/wp\/v2\/posts\/2432\/revisions\/2434"}],"wp:featuredmedia":[{"embeddable":true,"href":"https:\/\/bomberos.puyo.gob.ec\/2019\/wp-json\/wp\/v2\/media\/2433"}],"wp:attachment":[{"href":"https:\/\/bomberos.puyo.gob.ec\/2019\/wp-json\/wp\/v2\/media?parent=2432"}],"wp:term":[{"taxonomy":"category","embeddable":true,"href":"https:\/\/bomberos.puyo.gob.ec\/2019\/wp-json\/wp\/v2\/categories?post=2432"},{"taxonomy":"post_tag","embeddable":true,"href":"https:\/\/bomberos.puyo.gob.ec\/2019\/wp-json\/wp\/v2\/tags?post=2432"}],"curies":[{"name":"wp","href":"https:\/\/api.w.org\/{rel}","templated":true}]}}