{"id":2429,"date":"2022-11-18T12:22:51","date_gmt":"2022-11-18T17:22:51","guid":{"rendered":"https:\/\/bomberos.puyo.gob.ec\/capacitacion-tema-uso-y-manejo-de-extintores-rescate-y-primeros-auxilios\/"},"modified":"2022-12-29T16:26:24","modified_gmt":"2022-12-29T21:26:24","slug":"capacitacion-tema-uso-y-manejo-de-extintores-rescate-y-primeros-auxilios","status":"publish","type":"post","link":"https:\/\/bomberos.puyo.gob.ec\/2019\/capacitacion-tema-uso-y-manejo-de-extintores-rescate-y-primeros-auxilios\/","title":{"rendered":"|CAPACITACI\u00d3N|\n Tema: Uso y manejo de extintores, rescate y primeros auxilios&#8230;."},"content":{"rendered":"<p>|CAPACITACI\u00d3N|<br \/>\n Tema: Uso y manejo de extintores, rescate y primeros auxilios.<br \/>\n \ud83d\ude91  Nuestro personal realiza una capacitaci\u00f3n al personal del Consejo Nacional Electoral dando a conocer las \u00f1 t\u00e9cnicas, maniobras actualizadas en emergencias, siendo todo un \u00e9xito.<\/p>\n<p><a href=\"https:\/\/facebook.com\/story.php?story_fbid=pfbid02rsq8egZDdjJxx6EoAPiAWsATy6psioMhkN57gTAczD7zVZjWQRw6hcaE1qXnyxZol&amp;id=465093860312824&amp;eav=AfZ63Xw7QZjySm5dOaJKAg4DiF9B71gpgR1KUZGp6N_S0t4_i2f_9ZyO01JKexHMXEM&amp;viewer=465093860312824&amp;m_entstream_source=timeline&amp;__tn__=%2As%2As-R&amp;paipv=1\" aria-label=\"Abrir historia\" class=\"_5msj\"><\/a><\/p>\n<p><a href=\"https:\/\/bomberos.puyo.gob.ec\/2019\/wp-content\/uploads\/CAPACITACION-Tema-Uso-y-manejo-de-extintores-rescate-y-primeros.jpg\"><img decoding=\"async\" class=\"wp_automatic_fb_img\" title=\"\" src=\"https:\/\/bomberos.puyo.gob.ec\/2019\/wp-content\/uploads\/CAPACITACION-Tema-Uso-y-manejo-de-extintores-rescate-y-primeros.jpg\" \/><\/a><br \/><a href=\"https:\/\/bomberos.puyo.gob.ec\/2019\/wp-content\/uploads\/1672349183_563_CAPACITACION-Tema-Uso-y-manejo-de-extintores-rescate-y-primeros.jpg\"><img decoding=\"async\" class=\"wp_automatic_fb_img\" title=\"\" src=\"https:\/\/bomberos.puyo.gob.ec\/2019\/wp-content\/uploads\/1672349183_563_CAPACITACION-Tema-Uso-y-manejo-de-extintores-rescate-y-primeros.jpg\" \/><\/a><br \/>\n<br \/><a href=\"https:\/\/www.facebook.com\/465093860312824\/posts\/2359394937549364\">en facebook&#8230; <\/a>  <\/p>\n","protected":false},"excerpt":{"rendered":"<p>|CAPACITACI\u00d3N|<br \/>\n Tema: Uso y manejo de extintores, rescate y primeros auxilios.<br \/>\n \ud83d\ude91  Nuestro personal realiza una capacitaci\u00f3n al personal del Consejo Nacional Electoral dando a conocer las \u00f1 t\u00e9cnicas, maniobras actualizadas en emergencias, siendo todo un \u00e9xito.<\/p>\n<p><a href=\"https:\/\/facebook.com\/story.php?story_fbid=pfbid02rsq8egZDdjJxx6EoAPiAWsATy6psioMhkN57gTAczD7zVZjWQRw6hcaE1qXnyxZol&amp;id=465093860312824&amp;eav=AfZ63Xw7QZjySm5dOaJKAg4DiF9B71gpgR1KUZGp6N_S0t4_i2f_9ZyO01JKexHMXEM&amp;viewer=465093860312824&amp;m_entstream_source=timeline&amp;__tn__=%2As%2As-R&amp;paipv=1\" aria-label=\"Abrir historia\" class=\"_5msj\"><\/a><\/p>\n<p><a href=\"https:\/\/scontent.fuio15-1.fna.fbcdn.net\/v\/t39.30808-6\/315988659_2359394880882703_4597494284472602085_n.jpg?stp=cp6_dst-jpg&#038;_nc_cat=108&#038;ccb=1-7&#038;_nc_sid=8bfeb9&#038;_nc_ohc=jJyXVwa2jsQAX9ie7Kl&#038;_nc_ht=scontent.fuio15-1.fna&#038;oh=00_AfCP4GFDnqN_HZp3wMrZ4WfviP6a6eT6JctSszZKF4h0Zg&#038;oe=63B350C3\"><img decoding=\"async\" class=\"wp_automatic_fb_img\" title=\"\" src=\"https:\/\/scontent.fuio15-1.fna.fbcdn.net\/v\/t39.30808-6\/315988659_2359394880882703_4597494284472602085_n.jpg?stp=cp6_dst-jpg&#038;_nc_cat=108&#038;ccb=1-7&#038;_nc_sid=8bfeb9&#038;_nc_ohc=jJyXVwa2jsQAX9ie7Kl&#038;_nc_ht=scontent.fuio15-1.fna&#038;oh=00_AfCP4GFDnqN_HZp3wMrZ4WfviP6a6eT6JctSszZKF4h0Zg&#038;oe=63B350C3\" \/><\/a><br \/><a href=\"https:\/\/scontent.fuio15-1.fna.fbcdn.net\/v\/t39.30808-6\/316102626_2359394890882702_1233884352391441013_n.jpg?stp=cp6_dst-jpg&#038;_nc_cat=107&#038;ccb=1-7&#038;_nc_sid=8bfeb9&#038;_nc_ohc=5ZPwODl3d8MAX8aXSlA&#038;_nc_ht=scontent.fuio15-1.fna&#038;oh=00_AfCheso1VwIVE9vBXiT-Q0iVZlp2-IIIy2n7PD3lYVj7xA&#038;oe=63B2C06C\"><img decoding=\"async\" class=\"wp_automatic_fb_img\" title=\"\" src=\"https:\/\/scontent.fuio15-1.fna.fbcdn.net\/v\/t39.30808-6\/316102626_2359394890882702_1233884352391441013_n.jpg?stp=cp6_dst-jpg&#038;_nc_cat=107&#038;ccb=1-7&#038;_nc_sid=8bfeb9&#038;_nc_ohc=5ZPwODl3d8MAX8aXSlA&#038;_nc_ht=scontent.fuio15-1.fna&#038;oh=00_AfCheso1VwIVE9vBXiT-Q0iVZlp2-IIIy2n7PD3lYVj7xA&#038;oe=63B2C06C\" \/><\/a><\/p>\n","protected":false},"author":1,"featured_media":2430,"comment_status":"open","ping_status":"open","sticky":false,"template":"","format":"standard","meta":[],"categories":[1],"tags":[376,65,861,406,375,183,747,860],"_links":{"self":[{"href":"https:\/\/bomberos.puyo.gob.ec\/2019\/wp-json\/wp\/v2\/posts\/2429"}],"collection":[{"href":"https:\/\/bomberos.puyo.gob.ec\/2019\/wp-json\/wp\/v2\/posts"}],"about":[{"href":"https:\/\/bomberos.puyo.gob.ec\/2019\/wp-json\/wp\/v2\/types\/post"}],"author":[{"embeddable":true,"href":"https:\/\/bomberos.puyo.gob.ec\/2019\/wp-json\/wp\/v2\/users\/1"}],"replies":[{"embeddable":true,"href":"https:\/\/bomberos.puyo.gob.ec\/2019\/wp-json\/wp\/v2\/comments?post=2429"}],"version-history":[{"count":1,"href":"https:\/\/bomberos.puyo.gob.ec\/2019\/wp-json\/wp\/v2\/posts\/2429\/revisions"}],"predecessor-version":[{"id":2431,"href":"https:\/\/bomberos.puyo.gob.ec\/2019\/wp-json\/wp\/v2\/posts\/2429\/revisions\/2431"}],"wp:featuredmedia":[{"embeddable":true,"href":"https:\/\/bomberos.puyo.gob.ec\/2019\/wp-json\/wp\/v2\/media\/2430"}],"wp:attachment":[{"href":"https:\/\/bomberos.puyo.gob.ec\/2019\/wp-json\/wp\/v2\/media?parent=2429"}],"wp:term":[{"taxonomy":"category","embeddable":true,"href":"https:\/\/bomberos.puyo.gob.ec\/2019\/wp-json\/wp\/v2\/categories?post=2429"},{"taxonomy":"post_tag","embeddable":true,"href":"https:\/\/bomberos.puyo.gob.ec\/2019\/wp-json\/wp\/v2\/tags?post=2429"}],"curies":[{"name":"wp","href":"https:\/\/api.w.org\/{rel}","templated":true}]}}