{"id":2426,"date":"2022-11-18T21:01:36","date_gmt":"2022-11-19T02:01:36","guid":{"rendered":"https:\/\/bomberos.puyo.gob.ec\/capacitacion-se-realiza-la-capacitacion-segun-el-cronograma-de-trabajo-en-c\/"},"modified":"2022-12-29T16:24:18","modified_gmt":"2022-12-29T21:24:18","slug":"capacitacion-se-realiza-la-capacitacion-segun-el-cronograma-de-trabajo-en-c","status":"publish","type":"post","link":"https:\/\/bomberos.puyo.gob.ec\/2019\/capacitacion-se-realiza-la-capacitacion-segun-el-cronograma-de-trabajo-en-c\/","title":{"rendered":"|CAPACITACI\u00d3N|\n Se realiza la capacitaci\u00f3n seg\u00fan el cronograma de trabajo en c&#8230;"},"content":{"rendered":"<div><span><\/p>\n<p>|CAPACITACI\u00d3N|<\/p>\n<p> Se realiza la capacitaci\u00f3n seg\u00fan el cronograma de trabajo en coordinaci\u00f3n con el Distrito de Educaci\u00f3n 16D01 Pastaza.<\/p>\n<p> Tema: Pirotecnia Segura.<br \/> Capacitador: Bro. Castillo Hector.<br \/> Dirigida a los estudiantes de EBGU 2dos a 8vos, donde se trabaja con 60 alumnos.<\/p>\n<p><\/span><\/div>\n<p><a href=\"https:\/\/facebook.com\/story.php?story_fbid=pfbid09j3aMqN1PWcdkLMfZCg6tkQ3imfZSQ1LbxkBRSbw4GApsTadNkpK93oZ2v75p612l&amp;id=465093860312824&amp;eav=AfYxMQcWJARwPhtSoFzRlNf1tDJU87s46FF2aTYZfgoqS0ObL-VoyC8hWdQQFxvL6EQ&amp;viewer=465093860312824&amp;m_entstream_source=timeline&amp;__tn__=%2As%2As-R&amp;paipv=1\" aria-label=\"Abrir historia\" class=\"_5msj\"><\/a><\/p>\n<p><a href=\"https:\/\/bomberos.puyo.gob.ec\/2019\/wp-content\/uploads\/CAPACITACION-Se-realiza-la-capacitacion-segun-el-cronograma-de-trabajo.jpg\"><img decoding=\"async\" class=\"wp_automatic_fb_img\" title=\"\" src=\"https:\/\/bomberos.puyo.gob.ec\/2019\/wp-content\/uploads\/CAPACITACION-Se-realiza-la-capacitacion-segun-el-cronograma-de-trabajo.jpg\" \/><\/a><br \/><a href=\"https:\/\/bomberos.puyo.gob.ec\/2019\/wp-content\/uploads\/1672349057_784_CAPACITACION-Se-realiza-la-capacitacion-segun-el-cronograma-de-trabajo.jpg\"><img decoding=\"async\" class=\"wp_automatic_fb_img\" title=\"\" src=\"https:\/\/bomberos.puyo.gob.ec\/2019\/wp-content\/uploads\/1672349057_784_CAPACITACION-Se-realiza-la-capacitacion-segun-el-cronograma-de-trabajo.jpg\" \/><\/a><br \/>\n<br \/><a href=\"https:\/\/www.facebook.com\/465093860312824\/posts\/2359681827520675\">en facebook&#8230; <\/a>  <\/p>\n","protected":false},"excerpt":{"rendered":"<div><span><\/p>\n<p>|CAPACITACI\u00d3N|<\/p>\n<p> Se realiza la capacitaci\u00f3n seg\u00fan el cronograma de trabajo en coordinaci\u00f3n con el Distrito de Educaci\u00f3n 16D01 Pastaza.<\/p>\n<p> Tema: Pirotecnia Segura.<br \/> Capacitador: Bro. Castillo Hector.<br \/> Dirigida a los estudiantes de EBGU 2dos a 8vos, donde se trabaja con 60 alumnos.<\/p>\n<p><\/span><\/div>\n<p><a href=\"https:\/\/facebook.com\/story.php?story_fbid=pfbid09j3aMqN1PWcdkLMfZCg6tkQ3imfZSQ1LbxkBRSbw4GApsTadNkpK93oZ2v75p612l&amp;id=465093860312824&amp;eav=AfYxMQcWJARwPhtSoFzRlNf1tDJU87s46FF2aTYZfgoqS0ObL-VoyC8hWdQQFxvL6EQ&amp;viewer=465093860312824&amp;m_entstream_source=timeline&amp;__tn__=%2As%2As-R&amp;paipv=1\" aria-label=\"Abrir historia\" class=\"_5msj\"><\/a><\/p>\n<p><a href=\"https:\/\/scontent.fuio15-1.fna.fbcdn.net\/v\/t39.30808-6\/316311762_2359681757520682_1877148954729751998_n.jpg?stp=cp6_dst-jpg&#038;_nc_cat=109&#038;ccb=1-7&#038;_nc_sid=8bfeb9&#038;_nc_ohc=PKwCzfUBO34AX9A13sZ&#038;_nc_ht=scontent.fuio15-1.fna&#038;oh=00_AfCm2r0VtRmE1mpXURqyGoVQVoUhHgVbb7_gDAbNRBbkDQ&#038;oe=63B2EE66\"><img decoding=\"async\" class=\"wp_automatic_fb_img\" title=\"\" src=\"https:\/\/scontent.fuio15-1.fna.fbcdn.net\/v\/t39.30808-6\/316311762_2359681757520682_1877148954729751998_n.jpg?stp=cp6_dst-jpg&#038;_nc_cat=109&#038;ccb=1-7&#038;_nc_sid=8bfeb9&#038;_nc_ohc=PKwCzfUBO34AX9A13sZ&#038;_nc_ht=scontent.fuio15-1.fna&#038;oh=00_AfCm2r0VtRmE1mpXURqyGoVQVoUhHgVbb7_gDAbNRBbkDQ&#038;oe=63B2EE66\" \/><\/a><br \/><a href=\"https:\/\/scontent.fuio15-1.fna.fbcdn.net\/v\/t39.30808-6\/316130727_2359681767520681_9182188891657694573_n.jpg?stp=cp6_dst-jpg&#038;_nc_cat=106&#038;ccb=1-7&#038;_nc_sid=8bfeb9&#038;_nc_ohc=5AGqrobKPtIAX_0b_dg&#038;_nc_ht=scontent.fuio15-1.fna&#038;oh=00_AfBjCmUGtjBzz85DA8xk6q7VNo6dkcFxNoFqDGgzfOp73g&#038;oe=63B28C5D\"><img decoding=\"async\" class=\"wp_automatic_fb_img\" title=\"\" src=\"https:\/\/scontent.fuio15-1.fna.fbcdn.net\/v\/t39.30808-6\/316130727_2359681767520681_9182188891657694573_n.jpg?stp=cp6_dst-jpg&#038;_nc_cat=106&#038;ccb=1-7&#038;_nc_sid=8bfeb9&#038;_nc_ohc=5AGqrobKPtIAX_0b_dg&#038;_nc_ht=scontent.fuio15-1.fna&#038;oh=00_AfBjCmUGtjBzz85DA8xk6q7VNo6dkcFxNoFqDGgzfOp73g&#038;oe=63B28C5D\" \/><\/a><\/p>\n","protected":false},"author":1,"featured_media":2427,"comment_status":"open","ping_status":"open","sticky":false,"template":"","format":"standard","meta":[],"categories":[1],"tags":[832,65,841,692,840,80],"_links":{"self":[{"href":"https:\/\/bomberos.puyo.gob.ec\/2019\/wp-json\/wp\/v2\/posts\/2426"}],"collection":[{"href":"https:\/\/bomberos.puyo.gob.ec\/2019\/wp-json\/wp\/v2\/posts"}],"about":[{"href":"https:\/\/bomberos.puyo.gob.ec\/2019\/wp-json\/wp\/v2\/types\/post"}],"author":[{"embeddable":true,"href":"https:\/\/bomberos.puyo.gob.ec\/2019\/wp-json\/wp\/v2\/users\/1"}],"replies":[{"embeddable":true,"href":"https:\/\/bomberos.puyo.gob.ec\/2019\/wp-json\/wp\/v2\/comments?post=2426"}],"version-history":[{"count":1,"href":"https:\/\/bomberos.puyo.gob.ec\/2019\/wp-json\/wp\/v2\/posts\/2426\/revisions"}],"predecessor-version":[{"id":2428,"href":"https:\/\/bomberos.puyo.gob.ec\/2019\/wp-json\/wp\/v2\/posts\/2426\/revisions\/2428"}],"wp:featuredmedia":[{"embeddable":true,"href":"https:\/\/bomberos.puyo.gob.ec\/2019\/wp-json\/wp\/v2\/media\/2427"}],"wp:attachment":[{"href":"https:\/\/bomberos.puyo.gob.ec\/2019\/wp-json\/wp\/v2\/media?parent=2426"}],"wp:term":[{"taxonomy":"category","embeddable":true,"href":"https:\/\/bomberos.puyo.gob.ec\/2019\/wp-json\/wp\/v2\/categories?post=2426"},{"taxonomy":"post_tag","embeddable":true,"href":"https:\/\/bomberos.puyo.gob.ec\/2019\/wp-json\/wp\/v2\/tags?post=2426"}],"curies":[{"name":"wp","href":"https:\/\/api.w.org\/{rel}","templated":true}]}}