{"id":2423,"date":"2022-11-19T07:17:25","date_gmt":"2022-11-19T12:17:25","guid":{"rendered":"https:\/\/bomberos.puyo.gob.ec\/capacitacion-7\/"},"modified":"2022-12-29T16:21:00","modified_gmt":"2022-12-29T21:21:00","slug":"capacitacion-7","status":"publish","type":"post","link":"https:\/\/bomberos.puyo.gob.ec\/2019\/capacitacion-7\/","title":{"rendered":"|CAPACITACI\u00d3N|&#8230;"},"content":{"rendered":"<p>|CAPACITACI\u00d3N|<\/p>\n<p>Se realiza una capacitaci\u00f3n seg\u00fan el cronograma de trabajo del CB-MCP en coordinaci\u00f3n con el GAD Parroquial de Tarqui, donde se imparten los temas de primeros auxilios y prevenci\u00f3n de incendios en las distintas comunidades.<br \/>\nLos beneficiarios de este fueron cerca de 50 personas, con el objetivo que se preparen para prevenir, atender y dar el soporte vital en una emergencia hasta la llegada de los organismos de primera respuesta culminando con una excelente participaci\u00f3n de todos los presentes. <\/p>\n<p>Abnegaci\u00f3n y disciplina.<\/p>\n<p><a href=\"https:\/\/bomberos.puyo.gob.ec\/2019\/wp-content\/uploads\/1672348857_197_CAPACITACION.jpg\"><img decoding=\"async\" class=\"wp_automatic_fb_img\" title=\"\" src=\"https:\/\/bomberos.puyo.gob.ec\/2019\/wp-content\/uploads\/1672348857_197_CAPACITACION.jpg\" \/><\/a><br \/><a href=\"https:\/\/bomberos.puyo.gob.ec\/2019\/wp-content\/uploads\/1672348858_137_CAPACITACION.jpg\"><img decoding=\"async\" class=\"wp_automatic_fb_img\" title=\"\" src=\"https:\/\/bomberos.puyo.gob.ec\/2019\/wp-content\/uploads\/1672348858_137_CAPACITACION.jpg\" \/><\/a><br \/><a href=\"https:\/\/bomberos.puyo.gob.ec\/2019\/wp-content\/uploads\/1672348858_241_CAPACITACION.jpg\"><img decoding=\"async\" class=\"wp_automatic_fb_img\" title=\"\" src=\"https:\/\/bomberos.puyo.gob.ec\/2019\/wp-content\/uploads\/1672348858_241_CAPACITACION.jpg\" \/><\/a><br \/><a href=\"https:\/\/bomberos.puyo.gob.ec\/2019\/wp-content\/uploads\/1672348859_658_CAPACITACION.jpg\"><img decoding=\"async\" class=\"wp_automatic_fb_img\" title=\"\" src=\"https:\/\/bomberos.puyo.gob.ec\/2019\/wp-content\/uploads\/1672348859_658_CAPACITACION.jpg\" \/><\/a><br \/>\n<br \/><a href=\"https:\/\/www.facebook.com\/465093860312824\/posts\/2360027047486153\">en facebook&#8230; <\/a>  <\/p>\n","protected":false},"excerpt":{"rendered":"<p>|CAPACITACI\u00d3N|<\/p>\n<p>Se realiza una capacitaci\u00f3n seg\u00fan el cronograma de trabajo del CB-MCP en coordinaci\u00f3n con el GAD Parroquial de Tarqui, donde se imparten los temas de primeros auxilios y prevenci\u00f3n de incendios en las distintas comunidades.<br \/>\nLos beneficiarios de este fueron cerca de 50 personas, con el objetivo que se preparen para prevenir, atender y dar el soporte vital en una emergencia hasta la llegada de los organismos de primera respuesta culminando con una excelente participaci\u00f3n de todos los presentes. <\/p>\n<p>Abnegaci\u00f3n y disciplina.<\/p>\n<p><a href=\"https:\/\/scontent.fuio15-1.fna.fbcdn.net\/v\/t39.30808-6\/316118422_2359786650843526_4127146476183864162_n.jpg?stp=cp6_dst-jpg&#038;_nc_cat=108&#038;ccb=1-7&#038;_nc_sid=8bfeb9&#038;_nc_ohc=nO9I8tIkAf0AX8d_oEV&#038;_nc_ht=scontent.fuio15-1.fna&#038;oh=00_AfBAA3gxySRSZQSBvTN-r-jnTRdCZMQQ03mEE1jB_Pr4Qw&#038;oe=63B25DB4\"><img decoding=\"async\" class=\"wp_automatic_fb_img\" title=\"\" src=\"https:\/\/scontent.fuio15-1.fna.fbcdn.net\/v\/t39.30808-6\/316118422_2359786650843526_4127146476183864162_n.jpg?stp=cp6_dst-jpg&#038;_nc_cat=108&#038;ccb=1-7&#038;_nc_sid=8bfeb9&#038;_nc_ohc=nO9I8tIkAf0AX8d_oEV&#038;_nc_ht=scontent.fuio15-1.fna&#038;oh=00_AfBAA3gxySRSZQSBvTN-r-jnTRdCZMQQ03mEE1jB_Pr4Qw&#038;oe=63B25DB4\" \/><\/a><br \/><a href=\"https:\/\/scontent.fuio15-1.fna.fbcdn.net\/v\/t39.30808-6\/316197434_2359786670843524_8563481229245344572_n.jpg?stp=cp6_dst-jpg&#038;_nc_cat=100&#038;ccb=1-7&#038;_nc_sid=8bfeb9&#038;_nc_ohc=4vJi-0LCs68AX8JOIeo&#038;_nc_ht=scontent.fuio15-1.fna&#038;oh=00_AfCXrPbNFpkJ-e1V2YhQdzFvf9EvOFPWDXLHT_YLIVB9_g&#038;oe=63B3468F\"><img decoding=\"async\" class=\"wp_automatic_fb_img\" title=\"\" src=\"https:\/\/scontent.fuio15-1.fna.fbcdn.net\/v\/t39.30808-6\/316197434_2359786670843524_8563481229245344572_n.jpg?stp=cp6_dst-jpg&#038;_nc_cat=100&#038;ccb=1-7&#038;_nc_sid=8bfeb9&#038;_nc_ohc=4vJi-0LCs68AX8JOIeo&#038;_nc_ht=scontent.fuio15-1.fna&#038;oh=00_AfCXrPbNFpkJ-e1V2YhQdzFvf9EvOFPWDXLHT_YLIVB9_g&#038;oe=63B3468F\" \/><\/a><br \/><a href=\"https:\/\/scontent.fuio15-1.fna.fbcdn.net\/v\/t39.30808-6\/316169197_2359786674176857_3229535145339704796_n.jpg?stp=cp6_dst-jpg&#038;_nc_cat=103&#038;ccb=1-7&#038;_nc_sid=8bfeb9&#038;_nc_ohc=31QxsAGO90QAX8FuyGR&#038;_nc_ht=scontent.fuio15-1.fna&#038;oh=00_AfCQxQ5DpXK3pVB6UEB_DOecaR1T8_LoBb3wBDiBFZL-EA&#038;oe=63B33C4A\"><img decoding=\"async\" class=\"wp_automatic_fb_img\" title=\"\" src=\"https:\/\/scontent.fuio15-1.fna.fbcdn.net\/v\/t39.30808-6\/316169197_2359786674176857_3229535145339704796_n.jpg?stp=cp6_dst-jpg&#038;_nc_cat=103&#038;ccb=1-7&#038;_nc_sid=8bfeb9&#038;_nc_ohc=31QxsAGO90QAX8FuyGR&#038;_nc_ht=scontent.fuio15-1.fna&#038;oh=00_AfCQxQ5DpXK3pVB6UEB_DOecaR1T8_LoBb3wBDiBFZL-EA&#038;oe=63B33C4A\" \/><\/a><br \/><a href=\"https:\/\/scontent.fuio15-1.fna.fbcdn.net\/v\/t39.30808-6\/316411519_2359786654176859_871418777582870003_n.jpg?stp=cp6_dst-jpg&#038;_nc_cat=106&#038;ccb=1-7&#038;_nc_sid=8bfeb9&#038;_nc_ohc=po3CDUW4kckAX8Bg_d2&#038;_nc_ht=scontent.fuio15-1.fna&#038;oh=00_AfAUMdi0QgbzqaSh106oFtEWhugPSLyoCYC_tOVCVjUhpw&#038;oe=63B257F0\"><img decoding=\"async\" class=\"wp_automatic_fb_img\" title=\"\" src=\"https:\/\/scontent.fuio15-1.fna.fbcdn.net\/v\/t39.30808-6\/316411519_2359786654176859_871418777582870003_n.jpg?stp=cp6_dst-jpg&#038;_nc_cat=106&#038;ccb=1-7&#038;_nc_sid=8bfeb9&#038;_nc_ohc=po3CDUW4kckAX8Bg_d2&#038;_nc_ht=scontent.fuio15-1.fna&#038;oh=00_AfAUMdi0QgbzqaSh106oFtEWhugPSLyoCYC_tOVCVjUhpw&#038;oe=63B257F0\" \/><\/a><\/p>\n","protected":false},"author":1,"featured_media":2424,"comment_status":"open","ping_status":"open","sticky":false,"template":"","format":"standard","meta":[],"categories":[1],"tags":[65],"_links":{"self":[{"href":"https:\/\/bomberos.puyo.gob.ec\/2019\/wp-json\/wp\/v2\/posts\/2423"}],"collection":[{"href":"https:\/\/bomberos.puyo.gob.ec\/2019\/wp-json\/wp\/v2\/posts"}],"about":[{"href":"https:\/\/bomberos.puyo.gob.ec\/2019\/wp-json\/wp\/v2\/types\/post"}],"author":[{"embeddable":true,"href":"https:\/\/bomberos.puyo.gob.ec\/2019\/wp-json\/wp\/v2\/users\/1"}],"replies":[{"embeddable":true,"href":"https:\/\/bomberos.puyo.gob.ec\/2019\/wp-json\/wp\/v2\/comments?post=2423"}],"version-history":[{"count":1,"href":"https:\/\/bomberos.puyo.gob.ec\/2019\/wp-json\/wp\/v2\/posts\/2423\/revisions"}],"predecessor-version":[{"id":2425,"href":"https:\/\/bomberos.puyo.gob.ec\/2019\/wp-json\/wp\/v2\/posts\/2423\/revisions\/2425"}],"wp:featuredmedia":[{"embeddable":true,"href":"https:\/\/bomberos.puyo.gob.ec\/2019\/wp-json\/wp\/v2\/media\/2424"}],"wp:attachment":[{"href":"https:\/\/bomberos.puyo.gob.ec\/2019\/wp-json\/wp\/v2\/media?parent=2423"}],"wp:term":[{"taxonomy":"category","embeddable":true,"href":"https:\/\/bomberos.puyo.gob.ec\/2019\/wp-json\/wp\/v2\/categories?post=2423"},{"taxonomy":"post_tag","embeddable":true,"href":"https:\/\/bomberos.puyo.gob.ec\/2019\/wp-json\/wp\/v2\/tags?post=2423"}],"curies":[{"name":"wp","href":"https:\/\/api.w.org\/{rel}","templated":true}]}}